{"id":343239,"date":"2026-09-03T19:44:26","date_gmt":"2026-09-03T19:44:26","guid":{"rendered":"https:\/\/www.europesays.com\/no\/343239\/"},"modified":"2026-09-03T19:44:26","modified_gmt":"2026-09-03T19:44:26","slug":"feministikonet-gloria-steinem-er-dod-2","status":"publish","type":"post","link":"https:\/\/www.europesays.com\/no\/343239\/","title":{"rendered":"Feministikonet Gloria Steinem er d\u00f8d"},"content":{"rendered":"<p class=\"extendedContent hyperion-css-p6op2h\" data-test-tag=\"lead-text\">Den amerikanske journalisten, forfatteren og politiske aktivisten Gloria Steinem er d\u00f8d, 92 \u00e5r gammel, opplyser hennes stiftelse i sosiale medier.<\/p>\n<p><img decoding=\"async\" class=\"image-asset hyperion-css-u06ts1\" data-test-tag=\"image-asset\" src=\"https:\/\/www.europesays.com\/no\/wp-content\/uploads\/2026\/09\/17ad32a7-52f4-3272-a178-5ca2b2535258.jpeg\"  alt=\"Gloria Steinem under en prisutdeling i New York i 2019. \"  loading=\"eager\" fetchpriority=\"high\" style=\"aspect-ratio:1900 \/ 1445\"\/>Gloria Steinem under en prisutdeling i New York i 2019. Foto: Invision \/ AP \/ NTB<\/p>\n<ol class=\"hyperion-css-v28fi1\">\n<li class=\"hyperion-css-0\">\n<ul class=\"hyperion-css-w8vnca\">\n<li aria-label=\"link\" class=\"narrow-button hyperion-css-1sz7d3n\">bt-linkKopier lenke<\/li>\n<li aria-label=\"link\" class=\"wide-button hyperion-css-1sz7d3n\">bt-linkKopier lenke<\/li>\n<\/ul>\n<\/li>\n<li class=\"hyperion-css-0\"\/><\/ol>\n<p>Publisert: Publisert: <\/p>\n<p>For mindre enn 1 time siden<\/p>\n<p class=\"hyperion-css-zwo8lj\">\u2013 Gloria Steinem gikk fredfullt bort i hjemmet sitt i New York i g\u00e5r, omkranset av noen av de mange som elsket henne, skriver stiftelsen i en melding p\u00e5 <a aria-label=\"Instagram \" class=\"default hyperion-css-1raymq9\" href=\"https:\/\/www.instagram.com\/p\/Dc0dotLOqUN\/\" rel=\"noopener nofollow noreferrer\" data-test-tag=\"external-link\" target=\"_blank\">Instagram <\/a> torsdag.<\/p>\n<p class=\"hyperion-css-zwo8lj\">Steinem fortsatte \u00e5 kjempe for likestilling helt til det siste, heter det videre.<\/p>\n<p class=\"hyperion-css-zwo8lj\">Hun var en av pion\u00e9rene i den nye kvinnebevegelsen i USA p\u00e5 slutten av 1960- og begynnelsen av 1970-\u00e5rene, if\u00f8lge <a aria-label=\"Store norske leksikon.\" class=\"default hyperion-css-1raymq9\" href=\"https:\/\/snl.no\/Gloria_Steinem\" rel=\"noopener nofollow noreferrer\" data-test-tag=\"external-link\" target=\"_blank\">Store norske leksikon.<\/a><\/p>\n<p class=\"hyperion-css-zwo8lj\">I 1972 var hun med p\u00e5 \u00e5 grunnlegge feministmagasinet Ms., der hun var redakt\u00f8r i 15 \u00e5r. Magasinet gjorde feminisme og kvinnebevegelsens arbeid allment tilgjengelig i USA.<\/p>\n<p class=\"hyperion-css-zwo8lj\">Hun ble en frontfigur i den amerikanske feministbevegelsen og har ogs\u00e5 v\u00e6rt med p\u00e5 \u00e5 grunnlegge kvinne- og feministorganisasjoner i en rekke land. I tillegg har hun skrevet en rekke b\u00f8ker, deriblant en biografi om Marilyn Monroe.<\/p>\n<p class=\"hyperion-css-zwo8lj\">Steinem var ogs\u00e5 fredsaktivist og engasjerte seg i protestene mot Vietnamkrigen, og p\u00e5 1980-tallet ble hun p\u00e5grepet da hun deltok i en demonstrasjon mot apartheid utenfor S\u00f8r-Afrikas ambassade.<\/p>\n<p class=\"hyperion-css-zwo8lj\">Hun har vunnet en lang rekke priser og utmerkelser, og i 2013 fikk hun Presidentens frihetsmedalje av Barack Obama.<\/p>\n<p class=\"hyperion-css-zwo8lj\">Livet hennes er blant annet dramatisert i TV-serien \u00abMrs. America\u00bb i 2020 og i filmen \u00abThe Glorias\u00bb samme \u00e5r. Nylig utkom Steinems memoarer, med tittelen \u00abAn Unexpected Life\u00bb.<\/p>\n<p>Publisert: <\/p>\n<p>Publisert: 3. september 2026 12:33<\/p>\n<p><script async src=\"\/\/www.instagram.com\/embed.js\"><\/script><\/p>\n","protected":false},"excerpt":{"rendered":"Den amerikanske journalisten, forfatteren og politiske aktivisten Gloria Steinem er d\u00f8d, 92 \u00e5r gammel, opplyser hennes stiftelse i&hellip;\n","protected":false},"author":2,"featured_media":343240,"comment_status":"","ping_status":"","sticky":false,"template":"","format":"standard","meta":{"footnotes":"","_share_on_mastodon":"0"},"categories":[12],"tags":[20,21,24,25,15,22,23,13,30,28,29,14,16,26,27,42,43,44,45],"class_list":["post-343239","post","type-post","status-publish","format-standard","has-post-thumbnail","category-verden","tag-breaking-news","tag-breakingnews","tag-featured-news","tag-featurednews","tag-headlines","tag-latest-news","tag-latestnews","tag-news","tag-no","tag-norge","tag-norway","tag-nyheter","tag-overskrifter","tag-top-stories","tag-topstories","tag-verden","tag-world","tag-world-news","tag-worldnews"],"share_on_mastodon":{"url":"https:\/\/pubeurope.com\/@no\/117208827552242998","error":""},"_links":{"self":[{"href":"https:\/\/www.europesays.com\/no\/wp-json\/wp\/v2\/posts\/343239","targetHints":{"allow":["GET"]}}],"collection":[{"href":"https:\/\/www.europesays.com\/no\/wp-json\/wp\/v2\/posts"}],"about":[{"href":"https:\/\/www.europesays.com\/no\/wp-json\/wp\/v2\/types\/post"}],"author":[{"embeddable":true,"href":"https:\/\/www.europesays.com\/no\/wp-json\/wp\/v2\/users\/2"}],"replies":[{"embeddable":true,"href":"https:\/\/www.europesays.com\/no\/wp-json\/wp\/v2\/comments?post=343239"}],"version-history":[{"count":0,"href":"https:\/\/www.europesays.com\/no\/wp-json\/wp\/v2\/posts\/343239\/revisions"}],"wp:featuredmedia":[{"embeddable":true,"href":"https:\/\/www.europesays.com\/no\/wp-json\/wp\/v2\/media\/343240"}],"wp:attachment":[{"href":"https:\/\/www.europesays.com\/no\/wp-json\/wp\/v2\/media?parent=343239"}],"wp:term":[{"taxonomy":"category","embeddable":true,"href":"https:\/\/www.europesays.com\/no\/wp-json\/wp\/v2\/categories?post=343239"},{"taxonomy":"post_tag","embeddable":true,"href":"https:\/\/www.europesays.com\/no\/wp-json\/wp\/v2\/tags?post=343239"}],"curies":[{"name":"wp","href":"https:\/\/api.w.org\/{rel}","templated":true}]}}