{"id":343249,"date":"2026-09-03T19:51:14","date_gmt":"2026-09-03T19:51:14","guid":{"rendered":"https:\/\/www.europesays.com\/no\/343249\/"},"modified":"2026-09-03T19:51:14","modified_gmt":"2026-09-03T19:51:14","slug":"frykter-rosemangel-fjerner-toll-fram-til-kong-haralds-gravferd","status":"publish","type":"post","link":"https:\/\/www.europesays.com\/no\/343249\/","title":{"rendered":"Frykter rosemangel &#8211; fjerner toll fram til kong Haralds gravferd"},"content":{"rendered":"<p data-v-0ec4b2dc=\"\" data-v-db60476c=\"\">P\u00e5 grunn av en akutt rosemangel har Landbruksdirektoratet fjernet tollen p\u00e5 roser frem til 8. september, skriver <a href=\"https:\/\/www.nationen.no\/fjerner-toll-pa-roser\/s\/5-148-965198\" rel=\"noopener nofollow\" data-v-9da6bdcc=\"\" target=\"_blank\">Nationen<\/a>.<\/p>\n<p data-v-0ec4b2dc=\"\" data-v-db60476c=\"\">\u00c5rsaken til mangelen er en delvis streik p\u00e5 hovedflyplassen i Nairobi, Jomo Kenyatta internasjonale lufthavn, forklarer administrerende direkt\u00f8r i Mester Gr\u00f8nn Erling \u00d8lstad til avisen.<\/p>\n<p data-v-0ec4b2dc=\"\" data-v-db60476c=\"\">Rosene p\u00e5 det norske markedet importeres stort sett fra det afrikanske kontinentet, skriver avisen videre.<\/p>\n<p data-v-0ec4b2dc=\"\" data-v-db60476c=\"\">Ettersom det n\u00e5 er forsinkelser i forsyningslinjen p\u00e5 grunn av den delvise streiken, er l\u00f8sningen \u00e5 importere roser fra det europeiske auksjonsmarkedet i Nederland.<\/p>\n<p data-v-0ec4b2dc=\"\" data-v-db60476c=\"\">Et midlertidig fritak i tollen gj\u00f8r denne krisel\u00f8sningen mer \u00f8konomisk spiselig for import\u00f8rene.<\/p>\n<p data-v-0ec4b2dc=\"\" data-v-db60476c=\"\">If\u00f8lge Nationen er ettersp\u00f8rselen etter blomster stor som f\u00f8lge av kong Haralds d\u00f8d og gravferden hans 9. september.<\/p>\n","protected":false},"excerpt":{"rendered":"P\u00e5 grunn av en akutt rosemangel har Landbruksdirektoratet fjernet tollen p\u00e5 roser frem til 8. september, skriver Nationen.&hellip;\n","protected":false},"author":2,"featured_media":343250,"comment_status":"","ping_status":"","sticky":false,"template":"","format":"standard","meta":{"footnotes":"","_share_on_mastodon":"0"},"categories":[12],"tags":[20,21,24,25,15,22,23,13,30,28,29,14,16,26,27,42,43,44,45],"class_list":["post-343249","post","type-post","status-publish","format-standard","has-post-thumbnail","category-verden","tag-breaking-news","tag-breakingnews","tag-featured-news","tag-featurednews","tag-headlines","tag-latest-news","tag-latestnews","tag-news","tag-no","tag-norge","tag-norway","tag-nyheter","tag-overskrifter","tag-top-stories","tag-topstories","tag-verden","tag-world","tag-world-news","tag-worldnews"],"share_on_mastodon":{"url":"https:\/\/pubeurope.com\/@no\/117208854655072810","error":""},"_links":{"self":[{"href":"https:\/\/www.europesays.com\/no\/wp-json\/wp\/v2\/posts\/343249","targetHints":{"allow":["GET"]}}],"collection":[{"href":"https:\/\/www.europesays.com\/no\/wp-json\/wp\/v2\/posts"}],"about":[{"href":"https:\/\/www.europesays.com\/no\/wp-json\/wp\/v2\/types\/post"}],"author":[{"embeddable":true,"href":"https:\/\/www.europesays.com\/no\/wp-json\/wp\/v2\/users\/2"}],"replies":[{"embeddable":true,"href":"https:\/\/www.europesays.com\/no\/wp-json\/wp\/v2\/comments?post=343249"}],"version-history":[{"count":0,"href":"https:\/\/www.europesays.com\/no\/wp-json\/wp\/v2\/posts\/343249\/revisions"}],"wp:featuredmedia":[{"embeddable":true,"href":"https:\/\/www.europesays.com\/no\/wp-json\/wp\/v2\/media\/343250"}],"wp:attachment":[{"href":"https:\/\/www.europesays.com\/no\/wp-json\/wp\/v2\/media?parent=343249"}],"wp:term":[{"taxonomy":"category","embeddable":true,"href":"https:\/\/www.europesays.com\/no\/wp-json\/wp\/v2\/categories?post=343249"},{"taxonomy":"post_tag","embeddable":true,"href":"https:\/\/www.europesays.com\/no\/wp-json\/wp\/v2\/tags?post=343249"}],"curies":[{"name":"wp","href":"https:\/\/api.w.org\/{rel}","templated":true}]}}