{"id":343267,"date":"2026-09-03T20:06:27","date_gmt":"2026-09-03T20:06:27","guid":{"rendered":"https:\/\/www.europesays.com\/no\/343267\/"},"modified":"2026-09-03T20:06:27","modified_gmt":"2026-09-03T20:06:27","slug":"migrantbat-funnet-ved-kanarioyene-frykt-for-at-over-80-har-mistet-livet","status":"publish","type":"post","link":"https:\/\/www.europesays.com\/no\/343267\/","title":{"rendered":"Migrantb\u00e5t funnet ved Kanari\u00f8yene \u2013 frykt for at over 80 har mistet livet"},"content":{"rendered":"<p class=\"kicker t16 tm16 font-NotoSans\" style=\"\">Verden<\/p>\n<p class=\"subtitle t21 font-NotoSans\" style=\"\">Overlevende p\u00e5 en migrantb\u00e5t som ble funnet drivende s\u00f8r for Kanari\u00f8yene, forteller at over 80 mennesker d\u00f8de i l\u00f8pet av reisen.<\/p>\n<p>\n        Folk vasser i Atlanterhavet under solnedgang p\u00e5 La Pared-stranden p\u00e5 Kanari\u00f8yene Fuerteventura.<br \/>\n        Mindaugas Kulbis\/NTB\n    <\/p>\n<p>Om bord p\u00e5 b\u00e5ten var det 44 overlevende, og de fleste av dem kom i land p\u00e5 Gran Canaria torsdag morgen.<\/p>\n<p>Et av flyene til den spanske sj\u00f8redningstjenesten oppdaget b\u00e5ten onsdag, 120 kilometer fra Gran Canaria, skriver det spanske nyhetsbyr\u00e5et <a href=\"https:\/\/efe.com\/espana\/2026-09-03\/cayuco-canarias-muertos\/\" id=\"f84586a9-9153-4e96-857d-298bee458e88\" rel=\"nofollow noopener\" target=\"_blank\">Efe.<\/a> Sammen med de overlevende ble det funnet fem d\u00f8de personer. Sj\u00f8redningstjenesten sier de m\u00e5tte etterlate de d\u00f8de i b\u00e5ten p\u00e5 grunn av v\u00e6rforholdene.<\/p>\n<p>B\u00e5ten hadde dratt fra Gambia i Vest-Afrika i starten av august, og Efe skriver at over 80 mennesker mistet livet under overfarten.<\/p>\n<p>Nyhetsbyr\u00e5et Reuters siterer en hjelpeorganisasjon som opplyser at overlevende har fortalt at 83 mennesker d\u00f8de. Blant dem skal det ha v\u00e6rt tre kvinner og en baby.<\/p>\n<p>Mange av de overlevende var i d\u00e5rlig forfatning da de ble reddet.<\/p>\n<p>\u2013 De var som levende lik, som zombier. De kollapset og var ikke i stand til \u00e5 st\u00e5 p\u00e5 beina, forteller en av redningsarbeiderne til Efe.<\/p>\n","protected":false},"excerpt":{"rendered":"Verden Overlevende p\u00e5 en migrantb\u00e5t som ble funnet drivende s\u00f8r for Kanari\u00f8yene, forteller at over 80 mennesker d\u00f8de&hellip;\n","protected":false},"author":2,"featured_media":343268,"comment_status":"","ping_status":"","sticky":false,"template":"","format":"standard","meta":{"footnotes":"","_share_on_mastodon":"0"},"categories":[12],"tags":[20,21,24,25,15,22,23,13,30,28,29,14,16,26,27,42,43,44,45],"class_list":["post-343267","post","type-post","status-publish","format-standard","has-post-thumbnail","category-verden","tag-breaking-news","tag-breakingnews","tag-featured-news","tag-featurednews","tag-headlines","tag-latest-news","tag-latestnews","tag-news","tag-no","tag-norge","tag-norway","tag-nyheter","tag-overskrifter","tag-top-stories","tag-topstories","tag-verden","tag-world","tag-world-news","tag-worldnews"],"share_on_mastodon":{"url":"https:\/\/pubeurope.com\/@no\/117208913406075970","error":""},"_links":{"self":[{"href":"https:\/\/www.europesays.com\/no\/wp-json\/wp\/v2\/posts\/343267","targetHints":{"allow":["GET"]}}],"collection":[{"href":"https:\/\/www.europesays.com\/no\/wp-json\/wp\/v2\/posts"}],"about":[{"href":"https:\/\/www.europesays.com\/no\/wp-json\/wp\/v2\/types\/post"}],"author":[{"embeddable":true,"href":"https:\/\/www.europesays.com\/no\/wp-json\/wp\/v2\/users\/2"}],"replies":[{"embeddable":true,"href":"https:\/\/www.europesays.com\/no\/wp-json\/wp\/v2\/comments?post=343267"}],"version-history":[{"count":0,"href":"https:\/\/www.europesays.com\/no\/wp-json\/wp\/v2\/posts\/343267\/revisions"}],"wp:featuredmedia":[{"embeddable":true,"href":"https:\/\/www.europesays.com\/no\/wp-json\/wp\/v2\/media\/343268"}],"wp:attachment":[{"href":"https:\/\/www.europesays.com\/no\/wp-json\/wp\/v2\/media?parent=343267"}],"wp:term":[{"taxonomy":"category","embeddable":true,"href":"https:\/\/www.europesays.com\/no\/wp-json\/wp\/v2\/categories?post=343267"},{"taxonomy":"post_tag","embeddable":true,"href":"https:\/\/www.europesays.com\/no\/wp-json\/wp\/v2\/tags?post=343267"}],"curies":[{"name":"wp","href":"https:\/\/api.w.org\/{rel}","templated":true}]}}