{"id":343277,"date":"2026-09-03T20:13:16","date_gmt":"2026-09-03T20:13:16","guid":{"rendered":"https:\/\/www.europesays.com\/no\/343277\/"},"modified":"2026-09-03T20:13:16","modified_gmt":"2026-09-03T20:13:16","slug":"fikk-advarsel-fra-trump-vaer-forsiktig","status":"publish","type":"post","link":"https:\/\/www.europesays.com\/no\/343277\/","title":{"rendered":"Fikk advarsel fra Trump: &#8211; V\u00e6r forsiktig"},"content":{"rendered":"<p class=\"kicker \" style=\"\">FpU-varsler st\u00e5r fram i \u00abDebatten\u00bb:<\/p>\n<p class=\"subtitle t30\" style=\"\">Tidligere FpU-leder Lars Barstad L\u00f8vold og varsleren Ingeborg m\u00f8ttes torsdag kveld i NRKs \u00abDebatten\u00bb for f\u00f8rste gang siden varslersaken f\u00f8rte til hans avgang.<\/p>\n<p>Torsdag kveld deltok b\u00e5de tidligere FpU-leder Lars Barstad L\u00f8vold og den n\u00e5 18 \u00e5r gamle varsleren Ingeborg i NRKs \u00abDebatten\u00bb.<\/p>\n<p>L\u00f8vold trakk seg som FpU-leder 19. august etter medieomtalen av et varsel der det ble framsatt p\u00e5stander om at han hadde gitt alkohol til en mindre\u00e5rig deltaker og utsatt henne for det varsleren beskrev som u\u00f8nsket oppmerksomhet.<\/p>\n<p>L\u00f8vold har hele tiden avvist at han kjenner seg igjen i framstillingen av saken.<\/p>\n<p>        <img loading=\"lazy\" decoding=\"async\" src=\"https:\/\/www.europesays.com\/no\/wp-content\/uploads\/2026\/09\/1788466396_276_85107420.webp\" width=\"688\" height=\"393\" alt=\"\" class=\"\" style=\"--aspect-ratio-image: 1.75; \"\/><\/p>\n<p>\n        DELTAR I \u00abDEBATTEN\u00bb: Tidligere FpU-leder Lars Barstad L\u00f8vold og varsleren som sto bak saken mot ham, deltar i kveldens sending av \u00abDebatten\u00bb. Foto: Frank Karlsen \/ Dagbladet\n    <\/p>\n<p>Beskrev opplevelsen som ubehagelig<\/p>\n<p>I sendingen fortalte varsleren om hvordan hun opplevde kontakten med den dav\u00e6rende FpU-lederen.<\/p>\n<p>&#8211; I starten tenkte jeg bare han var hyggelig, men n\u00e5r du ser sammenhengen, s\u00e5 ble jeg ganske kvalm. Det var ubehagelig, sa hun.<\/p>\n<p>18-\u00e5ringen fortalte at hun fikk v\u00e6re med p\u00e5 en fest der deltakerne i utgangspunktet skulle v\u00e6re over 18 \u00e5r.<\/p>\n<p>&#8211; Jeg fikk tillatelse til \u00e5 drikke av Lars. Jeg fikk alkohol fra flere, sa hun.<\/p>\n<p>Hun fortalte ogs\u00e5 at hun fikk meldinger fra L\u00f8vold etter at hun hadde reist hjem.<\/p>\n<p>&#8211; De andre skulle ut p\u00e5 byen, s\u00e5 jeg skulle hjem. Da fikk jeg flere meldinger om at jeg burde blitt og sove hos ham.<\/p>\n<p>Varsleren mener maktforholdet mellom dem gjorde det vanskelig \u00e5 si fra.<\/p>\n<p>&#8211; Det kan tolkes som maktmisbruk. Hvis jeg avviser ham helt, s\u00e5 er det ikke g\u00f8y \u00e5 treffe ham etterp\u00e5, sa hun.<\/p>\n<p>&#8211; Har v\u00e6rt livredd<\/p>\n<p>18-\u00e5ringen fortalte at hun var redd for \u00e5 varsle.<\/p>\n<p>&#8211; Jeg har v\u00e6rt livredd for \u00e5 bli mislikt av lederen min, sa hun.<\/p>\n<p>Hun understreket at hun aldri \u00f8nsket at saken skulle f\u00e5 s\u00e5 stor oppmerksomhet.<\/p>\n<p>&#8211; Jeg var veldig redd for \u00e5 varsle. S\u00e5 kom det ut i media, og det er veldig stressende. Jeg ville aldri at det skulle bli en s\u00e5 stor sak.<\/p>\n<p>Samtidig sa hun at hensynet til andre medlemmer var en viktig grunn til at hun varslet.<\/p>\n<p>&#8211; Jeg varslet ogs\u00e5 fordi jeg ikke ville dette skulle skje med flere. Dette skal ingen oppleve.<\/p>\n<p>L\u00f8vold: &#8211; Burde h\u00e5ndtert det annerledes<\/p>\n<p>L\u00f8vold sa i sendingen at han opplever saken annerledes.<\/p>\n<p>&#8211; Jeg synes det er leit \u00e5 h\u00f8re at Ingeborg har oppfatta samtalen mellom oss slik hun har, sa han.<\/p>\n<p>Han avviste at han bevisst serverte henne alkohol.<\/p>\n<p>&#8211; Jeg har ikke med intensjon servert henne alkohol.<\/p>\n<p>Samtidig erkjente han at situasjonen kunne v\u00e6rt h\u00e5ndtert annerledes.<\/p>\n<p>&#8211; Det er nok mange som vil si at en leder ikke b\u00f8r sende s\u00e5nne meldinger, og det kan jeg si meg enig i.<\/p>\n<p>L\u00f8vold avviste ogs\u00e5 at meldingene hadde seksuelle hensikter.<\/p>\n<p>&#8211; Det var absolutt ikke et fors\u00f8k p\u00e5 \u00e5 inng\u00e5 et samleie med Ingeborg, sa han.<\/p>\n<p>Han forklarte avgangen med reaksjonene etter medieomtalen.<\/p>\n<p>&#8211; Jeg gikk av fordi jeg f\u00f8lte jeg ble d\u00f8mt skyldig med en gang saken ble publisert i TV 2.<\/p>\n<p>TV 2 avviser kritikken<\/p>\n<p>Under debatten gjentok L\u00f8vold kritikken mot TV 2s h\u00e5ndtering av saken.<\/p>\n<p>&#8211; Jeg synes TV 2s h\u00e5ndtering er ganske bekymringsverdig, sa han.<\/p>\n<p>TV 2s nyhetsredakt\u00f8r Karianne Solbr\u00e6kke avviste kritikken.<\/p>\n<p>&#8211; Jeg har sett SMS-ene vi har sendt, og vi har ikke sendt noen feil p\u00e5stander, sa hun.<\/p>\n<p>Hun avviste ogs\u00e5 at kanalen hadde opptr\u00e5dt trakasserende overfor FpU-medlemmer.<\/p>\n<p>&#8211; Jeg har g\u00e5tt veldig n\u00f8ye gjennom dette. Vi ringte to til tre ganger til kildene vi pr\u00f8vde \u00e5 f\u00e5 kontakt med, sa Solbr\u00e6kke.<\/p>\n","protected":false},"excerpt":{"rendered":"FpU-varsler st\u00e5r fram i \u00abDebatten\u00bb: Tidligere FpU-leder Lars Barstad L\u00f8vold og varsleren Ingeborg m\u00f8ttes torsdag kveld i NRKs&hellip;\n","protected":false},"author":2,"featured_media":343278,"comment_status":"","ping_status":"","sticky":false,"template":"","format":"standard","meta":{"footnotes":"","_share_on_mastodon":"0"},"categories":[12],"tags":[20,21,55,24,25,15,2537,22,23,13,30,28,29,14,16,26,27,50,412,42,43,44,45],"class_list":["post-343277","post","type-post","status-publish","format-standard","has-post-thumbnail","category-verden","tag-breaking-news","tag-breakingnews","tag-donald-trump","tag-featured-news","tag-featurednews","tag-headlines","tag-jd-vance","tag-latest-news","tag-latestnews","tag-news","tag-no","tag-norge","tag-norway","tag-nyheter","tag-overskrifter","tag-top-stories","tag-topstories","tag-usa","tag-utenriks","tag-verden","tag-world","tag-world-news","tag-worldnews"],"share_on_mastodon":{"url":"https:\/\/pubeurope.com\/@no\/117208941489558921","error":""},"_links":{"self":[{"href":"https:\/\/www.europesays.com\/no\/wp-json\/wp\/v2\/posts\/343277","targetHints":{"allow":["GET"]}}],"collection":[{"href":"https:\/\/www.europesays.com\/no\/wp-json\/wp\/v2\/posts"}],"about":[{"href":"https:\/\/www.europesays.com\/no\/wp-json\/wp\/v2\/types\/post"}],"author":[{"embeddable":true,"href":"https:\/\/www.europesays.com\/no\/wp-json\/wp\/v2\/users\/2"}],"replies":[{"embeddable":true,"href":"https:\/\/www.europesays.com\/no\/wp-json\/wp\/v2\/comments?post=343277"}],"version-history":[{"count":0,"href":"https:\/\/www.europesays.com\/no\/wp-json\/wp\/v2\/posts\/343277\/revisions"}],"wp:featuredmedia":[{"embeddable":true,"href":"https:\/\/www.europesays.com\/no\/wp-json\/wp\/v2\/media\/343278"}],"wp:attachment":[{"href":"https:\/\/www.europesays.com\/no\/wp-json\/wp\/v2\/media?parent=343277"}],"wp:term":[{"taxonomy":"category","embeddable":true,"href":"https:\/\/www.europesays.com\/no\/wp-json\/wp\/v2\/categories?post=343277"},{"taxonomy":"post_tag","embeddable":true,"href":"https:\/\/www.europesays.com\/no\/wp-json\/wp\/v2\/tags?post=343277"}],"curies":[{"name":"wp","href":"https:\/\/api.w.org\/{rel}","templated":true}]}}