{"id":343285,"date":"2026-09-03T20:18:14","date_gmt":"2026-09-03T20:18:14","guid":{"rendered":"https:\/\/www.europesays.com\/no\/343285\/"},"modified":"2026-09-03T20:18:14","modified_gmt":"2026-09-03T20:18:14","slug":"grand-theft-auto-vi-vil-fa-to-dualsense-kontrollere-i-begrenset-opplag","status":"publish","type":"post","link":"https:\/\/www.europesays.com\/no\/343285\/","title":{"rendered":"Grand Theft Auto VI vil f\u00e5 to DualSense-kontrollere i begrenset opplag"},"content":{"rendered":"<p>Selv om \u00ab Grand Theft Auto VI ikke er eksklusivt for PlayStation 5, nevnes spillet og konsollen ofte i samme \u00e5ndedrag, ettersom det f\u00f8rstnevnte har blitt markedsf\u00f8rt kraftig sammen med den sistnevnte. Det er p\u00e5 grunn av dette vi egentlig ikke b\u00f8r bli overrasket over \u00e5 h\u00f8re at \u00abGTA VI\u00bb ikke bare f\u00e5r \u00e9n DualSense-kontroller i begrenset opplag, men to&#8230;<\/p>\n<p>Det ble avsl\u00f8rt under den nylige State of Play-sendingen at det er bekreftet at fans vil f\u00e5 to alternativer \u00e5 velge mellom, og begge har i utgangspunktet samme design, selv om den ene har et hovedsakelig svart hus og den andre hovedsakelig hvitt. De har begge de samme m\u00f8nstrene, den underliggende rosa fargen, plasseringen av GTA VI-logoen og til og med den samme \u00abMiami Vice\u00bb-lignende lilla-bl\u00e5 fargeskiftende nyansen rundt analogstikkene, som strekker seg rundt baksiden av enheten.<\/p>\n<p>N\u00e5r det gjelder prisen p\u00e5 disse kontrollerne og n\u00e5r de forventes \u00e5 komme p\u00e5 markedet, skal forh\u00e5ndsbestillingene \u00e5pne 10. september, med lansering planlagt til 19. november, samtidig med GTA VI. Prisen er satt til \u00a374,99\/\u20ac84,99.<\/p>\n<p>\t\t\t\t\t\t<img loading=\"lazy\" decoding=\"async\" id=\"img-2138833-4981813\" data-fullsize=\"\/media\/18\/grandtheftauto_4981813b.jpg\" data-lazy=\"\" src=\"https:\/\/www.gamereactor.nohttps:\/\/www.gamereactor.no\/media\/18\/grandtheftauto_4981813_650x.jpg\" width=\"650\" onclick=\"if (!window.__cfRLUnblockHandlers) return false; gallery_openmodal('2138833','4981813',false,'73d9af291fe22cb9f226bbd9a6df781b');\" height=\"366\" alt=\"Grand Theft Auto VI\" class=\"rwd_col_content lazy\" data-cf-modified-b8794a6497a6731e347fa07f-=\"\"\/><\/p>\n","protected":false},"excerpt":{"rendered":"Selv om \u00ab Grand Theft Auto VI ikke er eksklusivt for PlayStation 5, nevnes spillet og konsollen ofte&hellip;\n","protected":false},"author":2,"featured_media":343286,"comment_status":"","ping_status":"","sticky":false,"template":"","format":"standard","meta":{"footnotes":"","_share_on_mastodon":"0"},"categories":[57],"tags":[30,28,29,65,63,64,66,70,69,67,68],"class_list":["post-343285","post","type-post","status-publish","format-standard","has-post-thumbnail","category-vitenskap-og-teknologi","tag-no","tag-norge","tag-norway","tag-science","tag-science-and-technology","tag-scienceandtechnology","tag-technology","tag-teknologi","tag-vitenskap","tag-vitenskap-og-teknologi","tag-vitenskapteknologi"],"share_on_mastodon":{"url":"https:\/\/pubeurope.com\/@no\/117208960879256797","error":""},"_links":{"self":[{"href":"https:\/\/www.europesays.com\/no\/wp-json\/wp\/v2\/posts\/343285","targetHints":{"allow":["GET"]}}],"collection":[{"href":"https:\/\/www.europesays.com\/no\/wp-json\/wp\/v2\/posts"}],"about":[{"href":"https:\/\/www.europesays.com\/no\/wp-json\/wp\/v2\/types\/post"}],"author":[{"embeddable":true,"href":"https:\/\/www.europesays.com\/no\/wp-json\/wp\/v2\/users\/2"}],"replies":[{"embeddable":true,"href":"https:\/\/www.europesays.com\/no\/wp-json\/wp\/v2\/comments?post=343285"}],"version-history":[{"count":0,"href":"https:\/\/www.europesays.com\/no\/wp-json\/wp\/v2\/posts\/343285\/revisions"}],"wp:featuredmedia":[{"embeddable":true,"href":"https:\/\/www.europesays.com\/no\/wp-json\/wp\/v2\/media\/343286"}],"wp:attachment":[{"href":"https:\/\/www.europesays.com\/no\/wp-json\/wp\/v2\/media?parent=343285"}],"wp:term":[{"taxonomy":"category","embeddable":true,"href":"https:\/\/www.europesays.com\/no\/wp-json\/wp\/v2\/categories?post=343285"},{"taxonomy":"post_tag","embeddable":true,"href":"https:\/\/www.europesays.com\/no\/wp-json\/wp\/v2\/tags?post=343285"}],"curies":[{"name":"wp","href":"https:\/\/api.w.org\/{rel}","templated":true}]}}