{"id":343289,"date":"2026-09-03T20:21:09","date_gmt":"2026-09-03T20:21:09","guid":{"rendered":"https:\/\/www.europesays.com\/no\/343289\/"},"modified":"2026-09-03T20:21:09","modified_gmt":"2026-09-03T20:21:09","slug":"vance-usa-gransker-luftangrep-som-rammet-iransk-bryllup","status":"publish","type":"post","link":"https:\/\/www.europesays.com\/no\/343289\/","title":{"rendered":"Vance: USA gransker luftangrep som rammet iransk bryllup"},"content":{"rendered":"<p class=\"kicker t16 tm16 font-NotoSans\" style=\"\">Verden<\/p>\n<p class=\"subtitle t21 font-NotoSans\" style=\"\">USA gransker luftangrepet som rammet et bryllup i Iran, sier USAs visepresident J.D. Vance.<\/p>\n<p>\n        USA unders\u00f8ker omstendighetene rundt luftangrepet som rammet et iransk bryllup, sier visepresident JD Vance.<br \/>\n        Mark Schiefelbein \/ AP \/ NTB\n    <\/p>\n<p>Fire mennesker ble drept og nesten 70 s\u00e5ret da en bolig <a href=\"https:\/\/www.abcnyheter.no\/nyheter\/bbc-bilder-og-videoer-tyder-pa-at-bryllup-ble-rammet-av-amerikansk-angrep\/1654780\" target=\"_blank\" rel=\"nofollow noopener\">der det ble holdt bryllup<\/a> ble truffet i byen Sirik tirsdag. Iransk statlig TV meldte torsdag at en femte person, en 22 \u00e5r gammel kvinne, senere har d\u00f8dd p\u00e5 sykehus.<\/p>\n<p>\u2013 Vi unders\u00f8ker det, \u00e5penbart fordi vi bryr oss. Vi \u00f8nsker \u00e5 vite, sa Vance torsdag.<\/p>\n<p>\u2013 Om vi gj\u00f8r tabber, for \u00e5 si det igjen, s\u00e5 er dette en stor forskjell mellom oss og Iran. N\u00e5r v\u00e5rt milit\u00e6re gj\u00f8r feil, l\u00e6rer det av dem og fors\u00f8ker \u00e5 bli bedre, la han til.<\/p>\n<p>Det amerikanske milit\u00e6ret sier de er klare over de iranske meldingene, men understreker at de \u00abaldri angriper sivile m\u00e5l\u00bb.<\/p>\n","protected":false},"excerpt":{"rendered":"Verden USA gransker luftangrepet som rammet et bryllup i Iran, sier USAs visepresident J.D. Vance. USA unders\u00f8ker omstendighetene&hellip;\n","protected":false},"author":2,"featured_media":343290,"comment_status":"","ping_status":"","sticky":false,"template":"","format":"standard","meta":{"footnotes":"","_share_on_mastodon":"0"},"categories":[12],"tags":[20,21,24,25,15,22,23,13,30,28,29,14,16,26,27,42,43,44,45],"class_list":["post-343289","post","type-post","status-publish","format-standard","has-post-thumbnail","category-verden","tag-breaking-news","tag-breakingnews","tag-featured-news","tag-featurednews","tag-headlines","tag-latest-news","tag-latestnews","tag-news","tag-no","tag-norge","tag-norway","tag-nyheter","tag-overskrifter","tag-top-stories","tag-topstories","tag-verden","tag-world","tag-world-news","tag-worldnews"],"share_on_mastodon":{"url":"https:\/\/pubeurope.com\/@no\/117208972394108027","error":""},"_links":{"self":[{"href":"https:\/\/www.europesays.com\/no\/wp-json\/wp\/v2\/posts\/343289","targetHints":{"allow":["GET"]}}],"collection":[{"href":"https:\/\/www.europesays.com\/no\/wp-json\/wp\/v2\/posts"}],"about":[{"href":"https:\/\/www.europesays.com\/no\/wp-json\/wp\/v2\/types\/post"}],"author":[{"embeddable":true,"href":"https:\/\/www.europesays.com\/no\/wp-json\/wp\/v2\/users\/2"}],"replies":[{"embeddable":true,"href":"https:\/\/www.europesays.com\/no\/wp-json\/wp\/v2\/comments?post=343289"}],"version-history":[{"count":0,"href":"https:\/\/www.europesays.com\/no\/wp-json\/wp\/v2\/posts\/343289\/revisions"}],"wp:featuredmedia":[{"embeddable":true,"href":"https:\/\/www.europesays.com\/no\/wp-json\/wp\/v2\/media\/343290"}],"wp:attachment":[{"href":"https:\/\/www.europesays.com\/no\/wp-json\/wp\/v2\/media?parent=343289"}],"wp:term":[{"taxonomy":"category","embeddable":true,"href":"https:\/\/www.europesays.com\/no\/wp-json\/wp\/v2\/categories?post=343289"},{"taxonomy":"post_tag","embeddable":true,"href":"https:\/\/www.europesays.com\/no\/wp-json\/wp\/v2\/tags?post=343289"}],"curies":[{"name":"wp","href":"https:\/\/api.w.org\/{rel}","templated":true}]}}