{"id":343309,"date":"2026-09-03T20:34:13","date_gmt":"2026-09-03T20:34:13","guid":{"rendered":"https:\/\/www.europesays.com\/no\/343309\/"},"modified":"2026-09-03T20:34:13","modified_gmt":"2026-09-03T20:34:13","slug":"north-west-vekker-reaksjoner-i-ny-tiktok-video-fans-reagerer-pa-nesen","status":"publish","type":"post","link":"https:\/\/www.europesays.com\/no\/343309\/","title":{"rendered":"North West vekker reaksjoner i ny TikTok-video: Fans reagerer p\u00e5 nesen"},"content":{"rendered":"<p class=\"kicker \" style=\"\">North West:\u00a0<\/p>\n<p class=\"subtitle \" style=\"\">Mange sperret opp \u00f8ynene etter \u00e5 ha sett nesen til 13 \u00e5r gamle North West i en ny video.\u00a0<\/p>\n<p>\n    REAGERER: Reaksjonene hagler inn etter at North West delte en video der nesen tilsynelatende er kraftig redigert eller sminket. Foto: Skjermdump fra TikTok \/ @kimandnorth\n  <\/p>\n<p>Den 13 \u00e5r gamle datteren til Kim Kardashian (45) og Kanye West (49), North West, har skapt flere overskrifter de siste \u00e5rene.\u00a0<\/p>\n<p>I oktober i fjor fikk hun blant annet fans verden over til \u00e5 m\u00e5pe grunnet et bilde av seg selv med flere ansiktstatoveringer, som imidlertid viste seg \u00e5 v\u00e6re falske.<\/p>\n<p>    <a itemprop=\"url\" href=\"https:\/\/www.seher.no\/kjendis\/vekker-oppsikt-igjen\/83754102\" rel=\"nofollow noopener\" target=\"_blank\"><\/p>\n<p>        <img loading=\"lazy\" decoding=\"async\" src=\"https:\/\/www.europesays.com\/no\/wp-content\/uploads\/2026\/09\/83757070.webp\" width=\"180\" height=\"81\" alt=\"\" class=\"lazyload\" style=\"--aspect-ratio-image: 2.22; \"\/><\/p>\n<p>        Vekker oppsikt igjen<\/p>\n<p>    <\/a><\/p>\n<p>Nylig la 13-\u00e5ringen ut en ny video p\u00e5 Tiktok-kontoen hun deler sammen med sin mor.\u00a0 Og if\u00f8lge den britiske avisen\u00a0<a href=\"https:\/\/www.dailymail.com\/tvshowbiz\/article-16099745\/kim-kardashian-fans-despair-daughter-north-appears-different-looking-nose-tiktok.html\" rel=\"nofollow noopener\" target=\"_blank\">Daily Mail<\/a> hagler det nok en gang inn reaksjoner.<\/p>\n<p>I klippet ses North if\u00f8rt en bl\u00e5, lang parykk, svarte tenner og kraftig sminke.<\/p>\n<p> Selv om b\u00e5de h\u00e5ret og tennene f\u00e5r oppmerksomhet, har mange hengt seg opp i nesen til ten\u00e5ringen &#8211; den ser nemlig ut til \u00e5 v\u00e6re kraftig sminket eller redigert, skriver Daily Mail. <\/p>\n<p> \u00abAt hun endrer den vakre nesen sin, gj\u00f8r meg virkelig oppr\u00f8rt. Hva er det som skjer her?\u00bb sp\u00f8r en f\u00f8lger i kommentarfeltet.\u00a0<\/p>\n<p>        <img loading=\"lazy\" decoding=\"async\" src=\"https:\/\/www.europesays.com\/no\/wp-content\/uploads\/2026\/09\/85104742.webp\" width=\"686\" height=\"460\" alt=\"\" class=\"\" style=\"--aspect-ratio-image: 1.49; \"\/><\/p>\n<p>\n        MOR OG DATTER: North West er datteren til superstjerene Kim Karadshian og Kanye West. Foto: Jm Haedrich \/ Sipa \/ Shutterstock \/ NTB\n    <\/p>\n<p>Reaksjonene stopper ikke der:\u00a0<\/p>\n<p>\u00abKim og Kanye, skam dere\u00bb, skriver en annen.\u00a0<\/p>\n<p>\u00abDette er ikke normalt\u00bb, legger en til.\u00a0<\/p>\n<p>        PAUSE: Ariana Grande tar en pause fra offentligheten. Video: Nora Skavhaug\/R\u00f8d L\u00f8per, \u00abpetal\u00bb\/Ariana Grande, Tiktok\/@katybaehm\/@chloesfilmreel\/@mario.montani.<\/p>\n<p>\u00abOMG, hun er altfor ung for dette\u00bb, bryter en annen ut.\u00a0<\/p>\n<p>Tar henne i forsvar\t<\/p>\n<p>Selv om mange kritiserer b\u00e5de North og superstjerneforeldrene, er det ogs\u00e5 mange fans som tar dem i forsvar.<\/p>\n<p>\u00abKim oppdro henne riktig\u00bb, skriver en f\u00f8lger p\u00e5 Tiktok.\u00a0<\/p>\n<p>\u00abDere sprer hat, men hun er faktisk s\u00e5\u00e5 kul\u00bb, skriver en annen til forsvar.\u00a0<\/p>\n<p>\u00abDere hadde \u00e5penbart ikke en \u00abemo-fase\u00bb og det synes\u00bb.<\/p>\n<p>        IKONISK: Else K\u00e5ss Furuseth svarer om den ikoniske detaljen. Video: Nora Skavhaug\/Karolina Grace\/R\u00f8d L\u00f8per. <\/p>\n<p>Musikkarriere\t<\/p>\n<p>I tillegg til \u00e5 v\u00e6re aktiv p\u00e5 sosiale medier, er 13 \u00e5r gamle North ogs\u00e5 artist. Hun startet musikkarrieren sin i fjor.\u00a0<\/p>\n<p>I mai slapp hun en musikkvideo til sangen\u00a0\u00ab#N0rth4evr\u00bb, der hun s\u00e5 ut til \u00e5 ha to piercinger i ansiktet. De var imidlertid falske.\u00a0<\/p>\n<p>I august 2025 skapte hun imidlertid igjen store reaksjoner\u00a0da hun avsl\u00f8rte at hun hadde f\u00e5tt en dermal piercing\u00a0under knoken p\u00e5 langefingeren. Disse var ekte.\u00a0<\/p>\n<p>        <img loading=\"lazy\" decoding=\"async\" src=\"https:\/\/www.europesays.com\/no\/wp-content\/uploads\/2026\/09\/85104794.webp\" width=\"686\" height=\"460\" alt=\"\" class=\"\" style=\"--aspect-ratio-image: 1.49; \"\/><\/p>\n<p>\n        ARTIST: Kjendisdatteren debuterte som artist i fjor. Foto: Daniel DeSlover \/ ZUMA Press Wire \/ Shutterstock \/ NTB\n    <\/p>\n<p>Dermale piercinger skiller seg fra andre piercinger ved at et lite anker festes under huden for \u00e5 holde smykket p\u00e5 plass.<\/p>\n<p>Som f\u00f8lge av dette inneb\u00e6rer de risikoer som keloid-arr,\u00a0infeksjon og, dersom de ikke tas godt nok vare p\u00e5, til og med at kroppen avviser piercingen.<\/p>\n<p>        <img loading=\"lazy\" decoding=\"async\" src=\"https:\/\/www.europesays.com\/no\/wp-content\/uploads\/2026\/09\/85104749.webp\" width=\"686\" height=\"666\" alt=\"\" class=\"\" style=\"--aspect-ratio-image: 1.03; \"\/><\/p>\n<p>\n        SMASK: Kim Kardashian og Kanye West giftet seg i 2014, f\u00f8r Kim s\u00e5 s\u00f8kte om skilsmisse i 2021. Foto: Image Press Agency \/ NurPhoto \/ Shutterstock \/ NTB\n    <\/p>\n<p>Den gang haglet ogs\u00e5 kritikken mot Kim Kardishan for \u00e5 ha latt datteren sin ta en dermal piercing i s\u00e5 ung alder. Kim har flere ganger omtalt seg selv som Norths prim\u00e6re omsorgsperson.<\/p>\n<p>&#8211; Vanskelig\t<\/p>\n<p>Kjendisdatteren fortsatte \u00e5 skape overskrifter i fjor. Reaksjonene hgaglet inn nok en gang da hun ble fotografert sammen med moren i\u00a0<a href=\"https:\/\/www.seher.no\/kjendis\/kritikken-hagler-gjor-det-aldri-igjen\/83730903\" rel=\"nofollow noopener\" target=\"_blank\">korte skj\u00f8rt og korsett<\/a>. Det tok ikke lang tid f\u00f8r mamma Kardashian tok henne i forsvar. <\/p>\n<p>    <a itemprop=\"url\" href=\"https:\/\/www.seher.no\/kjendis\/disse-er-med\/85103177\" rel=\"nofollow noopener\" target=\"_blank\"><\/p>\n<p>        <img loading=\"lazy\" decoding=\"async\" src=\"https:\/\/www.europesays.com\/no\/wp-content\/uploads\/2026\/09\/85103070.webp\" width=\"180\" height=\"81\" alt=\"\" class=\"lazyload\" style=\"--aspect-ratio-image: 2.22; \"\/><\/p>\n<p>        Disse er med<\/p>\n<p>    <\/a><\/p>\n<p class=\"font-weight-bold m-font-weight-bold\" data-lab-font_weight=\"font-weight-bold\"> I <a href=\"https:\/\/www.youtube.com\/watch?v=I6wCuvvaRPI\" rel=\"nofollow noopener\" target=\"_blank\">podkasten \u00abCall Her Daddy\u00bb<\/a>\u00a0fortalte realitystjernen hvor krevende det har v\u00e6rt for datteren \u00e5 vokse opp i rampelyset, og sa at hun er positiv til datterens interesse i mote. <\/p>\n<p> &#8211; Det er virkelig vanskelig, og samtidig interessant, fordi alle barna g\u00e5r med de samme kl\u00e6rne. Men s\u00e5 pr\u00f8ver datteren min det, og jeg sier: \u00abOK, det gj\u00f8r vi aldri igjen\u00bb. Dessverre gjorde vi den feilen foran hele verden, fortalte Kim i podkasten, if\u00f8lge\u00a0<a href=\"https:\/\/people.com\/kim-kardashian-shares-insight-on-daughter-north-style-asks-for-grace-following-criticism-11830080\" rel=\"nofollow noopener\" target=\"_blank\">People<\/a>. <\/p>\n<p>        <img loading=\"lazy\" decoding=\"async\" src=\"https:\/\/www.europesays.com\/no\/wp-content\/uploads\/2026\/09\/85104881.webp\" width=\"686\" height=\"920\" alt=\"\" class=\"\" style=\"--aspect-ratio-image: 0.75; \"\/><\/p>\n<p>\n        VOKSEN STIL: Flere reagerte p\u00e5 antrekket til North West, som her bare var 12 \u00e5r gammel. Foto: NTB\n    <\/p>\n<p> North er ett av de fire barna Kardashian og West fikk sammen &#8211; de andre er Saint (10), Chicago (8) og Psalm (7).<\/p>\n","protected":false},"excerpt":{"rendered":"North West:\u00a0 Mange sperret opp \u00f8ynene etter \u00e5 ha sett nesen til 13 \u00e5r gamle North West i&hellip;\n","protected":false},"author":2,"featured_media":343310,"comment_status":"","ping_status":"","sticky":false,"template":"","format":"standard","meta":{"footnotes":"","_share_on_mastodon":"0"},"categories":[58],"tags":[71,1860,1861,479,2543,30,28,9123,29,72],"class_list":["post-343309","post","type-post","status-publish","format-standard","has-post-thumbnail","category-underholdning","tag-entertainment","tag-kanye-west","tag-kim-kardashian","tag-kjendis","tag-kjendisdesken","tag-no","tag-norge","tag-north-west","tag-norway","tag-underholdning"],"share_on_mastodon":{"url":"https:\/\/pubeurope.com\/@no\/117209023815148391","error":""},"_links":{"self":[{"href":"https:\/\/www.europesays.com\/no\/wp-json\/wp\/v2\/posts\/343309","targetHints":{"allow":["GET"]}}],"collection":[{"href":"https:\/\/www.europesays.com\/no\/wp-json\/wp\/v2\/posts"}],"about":[{"href":"https:\/\/www.europesays.com\/no\/wp-json\/wp\/v2\/types\/post"}],"author":[{"embeddable":true,"href":"https:\/\/www.europesays.com\/no\/wp-json\/wp\/v2\/users\/2"}],"replies":[{"embeddable":true,"href":"https:\/\/www.europesays.com\/no\/wp-json\/wp\/v2\/comments?post=343309"}],"version-history":[{"count":0,"href":"https:\/\/www.europesays.com\/no\/wp-json\/wp\/v2\/posts\/343309\/revisions"}],"wp:featuredmedia":[{"embeddable":true,"href":"https:\/\/www.europesays.com\/no\/wp-json\/wp\/v2\/media\/343310"}],"wp:attachment":[{"href":"https:\/\/www.europesays.com\/no\/wp-json\/wp\/v2\/media?parent=343309"}],"wp:term":[{"taxonomy":"category","embeddable":true,"href":"https:\/\/www.europesays.com\/no\/wp-json\/wp\/v2\/categories?post=343309"},{"taxonomy":"post_tag","embeddable":true,"href":"https:\/\/www.europesays.com\/no\/wp-json\/wp\/v2\/tags?post=343309"}],"curies":[{"name":"wp","href":"https:\/\/api.w.org\/{rel}","templated":true}]}}