{"id":343319,"date":"2026-09-03T20:54:41","date_gmt":"2026-09-03T20:54:41","guid":{"rendered":"https:\/\/www.europesays.com\/no\/343319\/"},"modified":"2026-09-03T20:54:41","modified_gmt":"2026-09-03T20:54:41","slug":"trafikkulukke-hendelse-motorsyklist-omkom-i-trafikkulykke-pa-e16","status":"publish","type":"post","link":"https:\/\/www.europesays.com\/no\/343319\/","title":{"rendered":"Trafikkulukke, Hendelse | Motorsyklist omkom i trafikkulykke p\u00e5 E16"},"content":{"rendered":"\n<p>E16 ved Eggemoen er torsdag kveld stengt i begge retninger etter en trafikkulykke.<\/p>\n<p><b>Det var if\u00f8lge politiet kun en MC involvert i ulykken. Politiet melder klokken 20.14 at f\u00f8reren av motorsykkelen er erkl\u00e6rt d\u00f8d.<\/b><\/p>\n<p>Det var en mann i 20-\u00e5rene som kj\u00f8rte motorsykkelen.<\/p>\n<p>\u2013 P\u00e5r\u00f8rende er p\u00e5 stedet. De vil bli ivaretatt av kommunens kriseteam, sier politiets operasjonsleder Vegar Dale M\u00f8ane.<\/p>\n<p>Politiets innsatsleder Frode Presthus fortalte ved 20-tiden at veien blir stengt i lang tid framover.<\/p>\n<p>Dale M\u00f8ane meldte innledningsvis at ulykken framsto alvorlig og at det p\u00e5gikk hjerte-lunge-redning klokken 19.20.<\/p>\n<p>Ambulansehelikopter ankom litt etter klokken 19.30, og n\u00f8detatene var p\u00e5 stedet med mange enheter.<\/p>\n<p>Statens vegvesens ulykkesgruppe og politiets krimtenikere er sendt til stedet.<\/p>\n<p>   <img decoding=\"async\" width=\"2048\" height=\"1536\" fetchpriority=\"low\"  loading=\"lazy\"  src=\"https:\/\/www.europesays.com\/no\/wp-content\/uploads\/2026\/09\/827bec71-1459-4ce8-9f90-b4be06932add.jfif.jpeg\" alt=\"\" class=\"brick-c-cFOWSL\" style=\"--brick-image-ratio: 2048 \/ 1536;\"\/><\/p>\n<p>Det er lange k\u00f8er p\u00e5 stedet i begge retninger.<\/p>\n<p>Brannvesenet meldte om ulykken klokken 19.18.<\/p>\n<p>   <img decoding=\"async\" width=\"2048\" height=\"1366\" fetchpriority=\"low\"  loading=\"lazy\"  src=\"https:\/\/www.europesays.com\/no\/wp-content\/uploads\/2026\/09\/82b9f2ac-fa43-4dce-b5dd-a380895e5fd4.jfif.jpeg\" alt=\"\" class=\"brick-c-cFOWSL\" style=\"--brick-image-ratio: 2048 \/ 1366;\"\/><\/p>\n","protected":false},"excerpt":{"rendered":"E16 ved Eggemoen er torsdag kveld stengt i begge retninger etter en trafikkulykke. Det var if\u00f8lge politiet kun&hellip;\n","protected":false},"author":2,"featured_media":343320,"comment_status":"","ping_status":"","sticky":false,"template":"","format":"standard","meta":{"footnotes":"","_share_on_mastodon":"0"},"categories":[10],"tags":[36,1672,20,21,24,25,15,1576,22,23,13,30,28,29,14,16,1510,26,27,24305],"class_list":["post-343319","post","type-post","status-publish","format-standard","has-post-thumbnail","category-norge","tag-art","tag-brannvesen","tag-breaking-news","tag-breakingnews","tag-featured-news","tag-featurednews","tag-headlines","tag-hendelse","tag-latest-news","tag-latestnews","tag-news","tag-no","tag-norge","tag-norway","tag-nyheter","tag-overskrifter","tag-story","tag-top-stories","tag-topstories","tag-trafikkulukke"],"share_on_mastodon":{"url":"https:\/\/pubeurope.com\/@no\/117209102756453644","error":""},"_links":{"self":[{"href":"https:\/\/www.europesays.com\/no\/wp-json\/wp\/v2\/posts\/343319","targetHints":{"allow":["GET"]}}],"collection":[{"href":"https:\/\/www.europesays.com\/no\/wp-json\/wp\/v2\/posts"}],"about":[{"href":"https:\/\/www.europesays.com\/no\/wp-json\/wp\/v2\/types\/post"}],"author":[{"embeddable":true,"href":"https:\/\/www.europesays.com\/no\/wp-json\/wp\/v2\/users\/2"}],"replies":[{"embeddable":true,"href":"https:\/\/www.europesays.com\/no\/wp-json\/wp\/v2\/comments?post=343319"}],"version-history":[{"count":0,"href":"https:\/\/www.europesays.com\/no\/wp-json\/wp\/v2\/posts\/343319\/revisions"}],"wp:featuredmedia":[{"embeddable":true,"href":"https:\/\/www.europesays.com\/no\/wp-json\/wp\/v2\/media\/343320"}],"wp:attachment":[{"href":"https:\/\/www.europesays.com\/no\/wp-json\/wp\/v2\/media?parent=343319"}],"wp:term":[{"taxonomy":"category","embeddable":true,"href":"https:\/\/www.europesays.com\/no\/wp-json\/wp\/v2\/categories?post=343319"},{"taxonomy":"post_tag","embeddable":true,"href":"https:\/\/www.europesays.com\/no\/wp-json\/wp\/v2\/tags?post=343319"}],"curies":[{"name":"wp","href":"https:\/\/api.w.org\/{rel}","templated":true}]}}