{"id":343345,"date":"2026-09-03T21:12:23","date_gmt":"2026-09-03T21:12:23","guid":{"rendered":"https:\/\/www.europesays.com\/no\/343345\/"},"modified":"2026-09-03T21:12:23","modified_gmt":"2026-09-03T21:12:23","slug":"exynos-2700-vil-fa-en-stor-oppgradering-galaxy-s27-ultra-vil-ikke-tape","status":"publish","type":"post","link":"https:\/\/www.europesays.com\/no\/343345\/","title":{"rendered":"Exynos 2700 vil f\u00e5 en stor oppgradering. Galaxy S27 Ultra vil ikke tape"},"content":{"rendered":"<p>Samsung jobber hardt med sin nye Exynos 2700-prosessor, som kan bli introdusert allerede p\u00e5 slutten av \u00e5ret. Exynos 2700 skal visstnok produseres med en avansert 2nm-prosess og skal v\u00e6re enda bedre enn den n\u00e5v\u00e6rende Exynos 2600. Det g\u00e5r ogs\u00e5 rykter om at den kan finne veien inn i flaggskipet. Galaxy S27 UltraOg selv om dette kan v\u00e6re en skuffelse for mange, antyder den siste lekkasjen at Exynos 2700 ikke vil v\u00e6re noen sl\u00f8vhet.<\/p>\n<p class=\"gt-block\">Samsung har fulgt en strategi i flere \u00e5r der de inkluderer basismodeller Galaxy S og Plus er utstyrt med en Exynos-brikke i noen regioner, mens andre er utstyrt med en Snapdragon. I tilfelle av Ultra modell, s\u00e5 er den kraftigste Snapdragon det \u00e5penbare valget. Men neste \u00e5r kan ting v\u00e6re annerledes. En fersk rapport antyder at i noen deler av verden, <strong>Galaxy S27 Ultra<\/strong> kunne ha oppdaget nettopp med <a href=\"https:\/\/samsungmagazine.eu\/no\/2026\/08\/24\/exynos-2700-beat-snapdragon-8-elite\/\" rel=\"nofollow noopener\" target=\"_blank\"><strong>Exynos 2700<\/strong><\/a>, pluss at denne prosessoren kan plasseres i den n\u00e5v\u00e6rende strategien<strong> Galaxy S27<\/strong> a <strong>Galaxy S27+<\/strong>.<\/p>\n<p class=\"gt-block\">N\u00e5 har en forh\u00e5ndsvisning av brikkens interne design dukket opp p\u00e5 sosiale medier, og det er tydelig at Samsung jobber hardt for ikke bare \u00e5 ta igjen, men kanskje til og med overg\u00e5, Qualcomm. Og selv om vi ikke kjenner detaljene enn\u00e5, er det allerede klart at det vil v\u00e6re den mest avanserte brikken som noensinne er laget. <strong>kraftigste prosessoren<\/strong> den s\u00f8rkoreanske giganten.<\/p>\n<p>\t\t\t\t\tDu kan v\u00e6re interessert i<\/p>\n<p>                                <a href=\"https:\/\/samsungmagazine.eu\/no\/2026\/09\/03\/galaxy-s27-ultra-exynos-2700\/\" class=\"thumbnail\" title=\"Galaxy S27 Ultra kan f\u00f8re til en stor skuffelse. I noen land kan den f\u00e5 Exynos 2700\" rel=\"nofollow noopener\" target=\"_blank\"><\/p>\n<p>    <img decoding=\"async\" class=\"lazyload landscape \"  data- src=\"https:\/\/www.europesays.com\/no\/wp-content\/uploads\/2026\/09\/Galaxy-S26-Ultra-30.jpg\" title=\"Galaxy S26 Ultra 30\" alt=\"Galaxy S26 Ultra 30\" data-caption=\"\" data-orig-width=\"1900\" data-orig-height=\"1425\"\/><br \/>\n                    <\/a><\/p>\n<p>Exynos 2700-hemmeligheten avsl\u00f8rt<\/p>\n<p class=\"gt-block\">Leaker med et kallenavn <a href=\"https:\/\/x.com\/SemiAnalysis_\/status\/2095135407163801708\" target=\"_blank\" rel=\"noopener nofollow\">Semianalyse<\/a>har publisert en detaljert tidsplan, der vi ser<strong> 10-kjerners CPU<\/strong> med en endret kjernekonfigurasjon \u2013 to er hovedprosessorer, og den str\u00f8msparende er fullstendig frav\u00e6rende. Exynos 2700-brikken inneholder angivelig:<\/p>\n<ul>\n<li>to kraftige C2 CPU-kjerner Ultra Prime om frekvenser<strong> 4,24 GHz <\/strong>a<strong> 3,36 GHz<\/strong>,<\/li>\n<li>fire kraftige C2 Pro-kjerner klokket p\u00e5<strong> 3,74 GHz<\/strong>,<\/li>\n<li>fire C2 Pro-kjerner med en frekvens p\u00e5 <strong>2,88 GHz<\/strong>.<\/li>\n<\/ul>\n<p class=\"gt-block\">En annen ny funksjon er \u00e5 v\u00e6re solid<strong> 40 MB cache<\/strong>, hvorav 24 MB er systembuffer (SLC). En lekmann vil kanskje hoppe over denne informasjonen, men ved normal bruk av telefonen vil den v\u00e6re sv\u00e6rt viktig \u2013 den vil gi raskere tilgang til ofte brukte data. I tillegg b\u00f8r minnest\u00f8tte v\u00e6re tilgjengelig. <strong>LPDDR6<\/strong>s\u00e5 telefonene Galaxy S27 kunne endelig n\u00e5 en moderne standard og overg\u00e5 antallet betydelig Galaxy S26Og det burde ikke mangle nevneverdig <strong>st\u00f8rre NPU<\/strong> (Nevral prosesseringsenhet).<\/p>\n<p>Forbedret grafikk Galaxy S27<\/p>\n<p class=\"gt-block\">Lekkasjen avsl\u00f8rer ogs\u00e5 et annet interessant faktum. Den bekrefter en tidligere p\u00e5stand. leakerat Samsung bestemte seg for \u00e5 bruke den nye <strong>Xclipse 970 GPU<\/strong>Grafikken b\u00f8r v\u00e6re betydelig mer avansert, noe som ikke bare vil bli verdsatt av mobile spillere. 16 dataenheter organisert i \u00e5tte arbeidsgrupper kan gi en solid ytelses\u00f8kning. <a href=\"https:\/\/samsungmagazine.eu\/no\/2026\/07\/22\/galaxy-s27-dostane-exynos-2700-muze-dosahnout-42-ghz\/\" rel=\"nofollow noopener\" target=\"_blank\">Galaxy S27 Ultra<\/a>.<\/p>\n<blockquote class=\"twitter-tweet\" data-width=\"500\" data-dnt=\"true\">\n<p lang=\"en\" dir=\"ltr\" class=\"gt-block\">Her er et eksklusivt f\u00f8rste glimt av Samsungs kommende Exynos 2700 smarttelefon-SoC p\u00e5 deres SF2P-prosess! Samsung dobler antallet primerkjerner til to med denne generasjonen, i tr\u00e5d med andre i bransjen. Vi gleder oss til \u00e5 se n\u00e6rmere p\u00e5 denne brikken n\u00e5r den kommer. 2027! <a href=\"https:\/\/t.co\/j4NeT0Q8o6\" rel=\"nofollow\">pic.twitter.com\/j4NeT0Q8o6<\/a><\/p>\n<p class=\"gt-block\">\u2014 SemiAnalysis (@SemiAnalysis_) <a href=\"https:\/\/x.com\/SemiAnalysis_\/status\/2095135407163801708?ref_src=twsrc%5Etfw\" rel=\"nofollow\">September 2, 2026<\/a><\/p>\n<\/blockquote>\n<p class=\"gt-block\">Samsung har ikke offisielt bekreftet noe enn\u00e5, s\u00e5 vi er fortsatt i spekulasjonenes verden. Men tiden er i ferd med \u00e5 renne ut, og Exynos 2700 vil bli introdusert til verden om noen m\u00e5neder. Qualcomm vil ligge foran dem med sine prosessorer. <a href=\"https:\/\/samsungmagazine.eu\/no\/2026\/04\/22\/samsung-galaxy-s27-ultra-dostane-exkluzivni-cip-snapdragon-8-elite-gen-6-pro-vam-vyrazi-dech\/\" rel=\"nofollow noopener\" target=\"_blank\"><strong>Snapdragon 8 Elite Gen 6<\/strong><\/a> a<strong> Gen 6 Pro<\/strong>, noe som garantert vil tiltrekke seg enda mer oppmerksomhet. Og kanskje f\u00f8rst da vil Samsung endelig bestemme hvilken brikke de skal sette i hvilken telefon i serien. Galaxy S27 vil bruke<\/p>\n<p>Jeg er veldig nysgjerrig p\u00e5 den nye Exynos selv, fordi Exynos 2600 allerede har gjort store fremskritt sammenlignet med forgjengeren. Og siden jeg har fulgt lekkasjene s\u00e5 langt, ville det heller ikke avskrekket meg fra \u00e5 kj\u00f8pe en. Galaxy S26 UltraDessuten skulle jeg veldig gjerne sett at den slo Qualcomms l\u00f8sning.<\/p>\n<p>                    <script async src=\"https:\/\/platform.twitter.com\/widgets.js\" charset=\"utf-8\"><\/script><\/p>\n","protected":false},"excerpt":{"rendered":"Samsung jobber hardt med sin nye Exynos 2700-prosessor, som kan bli introdusert allerede p\u00e5 slutten av \u00e5ret. Exynos&hellip;\n","protected":false},"author":2,"featured_media":343346,"comment_status":"","ping_status":"","sticky":false,"template":"","format":"standard","meta":{"footnotes":"","_share_on_mastodon":"0"},"categories":[57],"tags":[30,28,29,65,63,64,66,70,69,67,68],"class_list":["post-343345","post","type-post","status-publish","format-standard","has-post-thumbnail","category-vitenskap-og-teknologi","tag-no","tag-norge","tag-norway","tag-science","tag-science-and-technology","tag-scienceandtechnology","tag-technology","tag-teknologi","tag-vitenskap","tag-vitenskap-og-teknologi","tag-vitenskapteknologi"],"share_on_mastodon":{"url":"https:\/\/pubeurope.com\/@no\/117209173608181976","error":""},"_links":{"self":[{"href":"https:\/\/www.europesays.com\/no\/wp-json\/wp\/v2\/posts\/343345","targetHints":{"allow":["GET"]}}],"collection":[{"href":"https:\/\/www.europesays.com\/no\/wp-json\/wp\/v2\/posts"}],"about":[{"href":"https:\/\/www.europesays.com\/no\/wp-json\/wp\/v2\/types\/post"}],"author":[{"embeddable":true,"href":"https:\/\/www.europesays.com\/no\/wp-json\/wp\/v2\/users\/2"}],"replies":[{"embeddable":true,"href":"https:\/\/www.europesays.com\/no\/wp-json\/wp\/v2\/comments?post=343345"}],"version-history":[{"count":0,"href":"https:\/\/www.europesays.com\/no\/wp-json\/wp\/v2\/posts\/343345\/revisions"}],"wp:featuredmedia":[{"embeddable":true,"href":"https:\/\/www.europesays.com\/no\/wp-json\/wp\/v2\/media\/343346"}],"wp:attachment":[{"href":"https:\/\/www.europesays.com\/no\/wp-json\/wp\/v2\/media?parent=343345"}],"wp:term":[{"taxonomy":"category","embeddable":true,"href":"https:\/\/www.europesays.com\/no\/wp-json\/wp\/v2\/categories?post=343345"},{"taxonomy":"post_tag","embeddable":true,"href":"https:\/\/www.europesays.com\/no\/wp-json\/wp\/v2\/tags?post=343345"}],"curies":[{"name":"wp","href":"https:\/\/api.w.org\/{rel}","templated":true}]}}