{"id":343357,"date":"2026-09-03T21:31:11","date_gmt":"2026-09-03T21:31:11","guid":{"rendered":"https:\/\/www.europesays.com\/no\/343357\/"},"modified":"2026-09-03T21:31:11","modified_gmt":"2026-09-03T21:31:11","slug":"pete-hegseth-i-trobbel-igjen-bodyshamet-canadisk-tenaring-mens-pentagon-er-i-intern-krise","status":"publish","type":"post","link":"https:\/\/www.europesays.com\/no\/343357\/","title":{"rendered":"Pete Hegseth i tr\u00f8bbel igjen: Bodyshamet canadisk ten\u00e5ring mens Pentagon er i intern krise"},"content":{"rendered":"<p><img decoding=\"async\" class=\"image-asset hyperion-css-u06ts1\" data-test-tag=\"image-asset\" src=\"https:\/\/www.europesays.com\/no\/wp-content\/uploads\/2026\/09\/6f36f9f8-cd72-31a4-9998-e359df669261.jpeg\"  alt=\"\"  loading=\"eager\" fetchpriority=\"high\" style=\"aspect-ratio:2048 \/ 1366\"\/> Foto: Mark Schiefelbein, AP\/NTB<\/p>\n<p class=\"contentWidth hyperion-css-1mepuqa\" data-test-tag=\"lead-text\">Forsvarsminister Pete Hegseth er blitt et problem for president Donald Trump. <\/p>\n<p>Publisert: 03.09.2026 22:52<\/p>\n<p class=\"paywall hyperion-css-1j42uic\">Natt til tirsdag la USAs forsvarsministerforsvarsministerPresident Donald Trump har omd\u00f8pt forsvarsdepartementet til Department of War. Navneskiftet er ikke er godkjent av Kongressen, og dermed heller ikke gyldig etter loven.  Pete Hegseth ut et bilde p\u00e5 X. Det viser to kvinner i milit\u00e6rkl\u00e6r som holder en medalje. Den ene av dem er sv\u00e6rt overvektig. <\/p>\n<p class=\"paywall hyperion-css-1j42uic\">\u00abDette er ekte\u00bb, skrev Hegseth og la til det canadiske flagget.<\/p>\n<p class=\"hyperion-css-1qm9e9t\">Les hele saken med abonnement<\/p>\n<p>Allerede abonnent? Logg inn<\/p>\n","protected":false},"excerpt":{"rendered":"Foto: Mark Schiefelbein, AP\/NTB Forsvarsminister Pete Hegseth er blitt et problem for president Donald Trump. Publisert: 03.09.2026 22:52&hellip;\n","protected":false},"author":2,"featured_media":343358,"comment_status":"","ping_status":"","sticky":false,"template":"","format":"standard","meta":{"footnotes":"","_share_on_mastodon":"0"},"categories":[12],"tags":[20,21,24,25,15,22,23,13,30,28,29,14,16,26,27,42,43,44,45],"class_list":["post-343357","post","type-post","status-publish","format-standard","has-post-thumbnail","category-verden","tag-breaking-news","tag-breakingnews","tag-featured-news","tag-featurednews","tag-headlines","tag-latest-news","tag-latestnews","tag-news","tag-no","tag-norge","tag-norway","tag-nyheter","tag-overskrifter","tag-top-stories","tag-topstories","tag-verden","tag-world","tag-world-news","tag-worldnews"],"share_on_mastodon":{"url":"https:\/\/pubeurope.com\/@no\/117209248022214308","error":""},"_links":{"self":[{"href":"https:\/\/www.europesays.com\/no\/wp-json\/wp\/v2\/posts\/343357","targetHints":{"allow":["GET"]}}],"collection":[{"href":"https:\/\/www.europesays.com\/no\/wp-json\/wp\/v2\/posts"}],"about":[{"href":"https:\/\/www.europesays.com\/no\/wp-json\/wp\/v2\/types\/post"}],"author":[{"embeddable":true,"href":"https:\/\/www.europesays.com\/no\/wp-json\/wp\/v2\/users\/2"}],"replies":[{"embeddable":true,"href":"https:\/\/www.europesays.com\/no\/wp-json\/wp\/v2\/comments?post=343357"}],"version-history":[{"count":0,"href":"https:\/\/www.europesays.com\/no\/wp-json\/wp\/v2\/posts\/343357\/revisions"}],"wp:featuredmedia":[{"embeddable":true,"href":"https:\/\/www.europesays.com\/no\/wp-json\/wp\/v2\/media\/343358"}],"wp:attachment":[{"href":"https:\/\/www.europesays.com\/no\/wp-json\/wp\/v2\/media?parent=343357"}],"wp:term":[{"taxonomy":"category","embeddable":true,"href":"https:\/\/www.europesays.com\/no\/wp-json\/wp\/v2\/categories?post=343357"},{"taxonomy":"post_tag","embeddable":true,"href":"https:\/\/www.europesays.com\/no\/wp-json\/wp\/v2\/tags?post=343357"}],"curies":[{"name":"wp","href":"https:\/\/api.w.org\/{rel}","templated":true}]}}