{"id":343361,"date":"2026-09-03T21:38:31","date_gmt":"2026-09-03T21:38:31","guid":{"rendered":"https:\/\/www.europesays.com\/no\/343361\/"},"modified":"2026-09-03T21:38:31","modified_gmt":"2026-09-03T21:38:31","slug":"trump-om-hormuzstredet-foreslar-a-bytte-navn-til-trumpstredet","status":"publish","type":"post","link":"https:\/\/www.europesays.com\/no\/343361\/","title":{"rendered":"Trump om Hormuzstredet: Foresl\u00e5r \u00e5 bytte navn til Trumpstredet"},"content":{"rendered":"<p class=\"subtitle font-weight-normal m-font-weight-normal font-Newsreader\" style=\"\">President Donald Trump gjentar at USA har full kontroll over Hormuzstredet og sp\u00f8r p\u00e5 Truth Social om ikke \u00abTrumpstredet\u00bb er et bedre navn.<\/p>\n<p>\n        President Donald Trump snakket i Det ovale kontor i Det hvite hus mandag. N\u00e5 lufter han tanken om \u00e5 endre navn p\u00e5 Hormuzstredet og kalle det opp etter ham selv.<br \/>\n        Jacquelyn Martin\/ AP \/ NTB\n    <\/p>\n<p class=\"kicker t18 font-weight-bold m-font-weight-bold tertiary color_mobile_tertiary font-Inter hasTextColor hasTextColorMobile\" style=\"\">Verden<\/p>\n<p>\u2013 N\u00e5 som vi har det under amerikansk kontroll, burde vi ikke endre navnet Hormuzstredet til TRUMPSTREDET? skriver Trump p\u00e5 sin egen <a href=\"https:\/\/truthsocial.com\/@realDonaldTrump\/posts\/117202132375758936\" rel=\"nofollow noopener\" target=\"_blank\">sosiale plattform<\/a>.<\/p>\n<p>        <a itemprop=\"url\" class=\"\" href=\"https:\/\/www.dagsavisen.no\/nyheter\/iran-om-usas-angrep-oppforer-seg-som-satan\/10511876\" data-k5a-url=\"https:\/\/www.dagsavisen.no\/a\/10511876\" rel=\"nofollow noopener\" target=\"_blank\"><\/p>\n<p>                Iran om USAs angrep: \u2013 Oppf\u00f8rer seg som Satan<\/p>\n<p>        <\/a><\/p>\n<p>Det er i realiteten Iran som har hatt streng kontroll over Hormuzstredet &#8211; en av verdens viktigste energikorridorer &#8211; siden USA og Israel gikk til angrep p\u00e5 landet 28. februar. Washington har siden innf\u00f8rt en marineblokade mot iranske havner.<\/p>\n<p>\u2013 Akkurat som Amerika selv, vil det v\u00e6re \u00abhetere\u00bb enn noen gang f\u00f8r, fortsetter Trump og avslutter som vanlig med \u00e5 takke for oppmerksomheten om denne saken.<\/p>\n<p>Rundt 20 prosent av verdens olje passerte gjennom stredet f\u00f8r krigen. Det er en helt annen situasjon i dag: Kun fire tank- og bulkskip passerte Hormuzstredet tirsdag, ned fra ti dagen f\u00f8r. Gjennomsnittet har v\u00e6rt rundt 13 fart\u00f8y daglig, viste forel\u00f8pige data fra skipssporingstjenesten Kpler tidligere onsdag.<\/p>\n<p>        <a itemprop=\"url\" class=\"\" href=\"https:\/\/www.dagsavisen.no\/nyheter\/canada-slar-tilbake-mot-trump-lake-ontario-na-og-for-alltid\/10501475\" data-k5a-url=\"https:\/\/www.dagsavisen.no\/a\/10501475\" rel=\"nofollow noopener\" target=\"_blank\"><\/p>\n<p>                Canada sl\u00e5r tilbake mot Trump: \u2013 Lake Ontario, n\u00e5 og for alltid<\/p>\n<p>        <\/a><\/p>\n","protected":false},"excerpt":{"rendered":"President Donald Trump gjentar at USA har full kontroll over Hormuzstredet og sp\u00f8r p\u00e5 Truth Social om ikke&hellip;\n","protected":false},"author":2,"featured_media":343362,"comment_status":"","ping_status":"","sticky":false,"template":"","format":"standard","meta":{"footnotes":"","_share_on_mastodon":"0"},"categories":[12],"tags":[20,21,24,25,15,22,23,13,30,28,29,14,16,26,27,42,43,44,45],"class_list":["post-343361","post","type-post","status-publish","format-standard","has-post-thumbnail","category-verden","tag-breaking-news","tag-breakingnews","tag-featured-news","tag-featurednews","tag-headlines","tag-latest-news","tag-latestnews","tag-news","tag-no","tag-norge","tag-norway","tag-nyheter","tag-overskrifter","tag-top-stories","tag-topstories","tag-verden","tag-world","tag-world-news","tag-worldnews"],"share_on_mastodon":{"url":"https:\/\/pubeurope.com\/@no\/117209274983672179","error":""},"_links":{"self":[{"href":"https:\/\/www.europesays.com\/no\/wp-json\/wp\/v2\/posts\/343361","targetHints":{"allow":["GET"]}}],"collection":[{"href":"https:\/\/www.europesays.com\/no\/wp-json\/wp\/v2\/posts"}],"about":[{"href":"https:\/\/www.europesays.com\/no\/wp-json\/wp\/v2\/types\/post"}],"author":[{"embeddable":true,"href":"https:\/\/www.europesays.com\/no\/wp-json\/wp\/v2\/users\/2"}],"replies":[{"embeddable":true,"href":"https:\/\/www.europesays.com\/no\/wp-json\/wp\/v2\/comments?post=343361"}],"version-history":[{"count":0,"href":"https:\/\/www.europesays.com\/no\/wp-json\/wp\/v2\/posts\/343361\/revisions"}],"wp:featuredmedia":[{"embeddable":true,"href":"https:\/\/www.europesays.com\/no\/wp-json\/wp\/v2\/media\/343362"}],"wp:attachment":[{"href":"https:\/\/www.europesays.com\/no\/wp-json\/wp\/v2\/media?parent=343361"}],"wp:term":[{"taxonomy":"category","embeddable":true,"href":"https:\/\/www.europesays.com\/no\/wp-json\/wp\/v2\/categories?post=343361"},{"taxonomy":"post_tag","embeddable":true,"href":"https:\/\/www.europesays.com\/no\/wp-json\/wp\/v2\/tags?post=343361"}],"curies":[{"name":"wp","href":"https:\/\/api.w.org\/{rel}","templated":true}]}}