{"id":343427,"date":"2026-09-03T23:46:13","date_gmt":"2026-09-03T23:46:13","guid":{"rendered":"https:\/\/www.europesays.com\/no\/343427\/"},"modified":"2026-09-03T23:46:13","modified_gmt":"2026-09-03T23:46:13","slug":"iphone-18-pro-kommer-snart-3-nye-farger-uventet-avslort-gjennom-komponentbilder","status":"publish","type":"post","link":"https:\/\/www.europesays.com\/no\/343427\/","title":{"rendered":"iPhone 18 Pro kommer snart: 3 nye farger uventet avsl\u00f8rt gjennom komponentbilder."},"content":{"rendered":"<p><strong>Tre nye farger har blitt lansert.<\/strong><\/p>\n<p> <strong>iPhone 18 Pro<\/strong> og <strong><a class=\"data-link\" data-org-href=\"https:\/\/www.vietnam.vn\/no\/tag\/iphone-18-pro-max\" href=\"https:\/\/www.vietnam.vn\/no\/tag\/iphone-18-pro-max\" title=\"iPhone 18 Pro Max\" target=\"_blank\" rel=\"nofollow noopener\">iPhone 18 Pro Max<\/a><\/strong> , sammen med den sammenleggbare <a class=\"data-link\" data-org-href=\"https:\/\/www.vietnam.vn\/no\/tag\/iphone-ultra\" href=\"https:\/\/www.vietnam.vn\/no\/tag\/iphone-ultra\" title=\"iPhone Ultra\" target=\"_blank\" rel=\"nofollow noopener\">iPhone Ultra-<\/a> modellen, er bare dager unna den offisielle lanseringen.<\/p>\n<p> Mens brukerne venter p\u00e5 <a class=\"data-link\" data-org-href=\"https:\/\/www.vietnam.vn\/no\/tag\/apple\" href=\"https:\/\/www.vietnam.vn\/no\/tag\/apple\" title=\"Eple\" target=\"_blank\" rel=\"nofollow noopener\">Apples<\/a> store begivenhet, har et nytt bilde dukket opp p\u00e5 nettet som viser SIM-kortskuffen til iPhone 18 Pro i alle tre forventede farger. <\/p>\n<p><img style=\"cursor:pointer\" data-original=\"https:\/\/static-images.vnncdn.net\/vps_images_publish\/000001\/000003\/2026\/9\/3\/iphone-18-pro-max-mau-moi-5-3081.png?width=0&amp;s=92cGK77v3PfmVHuFLHlOqw\" class=\"lazy \"  alt=\"iPhone 18 Pro Max nye farger 5.png\" data-thumb-small-src=\"https:\/\/www.europesays.com\/no\/wp-content\/uploads\/2026\/09\/iphone-18-pro-max-mau-moi-5-3081.png\"\/> Lekkede bilder viser SIM-kortskuffen til iPhone 18 Pro i nye farger. Foto: Sonny Dickson<\/p>\n<p> Basert p\u00e5 dette bildet ser det ut til at Apple vil tilby noen ganske interessante fargevalg for \u00e5rets iPhone Pro-serie. Det vil selvsagt ikke v\u00e6re for vanskelig \u00e5 velge den mest tiltalende fargen.<\/p>\n<p> Tidligere lekkasjer indikerte at <strong>iPhone 18 Pro<\/strong> ville komme i tre hovedfarger: en svart eller gr\u00e5 versjon, himmelbl\u00e5 og m\u00f8rk kirseb\u00e6r.<\/p>\n<p> En sv\u00e6rt p\u00e5litelig bransjekilde forsterket nylig denne informasjonen ved \u00e5 dele et bilde av en person som holder tre SIM-kortbrett som tilsvarer de nye fargene.<\/p>\n<p> Det er verdt \u00e5 merke seg at det for \u00f8yeblikket ikke finnes lignende informasjon om standardmodellen iPhone 18 eller iPhone Air 2. If\u00f8lge tidligere rapporter vil ikke disse to enhetene bli utgitt sammen med iPhone 18 Pro, men vil bli lansert av Apple tidlig neste \u00e5r, sammen med iPhone 18e.<\/p>\n<p> <strong>Kan svart gj\u00f8re et comeback p\u00e5 iPhone 18 Pro?<\/strong><\/p>\n<p> Av de tre fargene som er avsl\u00f8rt, er det mest oppmerksomhetsfangende alternativet sannsynligvis svart.<\/p>\n<p> Dette var en gang en av de mest popul\u00e6re fargene blant <a class=\"data-link\" data-org-href=\"https:\/\/www.vietnam.vn\/no\/tag\/smartphone\" href=\"https:\/\/www.vietnam.vn\/no\/tag\/smartphone\" title=\"smarttelefon\" target=\"_blank\" rel=\"nofollow noopener\">smarttelefonbrukere<\/a> over hele verden, men Apple fjernet det svarte alternativet fra iPhone 17 Pro-serien som ble lansert i fjor.<\/p>\n<p> Hvis Apple bringer tilbake det svarte fargealternativet p\u00e5 iPhone 18 Pro, vil det absolutt v\u00e6re en velkommen retur for mange brukere.<\/p>\n<p> Men n\u00e5r man ser p\u00e5 SIM-skuffen helt til venstre i det lekkede bildet, ser det ut til \u00e5 v\u00e6re gr\u00e5 i stedet for svart.<\/p>\n<p> Det er mulig at Apple bruker et s\u00f8lvfarget alternativ. Noen kilder har imidlertid tidligere antydet at s\u00f8lvalternativet har blitt fjernet fra planene for <strong>iPhone 18 Pro<\/strong> .<\/p>\n<p> Det at iPhone 17 Pro ikke kommer i svart ser imidlertid ikke ut til \u00e5 p\u00e5virke produktseriens appell nevneverdig.<\/p>\n<p> iPhone 17 forventes fortsatt \u00e5 bli en av de mest solgte smarttelefonseriene i 2026, og selv f\u00f8r det, fortsette \u00e5 opprettholde et sterkt salg i andre kvartal i \u00e5r, da <a class=\"data-link\" data-org-href=\"https:\/\/www.vietnam.vn\/no\/tag\/samsung\" href=\"https:\/\/www.vietnam.vn\/no\/tag\/samsung\" title=\"Samsung\" target=\"_blank\" rel=\"nofollow noopener\">Samsungs<\/a> Galaxy S26-serie dukket opp p\u00e5 markedet.<\/p>\n<p> <strong>Vil Dark Cherry bli den offisielle fargen for iPhone 18 Pro?<\/strong><\/p>\n<p> Selv om svart eller gr\u00e5tt gir et kjent utseende, og Sky Blue f\u00f8les ungdommelig, skiller Dark Cherry seg virkelig ut som et s\u00e6regent valg for \u00e5rets <strong>iPhone 18 Pro<\/strong> .<\/p>\n<p> If\u00f8lge lekket informasjon er Dark Cherry navnet p\u00e5 den nye dype kirseb\u00e6rr\u00f8de fargen. Dette regnes som en mykere og mer tilbakeholden versjon sammenlignet med Cosmic Orange, den sl\u00e5ende oransje fargen som for\u00e5rsaket mye debatt p\u00e5 iPhone 17 Pro.<\/p>\n<p> Brukerreaksjonene p\u00e5 Dark Cherry er for tiden ganske blandede. Noen synes fargen er for sl\u00e5ende, mens andre anser den som en av de vakreste fargene Apple noen gang har brukt til iPhone Pro-serien.<\/p>\n<p> I likhet med den nye designen til iPhone 17 Pro, kan det imidlertid ta litt tid for brukerne \u00e5 venne seg til Dark Cherry.<\/p>\n<p> Fargene som i utgangspunktet var kontroversielle blir noen ganger mer tiltalende n\u00e5r de dukker opp i brukerens hender.<\/p>\n<p> Sammenlignet med tidligere sl\u00e5ende farger som Cosmic Orange eller Desert Titanium, har Dark Cherry st\u00f8rre appell og tilbyr en premiumf\u00f8lelse uten \u00e5 v\u00e6re overdrevent prangende.<\/p>\n<p> Denne fargen er s\u00e6regen nok til \u00e5 f\u00e5 den nye iPhonen til \u00e5 skille seg ut, men ikke like prangende som noen av de tidligere spesialfargealternativene.<\/p>\n<p> De lekkede bildene kan selvsagt ikke bekrefte den endelige fargen p\u00e5 iPhone 18 Pro fullt ut. Apple kan fortsatt endre navnet eller overflatebehandlingen f\u00f8r produktet offisielt dukker opp.<\/p>\n<p> (If\u00f8lge PhoneArena) <\/p>\n<p class=\"mb-0\"> Kilde: https:\/\/vietnamnet.vn\/iphone-18-pro-sap-ra-mat-3-mau-moi-bat-ngo-lo-dien-qua-anh-linh-kien-2551609.html<\/p>\n","protected":false},"excerpt":{"rendered":"Tre nye farger har blitt lansert. iPhone 18 Pro og iPhone 18 Pro Max , sammen med den&hellip;\n","protected":false},"author":2,"featured_media":343428,"comment_status":"","ping_status":"","sticky":false,"template":"","format":"standard","meta":{"footnotes":"","_share_on_mastodon":"0"},"categories":[57],"tags":[2852,25359,25358,30,28,29,65,63,64,66,70,69,67,68],"class_list":["post-343427","post","type-post","status-publish","format-standard","has-post-thumbnail","category-vitenskap-og-teknologi","tag-eple","tag-iphone-18-pro","tag-iphone-18-pro-max","tag-no","tag-norge","tag-norway","tag-science","tag-science-and-technology","tag-scienceandtechnology","tag-technology","tag-teknologi","tag-vitenskap","tag-vitenskap-og-teknologi","tag-vitenskapteknologi"],"share_on_mastodon":{"url":"https:\/\/pubeurope.com\/@no\/117209778759308136","error":""},"_links":{"self":[{"href":"https:\/\/www.europesays.com\/no\/wp-json\/wp\/v2\/posts\/343427","targetHints":{"allow":["GET"]}}],"collection":[{"href":"https:\/\/www.europesays.com\/no\/wp-json\/wp\/v2\/posts"}],"about":[{"href":"https:\/\/www.europesays.com\/no\/wp-json\/wp\/v2\/types\/post"}],"author":[{"embeddable":true,"href":"https:\/\/www.europesays.com\/no\/wp-json\/wp\/v2\/users\/2"}],"replies":[{"embeddable":true,"href":"https:\/\/www.europesays.com\/no\/wp-json\/wp\/v2\/comments?post=343427"}],"version-history":[{"count":0,"href":"https:\/\/www.europesays.com\/no\/wp-json\/wp\/v2\/posts\/343427\/revisions"}],"wp:featuredmedia":[{"embeddable":true,"href":"https:\/\/www.europesays.com\/no\/wp-json\/wp\/v2\/media\/343428"}],"wp:attachment":[{"href":"https:\/\/www.europesays.com\/no\/wp-json\/wp\/v2\/media?parent=343427"}],"wp:term":[{"taxonomy":"category","embeddable":true,"href":"https:\/\/www.europesays.com\/no\/wp-json\/wp\/v2\/categories?post=343427"},{"taxonomy":"post_tag","embeddable":true,"href":"https:\/\/www.europesays.com\/no\/wp-json\/wp\/v2\/tags?post=343427"}],"curies":[{"name":"wp","href":"https:\/\/api.w.org\/{rel}","templated":true}]}}