{"id":343459,"date":"2026-09-04T01:00:15","date_gmt":"2026-09-04T01:00:15","guid":{"rendered":"https:\/\/www.europesays.com\/no\/343459\/"},"modified":"2026-09-04T01:00:15","modified_gmt":"2026-09-04T01:00:15","slug":"tre-apple-produkter-til-er-lagt-til-listen-over-utdaterte-varer","status":"publish","type":"post","link":"https:\/\/www.europesays.com\/no\/343459\/","title":{"rendered":"Tre Apple-produkter til er lagt til listen over utdaterte varer."},"content":{"rendered":"<p>De tre modellene inkluderer 2018 13-tommers MacBook Air Retina, 2018 13-tommers MacBook Pro med fire Thunderbolt 3-porter og 2017 13-tommers MacBook Pro med to Thunderbolt 3-porter.<\/p>\n<p> Alle tre har nettopp blitt lagt til <a class=\"data-link\" data-org-href=\"https:\/\/www.vietnam.vn\/no\/tag\/apple\" href=\"https:\/\/www.vietnam.vn\/no\/tag\/apple\" title=\"Eple\" target=\"_blank\" rel=\"nofollow noopener\">Apples<\/a> globale liste over foreldede produkter. <\/p>\n<p><img style=\"cursor:pointer\" data-original=\"https:\/\/static-images.vnncdn.net\/vps_images_publish\/000001\/000003\/2026\/9\/4\/macbook-air2018-5-9.jpg?width=0&amp;s=qyobgm3GqkeBz-MlMUMXCA\" class=\"lazy \"  alt=\"macbook_air2018_5.jpg\" data-thumb-small-src=\"https:\/\/www.europesays.com\/no\/wp-content\/uploads\/2026\/09\/macbook-air2018-5-9.jpg\"\/> 2018 MacBook Air Retina er offisielt erkl\u00e6rt foreldet. (Bilde: letemsvetemapplem)<\/p>\n<p> Tidligere ble disse modellene kategorisert som \u00abvintage\u00bb av Apple. I f\u00f8lge Apples retningslinjer regnes et produkt som vintage n\u00e5r det er mer enn 5 \u00e5r gammelt, men ikke mer enn 7 \u00e5r siden selskapet sluttet \u00e5 distribuere og selge det.<\/p>\n<p> Etter mer enn 7 \u00e5r flyttes produktet vanligvis til kategorien foreldet.<\/p>\n<p> <strong>Hvordan p\u00e5virkes brukere av utdaterte MacBook-er?<\/strong><\/p>\n<p> If\u00f8lge Apples st\u00f8tteside er utdaterte produkter enheter som selskapet har sluttet \u00e5 tilby maskinvareservice for, og som tjenesteleverand\u00f8rer ikke kan skaffe reservedeler til.<\/p>\n<p> 2018 MacBook Air er en av de mest bemerkelsesverdige generasjonene i serien. Det var den f\u00f8rste MacBook Air som hadde Retina-skjerm og Touch ID-fingeravtrykkssensor.<\/p>\n<p> Enheten har ogs\u00e5 tynnere rammer og et slankere og lettere design sammenlignet med tidligere generasjoner.<\/p>\n<p> I mellomtiden brukte 2017 MacBook Pro Intel Kaby Lake-brikker. Den oppgraderte 2018-versjonen la til True Tone-skjermteknologi og et tredje generasjons sommerfugltastatur.<\/p>\n<p> <strong>Hvilke enheter kan snart bli ansett som foreldet?<\/strong><\/p>\n<p> Noen nyere produkter er fortsatt oppf\u00f8rt som vintage i stedet for utdaterte av Apple.<\/p>\n<p> Disse inkluderer 2019- og 2020-modellene av MacBook Air Retina, 2019-modellene av MacBook Pro og 2017-modellen av 12-tommers MacBook Retina.<\/p>\n<p> Apple kategoriserer ogs\u00e5 noen senere iPhone-modeller som vintage, inkludert iPhone 6s, iPhone 7 og iPhone 8, sammen med iPhone XS, XS Max, 11 Pro og 11 Pro Max.<\/p>\n<p> N\u00e5r en enhet g\u00e5r fra \u00e5 v\u00e6re vintage til \u00e5 bli utdatert, kan brukere m\u00f8te st\u00f8rre problemer med \u00e5 reparere den fordi Apple og deres autoriserte forhandlere ikke lenger garanterer levering av maskinvarekomponenter til produktet.<\/p>\n<p> (If\u00f8lge Newsweek) <\/p>\n<p class=\"mb-0\"> Kilde: https:\/\/vietnamnet.vn\/them-ba-san-pham-apple-vao-danh-list-loi-thoi-2551611.html<\/p>\n","protected":false},"excerpt":{"rendered":"De tre modellene inkluderer 2018 13-tommers MacBook Air Retina, 2018 13-tommers MacBook Pro med fire Thunderbolt 3-porter og&hellip;\n","protected":false},"author":2,"featured_media":343460,"comment_status":"","ping_status":"","sticky":false,"template":"","format":"standard","meta":{"footnotes":"","_share_on_mastodon":"0"},"categories":[57],"tags":[2852,18513,30,28,29,65,63,64,66,70,69,67,68],"class_list":["post-343459","post","type-post","status-publish","format-standard","has-post-thumbnail","category-vitenskap-og-teknologi","tag-eple","tag-macbook","tag-no","tag-norge","tag-norway","tag-science","tag-science-and-technology","tag-scienceandtechnology","tag-technology","tag-teknologi","tag-vitenskap","tag-vitenskap-og-teknologi","tag-vitenskapteknologi"],"share_on_mastodon":{"url":"https:\/\/pubeurope.com\/@no\/117210069300864518","error":""},"_links":{"self":[{"href":"https:\/\/www.europesays.com\/no\/wp-json\/wp\/v2\/posts\/343459","targetHints":{"allow":["GET"]}}],"collection":[{"href":"https:\/\/www.europesays.com\/no\/wp-json\/wp\/v2\/posts"}],"about":[{"href":"https:\/\/www.europesays.com\/no\/wp-json\/wp\/v2\/types\/post"}],"author":[{"embeddable":true,"href":"https:\/\/www.europesays.com\/no\/wp-json\/wp\/v2\/users\/2"}],"replies":[{"embeddable":true,"href":"https:\/\/www.europesays.com\/no\/wp-json\/wp\/v2\/comments?post=343459"}],"version-history":[{"count":0,"href":"https:\/\/www.europesays.com\/no\/wp-json\/wp\/v2\/posts\/343459\/revisions"}],"wp:featuredmedia":[{"embeddable":true,"href":"https:\/\/www.europesays.com\/no\/wp-json\/wp\/v2\/media\/343460"}],"wp:attachment":[{"href":"https:\/\/www.europesays.com\/no\/wp-json\/wp\/v2\/media?parent=343459"}],"wp:term":[{"taxonomy":"category","embeddable":true,"href":"https:\/\/www.europesays.com\/no\/wp-json\/wp\/v2\/categories?post=343459"},{"taxonomy":"post_tag","embeddable":true,"href":"https:\/\/www.europesays.com\/no\/wp-json\/wp\/v2\/tags?post=343459"}],"curies":[{"name":"wp","href":"https:\/\/api.w.org\/{rel}","templated":true}]}}