{"id":343467,"date":"2026-09-04T02:25:16","date_gmt":"2026-09-04T02:25:16","guid":{"rendered":"https:\/\/www.europesays.com\/no\/343467\/"},"modified":"2026-09-04T02:25:16","modified_gmt":"2026-09-04T02:25:16","slug":"frikjent-for-drapet-pa-daphne-caruana-galizia","status":"publish","type":"post","link":"https:\/\/www.europesays.com\/no\/343467\/","title":{"rendered":"Frikjent for drapet p\u00e5 Daphne Caruana Galizia"},"content":{"rendered":"\n<ul class=\"_list_145nj_3 _list_64s2r_85 _unordered_145nj_106 text-sans-m\">\n<li class=\"_item_145nj_30\">Den maltesiske forretningsmannen Yorgen Fenech er frikjent for drapet p\u00e5 journalisten Daphne Caruana Galizia.<\/li>\n<li class=\"_item_145nj_30\">Ni \u00e5r etter drapet er ingen blitt d\u00f8mt for \u00e5 ha bestilt det.<\/li>\n<li class=\"_item_145nj_30\">Frifinnelsen har skapt raseri og anklager om rettssystemets svikt.<\/li>\n<li class=\"_item_145nj_30\">Fem menn er tidligere d\u00f8mt for utf\u00f8relsen, men ikke for bestillingen.<\/li>\n<\/ul>\n<p>Vis mer <\/p>\n<p class=\"_paragraph_145nj_4 _paragraph_6fko5_10 layout-component text-serif-m layout-normal text-serif-m layout-padded\">Klokken 19.30 onsdag kveld gikk det gisp gjennom sal 22 i rettsbygningen i Vallettas gamleby. En juryjuryEn gruppe mennesker som avgj\u00f8r skyld eller uskyld i en rettssak. frikjentefrikjente N\u00e5r en person blir erkl\u00e6rt uskyldig i en rettssak og ikke blir d\u00f8mt for anklagene mot seg. den maltesiske forretningsmannen Yorgen Fenech (44) for \u00e5 ha bestilt drapet p\u00e5 den kjente gravejournalisten Daphne Caruana Galizia i 2017.<\/p>\n<p class=\"_paragraph_145nj_4 _paragraph_6fko5_10 layout-component text-serif-m layout-normal text-serif-m layout-padded\">Fenech, arving til en av <a href=\"https:\/\/www.vg.no\/tag\/malta?utm_source=vg-article&amp;utm_medium=auto-tagger&amp;utm_campaign=3pQ8AX\" class=\"_link_145nj_39\" rel=\"nofollow noopener\" target=\"_blank\">Maltas<\/a> st\u00f8rste formuer, risikerte livstid i fengsel. N\u00e5 er han en fri mann etter nesten syv \u00e5r i og ut av varetektvaretektN\u00e5r en person holdes i fengsel mens de venter p\u00e5 rettssak eller dom., skriver <a href=\"https:\/\/www.theguardian.com\/world\/2026\/sep\/03\/sabotage-leaks-and-political-ties-the-story-of-the-daphne-caruana-galizia-trial\" class=\"_link_145nj_39\" rel=\"nofollow noopener\" target=\"_blank\">The Guardian<\/a>.<\/p>\n<p class=\"_paragraph_145nj_4 _paragraph_6fko5_10 layout-component text-serif-m layout-normal text-serif-m layout-padded\">Juryen frikjente ham med \u00e5tte mot \u00e9n stemme p\u00e5 begge tiltalepunktenetiltalepunkteneDe spesifikke lovbruddene en person er anklaget for i en rettssak.: medvirkning til drap og kriminell sammensvergelse.kriminell sammensvergelse.N\u00e5r to eller flere personer planlegger \u00e5 beg\u00e5 en forbrytelse sammen.<\/p>\n<p class=\"_paragraph_145nj_4 _paragraph_6fko5_10 layout-component text-serif-m layout-normal text-serif-m layout-padded\">\u2013 Det som skjedde i det rommet er ikke rettferdighet, men ren ondskap, skrev Matthew Caruana Galizia, Daphnes eldste s\u00f8nn, i et <a href=\"https:\/\/www.facebook.com\/matthewcaruanagalizia\/posts\/pfbid0q3ztxKyBwawUmoMcsr64T7iV1UWVD6z2Dui9CC2PDJjPGaj2ybDqD4WvwsziTnofl\" class=\"_link_145nj_39\" rel=\"nofollow noopener\" target=\"_blank\">innlegg p\u00e5 Facebook<\/a>. <\/p>\n<p>Bombe utenfor hjemmet<\/p>\n<p class=\"_paragraph_145nj_4 _paragraph_6fko5_10 layout-component text-serif-m layout-normal text-serif-m layout-padded\">Daphne Caruana Galizia ble drept 16. oktober 2017, bare noen meter fra hjemmet sitt. En bombe plassert under f\u00f8rersetet p\u00e5 leiebilen hennes rev kj\u00f8ret\u00f8yet i filler og spredte brennende rester utover veien og et jorde. Det skriver The Guardian.<\/p>\n<p class=\"_paragraph_145nj_4 _paragraph_6fko5_10 layout-component text-serif-m layout-normal text-serif-m layout-padded\">Hun var 53 \u00e5r gammel.<\/p>\n<p><img alt=\"Et bilde av Daphne Caruana Galizia fra 2016.  Foto: Jon Borg \/ AP \/ NTB\" class=\"_image_jw3bv_65 layout-component layout-normal\" data-fullscreen- data-track-element-type=\"Article image fullscreen\" data-track-name=\"ImageFullscreen\" decoding=\"async\" loading=\"lazy\" height=\"1323\" itemprop=\"image\"  src=\"https:\/\/www.europesays.com\/no\/wp-content\/uploads\/2026\/09\/d7b38a60-055e-3670-8c3d-2397865a1c84.jpeg\"  style=\"object-position:0% 0%\" width=\"1974\"\/>Et bilde av Daphne Caruana Galizia fra 2016.  Foto: Jon Borg \/ AP \/ NTB<\/p>\n<p class=\"_paragraph_145nj_4 _paragraph_6fko5_10 layout-component text-serif-m layout-normal text-serif-m layout-padded\">Bloggen hennes \u00abRunning Commentary\u00bb var blant de mest leste nyhetsnettstedene p\u00e5 Malta. Hun hadde skrevet om korrupsjon, hvitvasking, organisert kriminalitet og politisk maktmisbruk, og pekt ut mektige personer, blant dem Fenech og politikerne han sto n\u00e6r.<\/p>\n<p class=\"_paragraph_145nj_4 _paragraph_6fko5_10 layout-component text-serif-m layout-normal text-serif-m layout-padded\">I m\u00e5nedene f\u00f8r drapet hadde hun publisert avsl\u00f8ringer som kastet den maltesiske regjeringen ut i skandale. Basert p\u00e5 Panama Papers hadde hun funnet bevis for at energiministeren Konrad Mizzi og statsministerens stabssjef Keith Schembri hadde opprettet offshoreselskaper via anonyme truster.<\/p>\n<p><img alt=\"Et skilt med teksten \u00abEt overskudd av korrupsjon\u00bb og et portrett av Daphne Caruana Galizia holdes opp av demonstranter utenfor parlamentet etter at den Yorgen Fenech ble frikjent for \u00e5 ha planlagt og medvirket til drapet p\u00e5 henne i 2017.  Foto: Darrin Zammit Lupi \/ Reuters \/ NTB\" class=\"_image_jw3bv_65 layout-component layout-normal\" data-fullscreen- data-track-element-type=\"Article image fullscreen\" data-track-name=\"ImageFullscreen\" decoding=\"async\" loading=\"lazy\" height=\"3175\" itemprop=\"image\"  src=\"https:\/\/www.europesays.com\/no\/wp-content\/uploads\/2026\/09\/61bdb3e4-d1bd-30ea-85c9-02b69ef2e50f.jpeg\"  style=\"object-position:0% 0%\" width=\"4763\"\/>Et skilt med teksten \u00abEt overskudd av korrupsjon\u00bb og et portrett av Daphne Caruana Galizia holdes opp av demonstranter utenfor parlamentet etter at den Yorgen Fenech ble frikjent for \u00e5 ha planlagt og medvirket til drapet p\u00e5 henne i 2017.  Foto: Darrin Zammit Lupi \/ Reuters \/ NTB<\/p>\n<p class=\"_paragraph_145nj_4 _paragraph_6fko5_10 layout-component text-serif-m layout-normal text-serif-m layout-padded\">Fem menn er tidligere d\u00f8mt i saken: tre for selve utf\u00f8relsen av drapet, og to for \u00e5 ha levert bomben. <\/p>\n<p class=\"_paragraph_145nj_4 _paragraph_6fko5_10 layout-component text-serif-m layout-normal text-serif-m layout-padded\">Men hovedmannen, den som bestilte drapet, er fremdeles ikke funnet.<\/p>\n<p>\u00abL\u00f8ven og myggen\u00bb<\/p>\n<p class=\"_paragraph_145nj_4 _paragraph_6fko5_10 layout-component text-serif-m layout-normal text-serif-m layout-padded\">Sentralt i rettssaken sto taxisj\u00e5f\u00f8ren Melvin Theuma, som hevdet han hadde v\u00e6rt mellommann mellom Fenech og leiemorderne. Han fikk presidentben\u00e5dningpresidentben\u00e5dningN\u00e5r en president gir en person fritak fra straff eller reduserer straffen deres.<\/p>\n<p> i 2019 i bytte mot \u00e5 vitne.<\/p>\n<p class=\"_paragraph_145nj_4 _paragraph_6fko5_10 layout-component text-serif-m layout-normal text-serif-m layout-padded\">\u2013 Jeg hang med en l\u00f8ve, og jeg er en mygg, slik beskrev Theuma sitt forhold til den mektige forretningsmannen i retten, skriver The Guardian. <\/p>\n<p><img alt=\"Melvin Theuma, et sentralt vitne og selvutnevnt mellomledd.  Foto: Darrin Zammit Lupi \/ Reuters \/ NTB\" class=\"_image_jw3bv_65 layout-component layout-normal\" data-fullscreen- data-track-element-type=\"Article image fullscreen\" data-track-name=\"ImageFullscreen\" decoding=\"async\" loading=\"lazy\" height=\"3022\" itemprop=\"image\"  src=\"https:\/\/www.europesays.com\/no\/wp-content\/uploads\/2026\/09\/f78c5a89-8ff5-3d55-8fa9-196bfc9b0511.jpeg\"  style=\"object-position:0% 0%\" width=\"4315\"\/>Melvin Theuma, et sentralt vitne og selvutnevnt mellomledd.  Foto: Darrin Zammit Lupi \/ Reuters \/ NTB<\/p>\n<p class=\"_paragraph_145nj_4 _paragraph_6fko5_10 layout-component text-serif-m layout-normal text-serif-m layout-padded\">Theuma hadde tatt opp samtaler med Fenech i hemmelighet, og opptakene ble en hj\u00f8rnestein i p\u00e5talemyndighetens sak. I ett av opptakene som ble spilt av for juryen, kunne man h\u00f8re Fenech si:<\/p>\n<p class=\"_paragraph_145nj_4 _paragraph_6fko5_10 layout-component text-serif-m layout-normal text-serif-m layout-padded\">\u2013 Ikke bekymre deg for meg, ingen kan r\u00f8re meg.<\/p>\n<p class=\"_paragraph_145nj_4 _paragraph_6fko5_10 layout-component text-serif-m layout-normal text-serif-m layout-padded\">Under rettssaken innr\u00f8mmet Fenech at han hadde betalt 400 000 euro via Theuma for \u00e5 dekke leiemordernes advokatregninger. Han hevdet at dette var for \u00e5 holde taxisj\u00e5f\u00f8ren rolig. Fenech nektet imidlertid for \u00e5 ha bestilt drapet. <\/p>\n<p><img alt=\"Yorgen Fenech forlater rettsbygningen p\u00e5 Malta etter \u00e5 ha blitt frikjent av juryen med 8 mot 1 stemmer for drapet p\u00e5 journalisten Daphne Caruana Galizia, i Valletta 2. september 2026.  Foto: MATTHEW MIRABELLI \/ AFP \/ NTB\" class=\"_image_jw3bv_65 layout-component layout-normal\" data-fullscreen- data-track-element-type=\"Article image fullscreen\" data-track-name=\"ImageFullscreen\" decoding=\"async\" loading=\"lazy\" height=\"2000\" itemprop=\"image\"  src=\"https:\/\/www.europesays.com\/no\/wp-content\/uploads\/2026\/09\/6e4f81a0-499b-31cd-b13c-1e3b21d84b69.jpeg\"  style=\"object-position:0% 0%\" width=\"3000\"\/>Yorgen Fenech forlater rettsbygningen p\u00e5 Malta etter \u00e5 ha blitt frikjent av juryen med 8 mot 1 stemmer for drapet p\u00e5 journalisten Daphne Caruana Galizia, i Valletta 2. september 2026.  Foto: MATTHEW MIRABELLI \/ AFP \/ NTB<\/p>\n<p class=\"_paragraph_145nj_4 _paragraph_6fko5_10 layout-component text-serif-m layout-normal text-serif-m layout-padded\">\u2013 Jeg beordret aldri drapet p\u00e5 Daphne Caruana Galizia, eller noen andres. Jeg hadde ingen rolle i drapet hennes, forklarte han i vitneboksen. <\/p>\n<p class=\"_paragraph_145nj_4 _paragraph_6fko5_10 layout-component text-serif-m layout-normal text-serif-m layout-padded\">Fenechs forsvarere pekte i stedet p\u00e5 statsministerens tidligere stabssjef Keith Schembri, Fenechs barndomsvenn, som den egentlige bakmannen. <\/p>\n<p class=\"_paragraph_145nj_4 _paragraph_6fko5_10 layout-component text-serif-m layout-normal text-serif-m layout-padded\">Schembri nekter for enhver involvering i drapet, og politiet har opplyst i retten at han aldri var mistenkt for drapet.<\/p>\n<p>Lekkasjer fra toppen<\/p>\n<p class=\"_paragraph_145nj_4 _paragraph_6fko5_10 layout-component text-serif-m layout-normal text-serif-m layout-padded\">Vitne etter vitne fortalte om fors\u00f8k p\u00e5 \u00e5 sabotere etterforskningen. If\u00f8lge The Guardian fikk juryen h\u00f8re at sensitive detaljer fra etterforskningen ble lekket, og at mye av informasjonen kom fra statsministerens n\u00e6rmeste medarbeider.<\/p>\n<p class=\"_paragraph_145nj_4 _paragraph_6fko5_10 layout-component text-serif-m layout-normal text-serif-m layout-padded\">Schembri er tiltalt i en egen straffesak for angivelig gjentatte ganger \u00e5 ha lekket detaljer om drapsetterforskningen til Fenech. <\/p>\n<p class=\"_paragraph_145nj_4 _paragraph_6fko5_10 layout-component text-serif-m layout-normal text-serif-m layout-padded\">Han nekter straffskyld.<\/p>\n<p><img alt=\"Demonstranter holder opp bilder av Daphne Caruana Galizia mens de samles utenfor Statsministerens kontor for \u00e5 kreve hans avgang, i Valletta p\u00e5 Malta, 20. november 2019.  Foto: MATTHEW MIRABELLI \/ AFP \/ NTB\" class=\"_image_jw3bv_65 layout-component layout-normal\" data-fullscreen- data-track-element-type=\"Article image fullscreen\" data-track-name=\"ImageFullscreen\" decoding=\"async\" loading=\"lazy\" height=\"3950\" itemprop=\"image\"  src=\"https:\/\/www.europesays.com\/no\/wp-content\/uploads\/2026\/09\/2066726f-6742-3022-b852-192e2bb91e3f.jpeg\"  style=\"object-position:0% 0%\" width=\"5885\"\/>Demonstranter holder opp bilder av Daphne Caruana Galizia mens de samles utenfor Statsministerens kontor for \u00e5 kreve hans avgang, i Valletta p\u00e5 Malta, 20. november 2019.  Foto: MATTHEW MIRABELLI \/ AFP \/ NTB<\/p>\n<p class=\"_paragraph_145nj_4 _paragraph_6fko5_10 layout-component text-serif-m layout-normal text-serif-m layout-padded\">Da politiet gikk til aksjon mot Theuma i november 2019, raknet regjeringen til statsminister Joseph Muscat. Schembri ble p\u00e5grepet og gikk av. <\/p>\n<p class=\"_paragraph_145nj_4 _paragraph_6fko5_10 layout-component text-serif-m layout-normal text-serif-m layout-padded\">Fenech ble arrestert p\u00e5 yachten sin en dr\u00f8y sj\u00f8mil ut fra kysten, mens han fors\u00f8kte \u00e5 flykte til Sicilia. To dager etter at Fenech ble siktet, gikk statsminister Muscat av.<\/p>\n<p class=\"_paragraph_145nj_4 _paragraph_6fko5_10 layout-component text-serif-m layout-normal text-serif-m layout-padded\">Muscat har tidligere uttalt at han utf\u00f8rte sine plikter \u00abuten frykt, fordommer eller favorisering\u00bb. I en uttalelse torsdag sa han at \u00abingen var beskyttet mot eller immun mot rettferdighet\u00bb, skriver The Guardian.<\/p>\n<p class=\"_paragraph_145nj_4 _paragraph_6fko5_10 layout-component text-serif-m layout-normal layout-padded\"><strong class=\"_strong_145nj_25\">Les ogs\u00e5:<\/strong> <a href=\"https:\/\/www.vg.no\/i\/pLO9Ro\" data-track-element-type=\"Link\" data-track-id=\"link:pLO9Ro\" class=\"_link_145nj_39\" rel=\"nofollow noopener\" target=\"_blank\">Anklagene hagler p\u00e5 Malta etter hastem\u00f8te om journalistdrap<\/a><\/p>\n<p>\u2013 Man kan drepe journalister ustraffet<\/p>\n<p class=\"_paragraph_145nj_4 _paragraph_6fko5_10 layout-component text-serif-m layout-normal text-serif-m layout-padded\">Frikjennelsen har utl\u00f8st raseri langt utover Maltas grenser.<\/p>\n<p class=\"_paragraph_145nj_4 _paragraph_6fko5_10 layout-component text-serif-m layout-normal text-serif-m layout-padded\">\u2013 Da de myrdet deg, p\u00e5 h\u00f8ylys dag, utenfor hjemmet ditt, lovet vi at vi ikke skulle la dem feie det under teppet. Det l\u00f8ftet st\u00e5r ved lag i dag, skrev EU-parlamentets president Roberta Metsola p\u00e5 <a href=\"https:\/\/www.facebook.com\/roberta.metsola\/posts\/pfbid0LYZHrheEb5im44AvZxVrKcfxxvdLT4mS1J3oqTynnBbEufKf2s2WAkkYaHhs6h3bl\" class=\"_link_145nj_39\" rel=\"nofollow noopener\" target=\"_blank\">Facebook<\/a>. <\/p>\n<p><img alt=\"Corinne Vella, s\u00f8steren til Daphne Caruana Galizia, snakker med mediene utenfor rettsbygningen.  Foto: Darrin Zammit Lupi \/ Reuters \/ NTB\" class=\"_image_jw3bv_65 layout-component layout-normal\" data-fullscreen- data-track-element-type=\"Article image fullscreen\" data-track-name=\"ImageFullscreen\" decoding=\"async\" loading=\"lazy\" height=\"2415\" itemprop=\"image\"  src=\"https:\/\/www.europesays.com\/no\/wp-content\/uploads\/2026\/09\/7d2b1cd7-29e5-3282-a17d-161010b5ac88.jpeg\"  style=\"object-position:0% 0%\" width=\"3623\"\/>Corinne Vella, s\u00f8steren til Daphne Caruana Galizia, snakker med mediene utenfor rettsbygningen.  Foto: Darrin Zammit Lupi \/ Reuters \/ NTB<\/p>\n<p class=\"_paragraph_145nj_4 _paragraph_6fko5_10 layout-component text-serif-m layout-normal text-serif-m layout-padded\">Daphnes s\u00f8ster, Corinne Vella, p\u00e5pekte i et innlegg p\u00e5 <a href=\"https:\/\/www.facebook.com\/corinne.vella.9\/posts\/pfbid02Nx8KcVJ3cY5Ji5r6rqiGADi9FA7snHSkndgauaqnPzVYaGQgiBzBstpZRGhtoKq3l\" class=\"_link_145nj_39\" rel=\"nofollow noopener\" target=\"_blank\">Facebook<\/a> at Fenech tre ganger har bedt om ben\u00e5dning i saken:<\/p>\n<p class=\"_paragraph_145nj_4 _paragraph_6fko5_10 layout-component text-serif-m layout-normal text-serif-m layout-padded\">\u2013 Ingen ber om ben\u00e5dning hvis han er uskyldig.<\/p>\n<p class=\"_paragraph_145nj_4 _paragraph_6fko5_10 layout-component text-serif-m layout-normal text-serif-m layout-padded\">\u2013 Alle er mye mer utsatt n\u00e5, fordi dette signaliserer at du kan drepe journalister ustraffet, sa hun.<\/p>\n<p><img alt=\"Folk demonstrerer utenfor Auberge de Castille, kontoret til Maltas statsminister  Foto: Darrin Zammit Lupi \/ Reuters \/ NTB\" class=\"_image_jw3bv_65 layout-component layout-normal\" data-fullscreen- data-track-element-type=\"Article image fullscreen\" data-track-name=\"ImageFullscreen\" decoding=\"async\" loading=\"lazy\" height=\"3887\" itemprop=\"image\"  src=\"https:\/\/www.europesays.com\/no\/wp-content\/uploads\/2026\/09\/5759ce1e-3cb0-3d9c-bc2a-31ec301c78cf.jpeg\"  style=\"object-position:0% 0%\" width=\"5831\"\/>Folk demonstrerer utenfor Auberge de Castille, kontoret til Maltas statsminister  Foto: Darrin Zammit Lupi \/ Reuters \/ NTB<\/p>\n<p class=\"_paragraph_145nj_4 _paragraph_6fko5_10 layout-component text-serif-m layout-normal text-serif-m layout-padded\"><a href=\"https:\/\/cpj.org\/2026\/09\/malta-the-fight-for-justice-for-daphne-caruana-galizia-must-continue\/\" class=\"_link_145nj_39\" rel=\"nofollow noopener\" target=\"_blank\">Committee to Protect Journalists<\/a> (CPJ) kaller dommen \u00f8deleggende for pressefriheten. <\/p>\n<p class=\"_paragraph_145nj_4 _paragraph_6fko5_10 layout-component text-serif-m layout-normal text-serif-m layout-padded\">\u2013 Malta har gitt mange l\u00f8fter om journalisters sikkerhet og opprettholdelse av rettsstaten i \u00e5rene siden drapet, men har enn\u00e5 ikke innfridd de fleste av dem. Det er uakseptabelt, sier organisasjonens visedirekt\u00f8r for p\u00e5virkningsarbeid, Tom Gibson, som var i Valletta da dommen falt.<\/p>\n<p class=\"_paragraph_145nj_4 _paragraph_6fko5_10 layout-component text-serif-m layout-normal text-serif-m layout-padded\">En offentlig gransking har tidligere konkludert med at drapet b\u00e5de var forutsigbart og kunne v\u00e6rt forhindret. De maltesiske myndighetene har fortsatt ikke iverksatt de fleste av granskingens anbefalinger.  <\/p>\n<p><img alt=\"Foto: MATTHEW MIRABELLI \/ AFP \/ NTB\" class=\"_image_jw3bv_65 layout-component layout-normal\" data-fullscreen- data-track-element-type=\"Article image fullscreen\" data-track-name=\"ImageFullscreen\" decoding=\"async\" loading=\"lazy\" height=\"2955\" itemprop=\"image\"  src=\"https:\/\/www.europesays.com\/no\/wp-content\/uploads\/2026\/09\/b72477b6-5b8c-3197-857f-b731b149ce88.jpeg\"  style=\"object-position:0% 0%\" width=\"4432\"\/>Foto: MATTHEW MIRABELLI \/ AFP \/ NTB<\/p>\n<p class=\"_paragraph_145nj_4 _paragraph_6fko5_10 layout-component text-serif-m layout-normal text-serif-m layout-padded\">Riksadvokaten p\u00e5 Malta vurderer n\u00e5 om saken skal ankes for ny rettssak. Sjansene for \u00e5 lykkes kan v\u00e6re sm\u00e5: begge tiltalepunktene mot Fenech ble avvist med \u00e5tte mot \u00e9n stemme.<\/p>\n<p class=\"_paragraph_145nj_4 _paragraph_6fko5_10 layout-component text-serif-m layout-normal text-serif-m layout-padded\">I mellomtiden fortsetter familien Caruana Galizias ni \u00e5r lange kamp for rettferdighet.<\/p>\n<p class=\"_paragraph_145nj_4 _paragraph_6fko5_10 layout-component text-serif-m layout-normal text-serif-m layout-padded\">\u2013 I dag skulle ha tilh\u00f8rt Daphne. Dr\u00f8mmene hennes og v\u00e5re ble knust da hun ble drept utenfor familiens hjem, bare 53 \u00e5r gammel, skriver familien i en <a href=\"https:\/\/www.facebook.com\/DaphneCaruanaGaliziaFoundation\/posts\/pfbid02ujAczL5ReocwDdEPLwwFhvDmzZqhq4gtG1t984cJW6mPESN5TETSK8x1a8VL33nDl\" class=\"_link_145nj_39\" rel=\"nofollow noopener\" target=\"_blank\">uttalelse<\/a>.<\/p>\n","protected":false},"excerpt":{"rendered":"Den maltesiske forretningsmannen Yorgen Fenech er frikjent for drapet p\u00e5 journalisten Daphne Caruana Galizia. Ni \u00e5r etter drapet&hellip;\n","protected":false},"author":2,"featured_media":343468,"comment_status":"","ping_status":"","sticky":false,"template":"","format":"standard","meta":{"footnotes":"","_share_on_mastodon":"0"},"categories":[12],"tags":[20,21,377,24,25,15,1142,22,23,19000,13,30,28,29,14,16,19738,26,27,42,43,44,45],"class_list":["post-343467","post","type-post","status-publish","format-standard","has-post-thumbnail","category-verden","tag-breaking-news","tag-breakingnews","tag-drap","tag-featured-news","tag-featurednews","tag-headlines","tag-journalist","tag-latest-news","tag-latestnews","tag-malta","tag-news","tag-no","tag-norge","tag-norway","tag-nyheter","tag-overskrifter","tag-panama-papers","tag-top-stories","tag-topstories","tag-verden","tag-world","tag-world-news","tag-worldnews"],"share_on_mastodon":{"url":"https:\/\/pubeurope.com\/@no\/117210404216032220","error":""},"_links":{"self":[{"href":"https:\/\/www.europesays.com\/no\/wp-json\/wp\/v2\/posts\/343467","targetHints":{"allow":["GET"]}}],"collection":[{"href":"https:\/\/www.europesays.com\/no\/wp-json\/wp\/v2\/posts"}],"about":[{"href":"https:\/\/www.europesays.com\/no\/wp-json\/wp\/v2\/types\/post"}],"author":[{"embeddable":true,"href":"https:\/\/www.europesays.com\/no\/wp-json\/wp\/v2\/users\/2"}],"replies":[{"embeddable":true,"href":"https:\/\/www.europesays.com\/no\/wp-json\/wp\/v2\/comments?post=343467"}],"version-history":[{"count":0,"href":"https:\/\/www.europesays.com\/no\/wp-json\/wp\/v2\/posts\/343467\/revisions"}],"wp:featuredmedia":[{"embeddable":true,"href":"https:\/\/www.europesays.com\/no\/wp-json\/wp\/v2\/media\/343468"}],"wp:attachment":[{"href":"https:\/\/www.europesays.com\/no\/wp-json\/wp\/v2\/media?parent=343467"}],"wp:term":[{"taxonomy":"category","embeddable":true,"href":"https:\/\/www.europesays.com\/no\/wp-json\/wp\/v2\/categories?post=343467"},{"taxonomy":"post_tag","embeddable":true,"href":"https:\/\/www.europesays.com\/no\/wp-json\/wp\/v2\/tags?post=343467"}],"curies":[{"name":"wp","href":"https:\/\/api.w.org\/{rel}","templated":true}]}}