{"id":34350,"date":"2025-09-13T14:05:12","date_gmt":"2025-09-13T14:05:12","guid":{"rendered":"https:\/\/www.europesays.com\/no\/34350\/"},"modified":"2025-09-13T14:05:12","modified_gmt":"2025-09-13T14:05:12","slug":"martin-odegaard-igjen-skadet-i-arsenal-seier-nei-nei-nei","status":"publish","type":"post","link":"https:\/\/www.europesays.com\/no\/34350\/","title":{"rendered":"Martin \u00d8degaard igjen skadet i Arsenal-seier: \u2013 Nei, nei, nei"},"content":{"rendered":"\n<p class=\"_lead_ew2ao_2 _lead_xtcu6_50 layout-component text-serif-m layout-normal text-serif-l layout-component layout-wide layout-padded _wide_17hqh_1 layout-padded\">For andre gang p\u00e5 22 dager forsvant Martin \u00d8degaard ut med skulderskade.<\/p>\n<p> <img class=\"_image_qp4xg_65 layout-component layout-wide\" data-fullscreen- data-track-element-type=\"Article image fullscreen\" data-track-name=\"ImageFullscreen\" fetchpriority=\"high\" decoding=\"sync\" loading=\"eager\" height=\"102\" itemprop=\"image\"  src=\"https:\/\/www.europesays.com\/no\/wp-content\/uploads\/2025\/09\/ad0354ca9f7d81abc19ca55f96d95100.jpg\"  style=\"object-position:50% 50%;aspect-ratio:1.75;height:auto;object-fit:cover;width:100%\" width=\"102\"\/>  <\/p>\n<ul aria-hidden=\"true\" class=\"_images_1y6fe_106\">\n<li><a class=\"_link_1y6fe_111\" href=\"https:\/\/www.vg.no\/forfatter\/jostein-overvik\" style=\"z-index:1\" title=\"Jostein Overvik\" rel=\"nofollow noopener\" target=\"_blank\"><img alt=\"Bilde av Jostein Overvik\" class=\"_image_1y6fe_88\" fetchpriority=\"low\" loading=\"lazy\" decoding=\"async\" itemprop=\"image\"  src=\"https:\/\/www.europesays.com\/no\/wp-content\/uploads\/2025\/09\/1757772309_666_9167fa6a-7320-4d6f-b3c9-6c4ecb8beb8c\"  width=\"480\"\/><\/a><\/li>\n<\/ul>\n<p> Oppdatert l\u00f8rdag 13. september kl. 15:40    <\/p>\n<ul class=\"_list_ew2ao_3 _list_64s2r_85 _unordered_ew2ao_99 text-sans-m\">\n<li class=\"_item_ew2ao_30\">Martin \u00d8degaard gikk ut med ny skade i h\u00f8yre skulder etter syv minutter. Dette er samme skulder som han ble skadet i 23. august<\/li>\n<li class=\"_item_ew2ao_30\">Arsenal slo Nottingham Forest 3\u20130: Mart\u00edn Zubimendi scoret to og Viktor Gy\u00f6keres ett.<\/li>\n<li class=\"_item_ew2ao_30\">St\u00e5le Solbakken vil ikke spekulere om \u00d8degaard-skaden. Norge m\u00f8ter Isralen i VM-kvalik 11. oktober.<\/li>\n<\/ul>\n<p>Vis mer <\/p>\n<p class=\"_paragraph_ew2ao_4 _paragraph_xtcu6_10 layout-component text-serif-m layout-normal text-serif-m layout-padded\">Arsenal kunne juble for tre scoringer og en god kamp. Men for landslagskapteinen ble det en t\u00f8ff ettermiddag. Han fikk seg en luftetur allerede etter syv minutter p\u00e5 Emirates.<\/p>\n<p class=\"_paragraph_ew2ao_4 _paragraph_xtcu6_10 layout-component text-serif-m layout-normal text-serif-m layout-padded\">\u00d8degaard traff gressmatten knallhardt med h\u00f8yre skulder f\u00f8rst. Den samme som han ble skadet i mot Leeds 23. august.<\/p>\n<p class=\"_paragraph_ew2ao_4 _paragraph_xtcu6_10 layout-component text-serif-m layout-normal text-serif-m layout-padded\"><strong class=\"_strong_ew2ao_25\">\u2013 Han tenker nei, nei, nei, sier Kristoffer L\u00f8kberg i Viaplays studio.<\/strong><\/p>\n<p class=\"_paragraph_ew2ao_4 _paragraph_xtcu6_10 layout-component text-serif-m layout-normal text-serif-m layout-padded\">\u2013 Det er akkurat der han ikke skal ha smellen, fortsatte han.<\/p>\n<p class=\"_paragraph_ew2ao_4 _paragraph_xtcu6_10 layout-component text-serif-m layout-normal text-serif-m layout-padded\">Ekspertkollega Jan \u00c5ge Fj\u00f8rtoft ba til h\u00f8yere makter.<\/p>\n<p class=\"_paragraph_ew2ao_4 _paragraph_xtcu6_10 layout-component text-serif-m layout-normal text-serif-m layout-padded\">\u2013 For hver gang du f\u00e5r en ny smell er det skummelt, sier han.<\/p>\n<p class=\"_paragraph_ew2ao_4 _paragraph_xtcu6_10 layout-component text-serif-m layout-normal text-serif-m layout-padded\">Martin \u00d8degaard fikk ganske utvilsom sl\u00e5tt opp sin gamle skade.<\/p>\n<p class=\"_paragraph_ew2ao_4 _paragraph_xtcu6_10 layout-component text-serif-m layout-normal text-serif-m layout-padded\">Det er 29 dager \u2013 nesten en m\u00e5ned \u2013 til Norge m\u00f8ter Israel p\u00e5 Ullevaal stadion. Kampen kan v\u00e6re n\u00f8kkelen til norsk VM-deltagelse neste sommer.<\/p>\n<p><img alt=\"Foto: Kin Cheung \/ AP \/ NTB\" class=\"_image_qp4xg_65 layout-component layout-normal\" data-fullscreen- data-track-element-type=\"Article image fullscreen\" data-track-name=\"ImageFullscreen\" decoding=\"async\" loading=\"lazy\" height=\"4545\" itemprop=\"image\"  src=\"https:\/\/www.europesays.com\/no\/wp-content\/uploads\/2025\/09\/ac82041d-2b2d-4a75-98cd-358ae160aeae\"  style=\"object-position:0% 0%\" width=\"6817\"\/>Foto: Kin Cheung \/ AP \/ NTB<\/p>\n<p class=\"_paragraph_ew2ao_4 _paragraph_xtcu6_10 layout-component text-serif-m layout-normal text-serif-m layout-padded\">\u2013 Det virker litt skummelt, skriver VG i en sms til St\u00e5le Solbakken.<\/p>\n<p class=\"_paragraph_ew2ao_4 _paragraph_xtcu6_10 layout-component text-serif-m layout-normal text-serif-m layout-padded\"><strong class=\"_strong_ew2ao_25\">\u2013 Det blir bare spekulasjoner, svarer landslagssjefen og avst\u00e5r fra \u00e5 kommentere \u00d8degaards skade noe mer.<\/strong><\/p>\n<p class=\"_paragraph_ew2ao_4 _paragraph_xtcu6_10 layout-component text-serif-m layout-normal text-serif-m layout-padded\">Solbakken opplyste under landslagssamlingen at \u00d8degaard hadde smerter i skulderen, men det p\u00e5virket han ikke mot Moldova tirsdag. Arsenal-profilen leverte en praktkamp og scoret ett av m\u00e5lene da Norge vant 11\u20131.<\/p>\n<p class=\"_paragraph_ew2ao_4 _paragraph_xtcu6_10 layout-component text-serif-m layout-normal text-serif-m layout-padded\">Martin \u00d8degaard ble hjulpet p\u00e5 bena av Arsenals medisinske apparat og fors\u00f8kte i 10 minutter til l\u00f8rdag. Men holdt seg flere ganger til skulderen.<\/p>\n<p class=\"_paragraph_ew2ao_4 _paragraph_xtcu6_10 layout-component text-serif-m layout-normal text-serif-m layout-padded\">Og m\u00e5tte ut igjen.<\/p>\n<p class=\"_paragraph_ew2ao_4 _paragraph_xtcu6_10 layout-component text-serif-m layout-normal text-serif-m layout-padded\">Martin \u00d8degaard var tydelig preget. En ny skadeperiode frister helt sikkert ikke. Sjekk bildene fra London.<\/p>\n<ul class=\"_gallery_1qa3s_23\" tabindex=\"0\">\n<li class=\"_item_1qa3s_37\" data-index=\"0\"><img decoding=\"async\" class=\"_image_foru8_23 _articleGallery_foru8_39\" data-fullscreen- width=\"1700\" height=\"1186\" itemprop=\"image\" loading=\"lazy\"  src=\"https:\/\/www.europesays.com\/no\/wp-content\/uploads\/2025\/09\/3ffdbcc0-84b5-4e60-bf33-6ce7ef50c06a\"  style=\"object-position:50% 50%;aspect-ratio:var(--gallery-aspect-ratio, 16 \/ 9)\"\/>Foto: Hannah McKay \/ Reuters \/ NTB<\/li>\n<li class=\"_item_1qa3s_37\" data-index=\"1\"><img decoding=\"async\" class=\"_image_foru8_23 _articleGallery_foru8_39\" data-fullscreen- width=\"5664\" height=\"3896\" itemprop=\"image\" loading=\"lazy\"  src=\"https:\/\/www.europesays.com\/no\/wp-content\/uploads\/2025\/09\/8b32504e-fe2c-46b4-a54e-a3e9a69601f1\"  style=\"object-position:50% 50%;aspect-ratio:var(--gallery-aspect-ratio, 16 \/ 9)\"\/>Foto: John Walton \/ Pa Photos \/ NTB<\/li>\n<li class=\"_item_1qa3s_37\" data-index=\"2\"><img decoding=\"async\" class=\"_image_foru8_23 _articleGallery_foru8_39\" data-fullscreen- width=\"5664\" height=\"3528\" itemprop=\"image\" loading=\"lazy\"  src=\"https:\/\/www.europesays.com\/no\/wp-content\/uploads\/2025\/09\/f546b0d0-a40f-4748-b5a0-2e044f6bb83f\"  style=\"object-position:50% 50%;aspect-ratio:var(--gallery-aspect-ratio, 16 \/ 9)\"\/>Foto: John Walton \/ Pa Photos \/ NTB<\/li>\n<li class=\"_item_1qa3s_37\" data-index=\"3\"><img decoding=\"async\" class=\"_image_foru8_23 _articleGallery_foru8_39\" data-fullscreen- width=\"2215\" height=\"1555\" itemprop=\"image\" loading=\"lazy\"  src=\"https:\/\/www.europesays.com\/no\/wp-content\/uploads\/2025\/09\/18502afa-79aa-4716-9f61-c6756c71e835\"  style=\"object-position:50% 50%;aspect-ratio:var(--gallery-aspect-ratio, 16 \/ 9)\"\/>Foto: Andrew Couldridge \/ Reuters \/ NTB<\/li>\n<\/ul>\n<p>Foto: Hannah McKay \/ Reuters \/ NTB<\/p>\n<p class=\"_paragraph_ew2ao_4 _paragraph_xtcu6_10 layout-component text-serif-m layout-normal text-serif-m layout-padded\">For Arsenal kommer kampene tett n\u00e5. Athletic Bilbao er motstander i Champions League-\u00e5pningen tirsdag, mens Manchester City venter p\u00e5 bortebane neste helg.<\/p>\n<p class=\"_paragraph_ew2ao_4 _paragraph_xtcu6_10 layout-component text-serif-m layout-normal text-serif-m layout-padded\">Arsenal dominerte 1. omgangen mot Nottingham Forest. Uttellingen kom.<\/p>\n<ul class=\"_list_ew2ao_3 _list_xtcu6_9 _unordered_ew2ao_99 layout-component text-serif-m layout-normal text-serif-m layout-padded\">\n<li class=\"_item_ew2ao_30\"><strong class=\"_strong_ew2ao_25\">1\u20130:<\/strong> Mart\u00edn Zubimendi drar til fra langt hold p\u00e5 hel volley. Ballen g\u00e5r vi via hodet til Forests Murillo og rett i kassa. Teknisk veldig godt gjort av spanjolen. Hans f\u00f8rste m\u00e5l for Arsenal.<\/li>\n<\/ul>\n<p><img alt=\"Foto: ANDY RAIN \/ EPA \/ NTB\" class=\"_image_qp4xg_65 layout-component layout-normal\" data-fullscreen- data-track-element-type=\"Article image fullscreen\" data-track-name=\"ImageFullscreen\" decoding=\"async\" loading=\"lazy\" height=\"2486\" itemprop=\"image\"  src=\"https:\/\/www.europesays.com\/no\/wp-content\/uploads\/2025\/09\/a7092e8c-c8ea-4206-bf71-8f365811b0fc\"  style=\"object-position:0% 0%\" width=\"3520\"\/>Foto: ANDY RAIN \/ EPA \/ NTB<\/p>\n<p class=\"_paragraph_ew2ao_4 _paragraph_xtcu6_10 layout-component text-serif-m layout-normal text-serif-m layout-padded\">Ange Postecoglous f\u00f8rste kamp som Nottingham Forest-manager s\u00e5 ikke helt lys ut.<\/p>\n<p class=\"_paragraph_ew2ao_4 _paragraph_xtcu6_10 layout-component text-serif-m layout-normal text-serif-m layout-padded\">Rett etter pause fikk han seg en ny nesestyver.<\/p>\n<ul class=\"_list_ew2ao_3 _list_xtcu6_9 _unordered_ew2ao_99 layout-component text-serif-m layout-normal text-serif-m layout-padded\">\n<li class=\"_item_ew2ao_30\"><strong class=\"_strong_ew2ao_25\">2\u20130:<\/strong> En nydelig bakromspasning fant Eberechi Eze. Han slo p\u00e5 tvers inn foran m\u00e5l. Der var Viktor Gy\u00f6keres. Han fikk verdens enkleste jobb med \u00e5 sette ballen opp i nettaket.<\/li>\n<\/ul>\n<p class=\"_paragraph_ew2ao_4 _paragraph_xtcu6_10 layout-component text-serif-m layout-normal text-serif-m layout-padded\">Svenskens tredje ligam\u00e5l for Arsenal ble sjekket for offside, men scoringen ble st\u00e5ende.<\/p>\n<p class=\"_paragraph_ew2ao_4 _paragraph_xtcu6_10 layout-component text-serif-m layout-normal text-serif-m layout-padded\">Dermed hadde Arsenal kontroll p\u00e5 poengene.<\/p>\n<p class=\"_paragraph_ew2ao_4 _paragraph_xtcu6_10 layout-component text-serif-m layout-normal text-serif-m layout-padded\">Ogs\u00e5 Bukayo Saka er ute med skade, mens William Saliba var heller ikke i Arsenal-troppen etter skaden mot Liverpool.<\/p>\n<p class=\"_paragraph_ew2ao_4 _paragraph_xtcu6_10 layout-component text-serif-m layout-normal text-serif-m layout-padded\">Nykommeren Noni Mandueke (hentet fra Chelsea) erstattet Saka p\u00e5 en god m\u00e5te. Men en annen nyhet dominerte Emirates mer enn noen.<\/p>\n<ul class=\"_list_ew2ao_3 _list_xtcu6_9 _unordered_ew2ao_99 layout-component text-serif-m layout-normal text-serif-m layout-padded\">\n<li class=\"_item_ew2ao_30\"><strong class=\"_strong_ew2ao_25\">3\u20130:<\/strong> Mart\u00edn Zubimendi, hentet fra Mikel Artetas hjemtrakter (Real Sociedad), headet inn et nytt m\u00e5l. Spanjolene scoret glimrende p\u00e5 et like godt innlegg fra Leandro Trossard. <\/li>\n<\/ul>\n<p><img alt=\"Foto: ANDY RAIN \/ EPA \/ NTB\" class=\"_image_qp4xg_65 layout-component layout-normal\" data-fullscreen- data-track-element-type=\"Article image fullscreen\" data-track-name=\"ImageFullscreen\" decoding=\"async\" loading=\"lazy\" height=\"2580\" itemprop=\"image\"  src=\"https:\/\/www.europesays.com\/no\/wp-content\/uploads\/2025\/09\/ce739f77-2fe2-455d-a76a-e73230c77fde\"  style=\"object-position:0% 0%\" width=\"3930\"\/>Foto: ANDY RAIN \/ EPA \/ NTB    <\/p>\n","protected":false},"excerpt":{"rendered":"For andre gang p\u00e5 22 dager forsvant Martin \u00d8degaard ut med skulderskade. Oppdatert l\u00f8rdag 13. september kl. 15:40&hellip;\n","protected":false},"author":2,"featured_media":34351,"comment_status":"","ping_status":"","sticky":false,"template":"","format":"standard","meta":{"footnotes":""},"categories":[59],"tags":[2216,92,30,28,29,2894,161,83,82],"class_list":{"0":"post-34350","1":"post","2":"type-post","3":"status-publish","4":"format-standard","5":"has-post-thumbnail","7":"category-sport","8":"tag-arsenal-fc","9":"tag-fotball","10":"tag-no","11":"tag-norge","12":"tag-norway","13":"tag-nottingham-forest-fc","14":"tag-premier-league","15":"tag-sport","16":"tag-sports"},"share_on_mastodon":{"url":"","error":""},"_links":{"self":[{"href":"https:\/\/www.europesays.com\/no\/wp-json\/wp\/v2\/posts\/34350","targetHints":{"allow":["GET"]}}],"collection":[{"href":"https:\/\/www.europesays.com\/no\/wp-json\/wp\/v2\/posts"}],"about":[{"href":"https:\/\/www.europesays.com\/no\/wp-json\/wp\/v2\/types\/post"}],"author":[{"embeddable":true,"href":"https:\/\/www.europesays.com\/no\/wp-json\/wp\/v2\/users\/2"}],"replies":[{"embeddable":true,"href":"https:\/\/www.europesays.com\/no\/wp-json\/wp\/v2\/comments?post=34350"}],"version-history":[{"count":0,"href":"https:\/\/www.europesays.com\/no\/wp-json\/wp\/v2\/posts\/34350\/revisions"}],"wp:featuredmedia":[{"embeddable":true,"href":"https:\/\/www.europesays.com\/no\/wp-json\/wp\/v2\/media\/34351"}],"wp:attachment":[{"href":"https:\/\/www.europesays.com\/no\/wp-json\/wp\/v2\/media?parent=34350"}],"wp:term":[{"taxonomy":"category","embeddable":true,"href":"https:\/\/www.europesays.com\/no\/wp-json\/wp\/v2\/categories?post=34350"},{"taxonomy":"post_tag","embeddable":true,"href":"https:\/\/www.europesays.com\/no\/wp-json\/wp\/v2\/tags?post=34350"}],"curies":[{"name":"wp","href":"https:\/\/api.w.org\/{rel}","templated":true}]}}