{"id":343513,"date":"2026-09-04T04:32:18","date_gmt":"2026-09-04T04:32:18","guid":{"rendered":"https:\/\/www.europesays.com\/no\/343513\/"},"modified":"2026-09-04T04:32:18","modified_gmt":"2026-09-04T04:32:18","slug":"frister-putin","status":"publish","type":"post","link":"https:\/\/www.europesays.com\/no\/343513\/","title":{"rendered":"Frister Putin"},"content":{"rendered":"<p class=\"subtitle \" style=\"\">Putins helter m\u00e5 droppe russisk pass, flagg og nasjonalsang for \u00e5 skaffe folket mer TV-moro.<\/p>\n<p>\n    SISTE SUKSESS: Aleksandr Bolsjunov og Denis Spitsov feirer OL-suksessen i 2022. Et par uker seinere var det slutt fordi landet ble utestengt etter Putins angrep mot Ukraina. N\u00e5 \u00e5pner skisporten d\u00f8ra p\u00e5 gl\u00f8tt, men den kan fort bli stengt igjen. FOTO: Fredrik Varfjell \/ NTB\n  <\/p>\n<p>DET er ikke mer enn litt over to \u00e5r siden Vladimir Putin <a href=\"https:\/\/www.dagbladet.no\/sport\/krever-kald-krig\/81641295\" rel=\"nofollow noopener\" target=\"_blank\">krevde<\/a> at de russiske idrettsstjernene m\u00e5tte ofre personlige internasjonale medaljer for fedrelandets interesser.\u00a0<\/p>\n<p>Den gang rett f\u00f8r sommer-OL i Paris innf\u00f8rte den russiske herskeren en ny\u00a0\u00ab<a href=\"https:\/\/www.dagbladet.no\/sport\/krever-kald-krig\/81641295\" rel=\"nofollow noopener\" target=\"_blank\">kald krig<\/a>\u00bb i nesten all sport. Flere russiske idrettshelter ble stoppet rett f\u00f8r avreise til sommerlekene:<\/p>\n<p>De fikk ikke lov til \u00e5 konkurrere i OL uten russisk flagg og nasjonalsang.<\/p>\n<p>N\u00e5 jubler de strengt sensurerte russiske mediene derimot for Aleksandr Bolsjunov og de andre nasjonale skiidolene som kanskje f\u00e5r lov til \u00e5 stille opp i verdenscupen som s\u00e5kalte\u00a0\u00abn\u00f8ytrale\u00bb ut\u00f8vere.<\/p>\n<p>Det som forleden s\u00e5 ut som et frislipp av russere i l\u00f8ypene i Holmenkollen, Falun, Lathi og alle de andre kjente skiarenaene, viser egentlig bare hvor desperat Putin er blitt for \u00e5 opprettholde en mest mulig normal hverdag for hjemmepublikummet sitt mens han dreper videre i boligblokker, barnehager, skoler og p\u00e5 torg i Ukraina.<\/p>\n<p>S\u00e5 fristet er han av \u00e5 f\u00e5 russiske langrennsl\u00f8pere tilbake som TV-moro til vinteren, at det med russisk flagg, nasjonalsang og fedreland f\u00e5r v\u00e6re det samme.<\/p>\n<p>Bare Aleksandr Bolsjunov f\u00e5r vinne litt igjen.<\/p>\n<p>OM den flotte skil\u00f8peren Bolsjunov f\u00e5r sjansen, vet ingen.\u00a0<\/p>\n<p>Da styret i det internasjonale Skiforbundet (FIS) tidlig denne uka forhandlet seg fram til et kompromiss om russisk deltakelse, snakket de ikke engang om de vanskelige detaljene i den nye personlige\u00a0<a href=\"https:\/\/www.fis-ski.com\/inside-fis\/news\/2026-27\/fis-defines-conditions-for-participation-of-belarusian-and-russian-athletes-in-2026-27\" rel=\"nofollow noopener\" target=\"_blank\">erkl\u00e6ringen<\/a> om \u00abn\u00f8ytralitet\u00bb som hver russer n\u00e5 m\u00e5 undertegne for \u00e5 slippe til i verdenscupen.<\/p>\n<p>Hva som kommer med liten skrift i den endelige oppskriften for godkjent russisk n\u00f8ytralitet i forhold til Putins angrepskrig mot Ukraina, <a href=\"https:\/\/www.championat.com\/skiing\/news-6606874-gensekretar-fis-oproverg-avtomaticheskij-dopusk-rossiyan-podpisavshih-deklaraciyu.html\" rel=\"nofollow noopener\" target=\"_blank\">vet heller ingen<\/a>.<\/p>\n<p>Dette avgj\u00f8rende sp\u00f8rsm\u00e5let ble ikke engang diskutert innad i FIS-styret.<\/p>\n<p>    <a itemprop=\"url\" href=\"https:\/\/www.dagbladet.no\/sport\/krever-kald-krig\/81641295\" rel=\"nofollow noopener\" target=\"_blank\"><\/p>\n<p>        <img loading=\"lazy\" decoding=\"async\" src=\"https:\/\/www.europesays.com\/no\/wp-content\/uploads\/2026\/09\/81644221.webp\" width=\"180\" height=\"81\" alt=\"\" class=\"lazyload\" style=\"--aspect-ratio-image: 2.22; \"\/><\/p>\n<p>        Krever kald krig<\/p>\n<p>    <\/a><\/p>\n<p>AKKURAT denne manglende diskusjonen speiler den lekeverdenen som litt for mange internasjonale idrettsledere tror de kan leve i:<\/p>\n<p class=\"italic m-italic\" data-lab-italic=\"italic\">At ut\u00f8vernes s\u00e5kalte\u00a0\u00ab<a href=\"https:\/\/www.dagbladet.no\/sport\/han-kom-aldri-til-ol\/78395244\" rel=\"nofollow noopener\" target=\"_blank\">menneskerett<\/a>\u00bb til \u00e5 konkurrere, teller mer enn ethvert menneske sin rett til ikke \u00e5 bli drept av Putins kriger.<\/p>\n<p>S\u00e5nn blir det fort slutt p\u00e5 leken utover denne vinteren idet Putins <a href=\"https:\/\/www.deutschlandfunk.de\/ueberblick-ueber-groessere-sabotagefaelle-seit-100.html\" rel=\"nofollow noopener\" target=\"_blank\">hybride krigf\u00f8ring <\/a>sprer seg utover i Europa med nye sabotasjeaksjoner, dataangrep og annet j\u00e6velskap.<\/p>\n<p>Da kommer flere skinasjoner enn Norge, <a href=\"https:\/\/hurbra.se\/rysk-flagga-langdskidor-fis-2026\/\" rel=\"nofollow noopener\" target=\"_blank\">Sverig<\/a>e og Finland til \u00e5 jobbe hardt for \u00e5 begrense den russiske deltakelsen i sporet.\u00a0<\/p>\n<p>Ganske enkelt fordi et Europa som ruster opp for \u00e5 stoppe Vladimir Putins aggressive nasjonalisme, ikke kommer til \u00e5 tillate at propagandaapparatet hans f\u00e5r fritt spillerom p\u00e5 den store sportsscenen.<\/p>\n<p>    <a itemprop=\"url\" href=\"https:\/\/www.dagbladet.no\/sport\/han-kom-aldri-til-ol\/78395244\" rel=\"nofollow noopener\" target=\"_blank\"><\/p>\n<p>        <img loading=\"lazy\" decoding=\"async\" src=\"https:\/\/www.europesays.com\/no\/wp-content\/uploads\/2026\/09\/78397921.webp\" width=\"180\" height=\"81\" alt=\"\" class=\"lazyload\" style=\"--aspect-ratio-image: 2.22; \"\/><\/p>\n<p>        Han kom aldri til OL<\/p>\n<p>    <\/a><\/p>\n<p>LIKEVEL er Putins egen snuoperasjon fra\u00a0\u00abkald krig\u00bb til applaus for\u00a0\u00abn\u00f8ytrale\u00bb russiske sportshelter, mer overraskende enn naive internasjonale idrettsledere.<\/p>\n<p>De siste dagene er muligheten til \u00e5 f\u00e5 russiske skil\u00f8pere i i sporet i Vest-Europa, blitt samstemt hyllet i russiske sportsmedier. Der betyr det tilsynelatende ingen ting lenger at de russiske sportsheltene m\u00e5 erkl\u00e6re seg n\u00f8ytrale til Putins krigf\u00f8ring i Ukraina for \u00e5 f\u00e5 starte i verdenscupen.<\/p>\n<p>I Putins medier er det ingen motstand mot at Russlands stjerner n\u00e5 sier ja til \u00e5 konkurrere som \u00abn\u00f8ytrale\u00bb. Der er vinklingen gjennomg\u00e5ende norsk raseri over \u00e5 f\u00e5 Russland tilbake i sporet:<\/p>\n<p>&#8211; Norge er ulykkelige over \u00e5 f\u00e5 russerne som konkurrenter, <a href=\"https:\/\/www.sport-express.ru\/skiing\/reviews\/fis-dopustila-rossiyskih-i-belorusskih-sportsmenov-na-mezhdunarodnye-sorevnovaniya-sezona-2026-27-reakciya-norvezhcev-2452319\/\" rel=\"nofollow noopener\" target=\"_blank\">skriver<\/a> Sport Express, mens store Sportbox.ru melder at de\u00a0\u00abrussofobe\u00bb nordmennene er i harnisk:<\/p>\n<p>&#8211; Nordmenn kan bare hyle og klage. De vet at planene deres for \u00e5 dominere medaljestatistikken uansett er \u00f8delagt, <a href=\"https:\/\/news.sportbox.ru\/Vidy_sporta\/cross_country\/spbnews_NI2361266_Norvezhcev_porvalo_ot_vozvrashhenija_Rossii_v_lyzhah_Rusofoby_bjutsa_v_isterike\" rel=\"nofollow noopener\" target=\"_blank\">konkluderer<\/a>\u00a0 kommentatoren til dette store russiske nettstedet.<\/p>\n<p>DEN konklusjonen kommer nok litt i tidligste laget.<\/p>\n<p>    <a itemprop=\"url\" href=\"https:\/\/www.dagbladet.no\/sport\/norge-stopper-putin\/83626218\" rel=\"nofollow noopener\" target=\"_blank\"><\/p>\n<p>        <img loading=\"lazy\" decoding=\"async\" src=\"https:\/\/www.europesays.com\/no\/wp-content\/uploads\/2026\/09\/83629518.webp\" width=\"180\" height=\"81\" alt=\"\" class=\"lazyload\" style=\"--aspect-ratio-image: 2.22; \"\/><\/p>\n<p>        Norge stopper Putin<\/p>\n<p>    <\/a><\/p>\n<p>Der FIS-styret mente at de var n\u00f8dt til \u00e5 tilpasse sporten dommen i CAS sist vinter som \u00e5pnet for russisk deltakelse, er kriteriene for \u00e5 f\u00e5 v\u00e6re med alts\u00e5 fortsatt usikre:<\/p>\n<p>&#8211; Jeg forst\u00e5r det s\u00e5nn at det ikke holder \u00e5 sette signaturen sin p\u00e5 et papir. FIS vil sjekke at de russiske ut\u00f8verne ikke er politisk aktive og st\u00f8tter den n\u00e5v\u00e6rende regjeringen, <a href=\"https:\/\/yle.fi\/a\/74-20244313\" rel=\"nofollow noopener\" target=\"_blank\">sa<\/a> den finske skipresidenten Sirpa Kokatti til den finske rikskrinkasteren Yle i g\u00e5r kveld.<\/p>\n<p>    <a itemprop=\"url\" href=\"https:\/\/www.dagbladet.no\/sport\/farlige-sammen\/84874265\" rel=\"nofollow noopener\" target=\"_blank\"><\/p>\n<p>        <img loading=\"lazy\" decoding=\"async\" src=\"https:\/\/www.europesays.com\/no\/wp-content\/uploads\/2026\/09\/84875035.webp\" width=\"180\" height=\"81\" alt=\"\" class=\"lazyload\" style=\"--aspect-ratio-image: 2.22; \"\/><\/p>\n<p>        Farlige sammen<\/p>\n<p>    <\/a><\/p>\n<p>S\u00c5NN er det tvilsomt om for eksempel Putins kj\u00e6ledegge Veronika Stepanova kan sette en strek over all st\u00f8tten hun har gitt til Russlands krigf\u00f8ring de siste \u00e5rene, bare ved \u00e5 avgi en ny erkl\u00e6ring om n\u00f8ytralitet i forhold til angrepet mot Ukraina.<\/p>\n<p>        <img loading=\"lazy\" decoding=\"async\" src=\"https:\/\/www.europesays.com\/no\/wp-content\/uploads\/2026\/09\/85107753.webp\" width=\"667\" height=\"381\" alt=\"\" class=\"\" style=\"--aspect-ratio-image: 1.75; \"\/><\/p>\n<p>\n        Russlands president Vladimir Putin sammen med langrennsl\u00f8per Veronika Stepanova under en medaljeseremoni i Kreml i Moskva i 2022. Foto: Vladimir Astapkovich \/ Sputnik \/ Kremlin Pool Photo via AP \/ NTB\n    <\/p>\n<p>Fortida gj\u00f8r uansett at hun kan f\u00e5 problemer med \u00e5 f\u00e5 visum til rennene i Norden eller bli stoppet av de lokale arrang\u00f8rene slik Trondheim <a href=\"https:\/\/www.nidaros.no\/kent-ranum-russere-ikke-velkomne-i-ski-vm\/s\/5-113-547720\" rel=\"nofollow noopener\" target=\"_blank\">sa nei<\/a> til \u00e5 ta imot russiske ut\u00f8vere f\u00f8r VM i 2025.<\/p>\n<p>DESTO mer interessant er det at ogs\u00e5 hun tilsynelatende vil vurdere \u00e5 konkurrere som n\u00f8ytral. Seinest sist vinter <a href=\"https:\/\/en.iz.ru\/en\/2007184\/2025-12-12\/skier-stepanova-refused-apply-neutral-status-fis\" rel=\"nofollow noopener\" target=\"_blank\">nektet<\/a>\u00a0Stepanova \u00e5 s\u00f8ke om \u00e5 f\u00e5 delta i OL fordi IOC ikke \u00e5pnet for russiske flagg og nasjonalsang.<\/p>\n<p>N\u00e5 er tonen hakket mer forsonlig etter fire sesonger som utestengt:<\/p>\n<p>&#8211; Jeg kan leve uten unnskyldninger fra FIS, <a href=\"https:\/\/www.nrk.no\/sport\/det-internasjonale-skiforbundet-_fis_-med-russland-og-belarus-ja-1.18011564\" rel=\"nofollow noopener\" target=\"_blank\">skriver <\/a>hun i en tekstmelding til NRK.<\/p>\n<p>For i Putins Russland er det en unison stemning for \u00e5 si ja takk til FIS sitt krav om n\u00f8ytralitetserkl\u00e6ring, med mindre den inneholder en klausul om at <a href=\"https:\/\/www.championat.com\/skiing\/news-6605980-osuzhdenie-nashih-voennyh-my-ne-dopustim-degtyaryov-o-deklaracii-o-nejtralitete-fis.html\" rel=\"nofollow noopener\" target=\"_blank\">l\u00f8perne ogs\u00e5 m\u00e5 ford\u00f8mme<\/a> det russiske angrepet p\u00e5 Ukraina.<\/p>\n<p>    <a itemprop=\"url\" href=\"https:\/\/www.dagbladet.no\/sport\/presser-norge\/82515072\" rel=\"nofollow noopener\" target=\"_blank\"><\/p>\n<p>        <img loading=\"lazy\" decoding=\"async\" src=\"https:\/\/www.europesays.com\/no\/wp-content\/uploads\/2026\/09\/82533912.webp\" width=\"180\" height=\"81\" alt=\"\" class=\"lazyload\" style=\"--aspect-ratio-image: 2.22; \"\/><\/p>\n<p>        Presser Norge<\/p>\n<p>    <\/a><\/p>\n<p>DEN iveren etter \u00e5 f\u00e5 v\u00e6re med igjen, betyr at ogs\u00e5 Aleksandr Bolsjunov\u00a0 kommer til \u00e5 s\u00f8ke om \u00e5 bli n\u00f8ytral ut\u00f8ver. Det bare noen uker etter at han antydet at skikarrieren gikk mot slutten p\u00e5 grunn frustrasjonen over \u00e5 v\u00e6re isolert.<\/p>\n<p>Det med n\u00f8ytralitet skulle v\u00e6rt en stor kamel \u00e5 svelge for en kaptein i den russiske h\u00e6ren, men Vladimir Putin har allerede bestemt at den nye menyen for russiske sportshelter skal v\u00e6re internasjonal.<\/p>\n<p>Egentlig er det perfekt for Bolsjunov som helt fra boikotten startet i mars 2022, forsiktig har pr\u00f8vd \u00e5 distansere seg fra regimet i Kreml.<\/p>\n<p>Kanskje gj\u00f8r nettopp den holdningen at han ogs\u00e5 overraskende slipper til i verdenscupen. Han har uansett allerede dratt til <a href=\"https:\/\/www.championat.com\/skiing\/news-6595768-aleksandr-bolshunov-poluchil-vizu-dlya-uchastiya-v-sborah-gruppy-borodavko-v-italii.html\" rel=\"nofollow noopener\" target=\"_blank\">treningsleir i Italia<\/a> for \u00e5 v\u00e6re maksimalt forberedt til et internasjonalt come back.<\/p>\n<p>Men den gleden kan alts\u00e5 fort bli kortvarig, om Vladimir Putin til vinteren fortsetter med russisk hybridkrig rundt skil\u00f8ypene i Vest-Europa.<\/p>\n<p>    <a itemprop=\"url\" href=\"https:\/\/www.dagbladet.no\/sport\/skylder-pa-norden\/85044977\" rel=\"nofollow noopener\" target=\"_blank\"><\/p>\n<p>        <img loading=\"lazy\" decoding=\"async\" src=\"https:\/\/www.europesays.com\/no\/wp-content\/uploads\/2026\/09\/85048185.webp\" width=\"180\" height=\"81\" alt=\"\" class=\"lazyload\" style=\"--aspect-ratio-image: 2.22; \"\/><\/p>\n<p>        Skylder p\u00e5 Norden<\/p>\n<p>    <\/a><\/p>\n","protected":false},"excerpt":{"rendered":"Putins helter m\u00e5 droppe russisk pass, flagg og nasjonalsang for \u00e5 skaffe folket mer TV-moro. SISTE SUKSESS: Aleksandr&hellip;\n","protected":false},"author":2,"featured_media":343514,"comment_status":"","ping_status":"","sticky":false,"template":"","format":"standard","meta":{"footnotes":"","_share_on_mastodon":"0"},"categories":[59],"tags":[9502,6061,772,266,398,156,30,28,29,188,83,82,26337,186],"class_list":["post-343513","post","type-post","status-publish","format-standard","has-post-thumbnail","category-sport","tag-aleksandr-bolsjunov","tag-boikott","tag-fis","tag-kommentar","tag-langrenn","tag-meninger","tag-no","tag-norge","tag-norway","tag-russland","tag-sport","tag-sports","tag-veronika-stepanova","tag-vladimir-putin"],"share_on_mastodon":{"url":"https:\/\/pubeurope.com\/@no\/117210903796171585","error":""},"_links":{"self":[{"href":"https:\/\/www.europesays.com\/no\/wp-json\/wp\/v2\/posts\/343513","targetHints":{"allow":["GET"]}}],"collection":[{"href":"https:\/\/www.europesays.com\/no\/wp-json\/wp\/v2\/posts"}],"about":[{"href":"https:\/\/www.europesays.com\/no\/wp-json\/wp\/v2\/types\/post"}],"author":[{"embeddable":true,"href":"https:\/\/www.europesays.com\/no\/wp-json\/wp\/v2\/users\/2"}],"replies":[{"embeddable":true,"href":"https:\/\/www.europesays.com\/no\/wp-json\/wp\/v2\/comments?post=343513"}],"version-history":[{"count":0,"href":"https:\/\/www.europesays.com\/no\/wp-json\/wp\/v2\/posts\/343513\/revisions"}],"wp:featuredmedia":[{"embeddable":true,"href":"https:\/\/www.europesays.com\/no\/wp-json\/wp\/v2\/media\/343514"}],"wp:attachment":[{"href":"https:\/\/www.europesays.com\/no\/wp-json\/wp\/v2\/media?parent=343513"}],"wp:term":[{"taxonomy":"category","embeddable":true,"href":"https:\/\/www.europesays.com\/no\/wp-json\/wp\/v2\/categories?post=343513"},{"taxonomy":"post_tag","embeddable":true,"href":"https:\/\/www.europesays.com\/no\/wp-json\/wp\/v2\/tags?post=343513"}],"curies":[{"name":"wp","href":"https:\/\/api.w.org\/{rel}","templated":true}]}}