{"id":343535,"date":"2026-09-04T05:01:12","date_gmt":"2026-09-04T05:01:12","guid":{"rendered":"https:\/\/www.europesays.com\/no\/343535\/"},"modified":"2026-09-04T05:01:12","modified_gmt":"2026-09-04T05:01:12","slug":"vance-gar-los-pa-europa-kritiserer-oss-offentlig-ber-om-hjelp-privat","status":"publish","type":"post","link":"https:\/\/www.europesays.com\/no\/343535\/","title":{"rendered":"Vance g\u00e5r l\u00f8s p\u00e5 Europa: \u2013 Kritiserer oss offentlig, ber om hjelp privat"},"content":{"rendered":"<p><strong>USAs visepresident JD Vance retter et kraftig stikk mot europeiske land. Han hevder de kritiserer USA offentlig, men privat erkjenner at amerikanerne er de eneste som kan holde Hormuzstredet \u00e5pent.<\/strong><\/p>\n<p>Under et <a href=\"https:\/\/youtu.be\/rNXZbscEn6I\" rel=\"nofollow noopener\" target=\"_blank\">pressem\u00f8te <\/a>i Det hvite hus torsdag fikk Vance sp\u00f8rsm\u00e5l om USAs omfattende milit\u00e6re tilstedev\u00e6relse rundt Hormuzstredet og hvor lenge den kan fortsette.<\/p>\n<p>Visepresidenten svarte med \u00e5 rette oppmerksomheten mot Europas rolle.<\/p>\n<p>\u2013 Det finnes land i Europa som kritiserer oss offentlig p\u00e5 den ene siden, men som privat erkjenner at dersom vi ikke gjorde det vi gj\u00f8r, kunne ingen andre i verden gjort det, sa Vance.<\/p>\n<p>If\u00f8lge Vance er USA det eneste landet som har kapasitet til \u00e5 sikre at olje og gass fortsatt kommer gjennom Hormuzstredet. Han opplyste at rundt 15 millioner fat olje passerte gjennom stredet det siste d\u00f8gnet.<\/p>\n<p>\u2013 Hvis vi ikke gj\u00f8r det, vil ingen andre gj\u00f8re det. Og hvis ingen andre gj\u00f8r det, vil vi f\u00e5 en katastrofal global energikrise, sa han.<\/p>\n<p><strong>Mener Europa har forfalt<\/strong><\/p>\n<p>Tidligere i pressem\u00f8tet gikk Vance enda lenger i kritikken av de europeiske allierte.<\/p>\n<p>Han beskrev det som en \u00ablatterlig svekkelse\u00bb av Europa og mente europeiske land ikke lenger har evnen til \u00e5 bidra til \u00e5 holde verdens energimarkeder forsynt n\u00e5r Iran angriper skipsfarten.<\/p>\n<p>Vance stilte sp\u00f8rsm\u00e5l ved hvorfor ansvaret igjen havner hos USA.<\/p>\n<p>\u2013 Hvorfor er det USAs ansvar \u00e5 v\u00e6re det eneste landet i verden som faktisk kan s\u00f8rge for at energimarkedene fortsatt f\u00e5r forsyninger? Svaret er at vi er det eneste landet som har kapasiteten til \u00e5 gj\u00f8re det, sa han.<\/p>\n<p><strong>\u2013 Iran har mistet kontrollen<\/strong><\/p>\n<p>Samtidig hevdet Vance at Iran i praksis har mistet kontrollen over Hormuzstredet.<\/p>\n<p>\u2013 Jeg tror de innser at kontrollen deres over Hormuzstredet i praksis er borte, sa han.<\/p>\n<p>If\u00f8lge Vance var olje- og gasstrafikken gjennom stredet n\u00e6rmest stoppet for tre m\u00e5neder siden, mens den n\u00e5 skal v\u00e6re nesten tilbake p\u00e5 niv\u00e5et f\u00f8r konflikten startet.<\/p>\n<p>Trump-administrasjonen avviser samtidig nye samtaler med Teheran s\u00e5 lenge Iran fortsetter \u00e5 angripe skip. Vance gjorde ogs\u00e5 klart at \u00f8konomisk, diplomatisk, milit\u00e6rt og skjult press fortsatt ligger p\u00e5 bordet.<\/p>\n<p>Artikkelen er basert p\u00e5 JD Vances pressem\u00f8te i Det hvite hus torsdag 3. september.<\/p>\n","protected":false},"excerpt":{"rendered":"USAs visepresident JD Vance retter et kraftig stikk mot europeiske land. Han hevder de kritiserer USA offentlig, men&hellip;\n","protected":false},"author":2,"featured_media":343536,"comment_status":"","ping_status":"","sticky":false,"template":"","format":"standard","meta":{"footnotes":"","_share_on_mastodon":"0"},"categories":[12],"tags":[20,21,274,24,25,15,18143,3228,2537,22,23,13,30,28,29,14,16,26,27,50,42,43,44,45],"class_list":["post-343535","post","type-post","status-publish","format-standard","has-post-thumbnail","category-verden","tag-breaking-news","tag-breakingnews","tag-europa","tag-featured-news","tag-featurednews","tag-headlines","tag-hormuzstredet","tag-iran","tag-jd-vance","tag-latest-news","tag-latestnews","tag-news","tag-no","tag-norge","tag-norway","tag-nyheter","tag-overskrifter","tag-top-stories","tag-topstories","tag-usa","tag-verden","tag-world","tag-world-news","tag-worldnews"],"share_on_mastodon":{"url":"https:\/\/pubeurope.com\/@no\/117211017138593795","error":""},"_links":{"self":[{"href":"https:\/\/www.europesays.com\/no\/wp-json\/wp\/v2\/posts\/343535","targetHints":{"allow":["GET"]}}],"collection":[{"href":"https:\/\/www.europesays.com\/no\/wp-json\/wp\/v2\/posts"}],"about":[{"href":"https:\/\/www.europesays.com\/no\/wp-json\/wp\/v2\/types\/post"}],"author":[{"embeddable":true,"href":"https:\/\/www.europesays.com\/no\/wp-json\/wp\/v2\/users\/2"}],"replies":[{"embeddable":true,"href":"https:\/\/www.europesays.com\/no\/wp-json\/wp\/v2\/comments?post=343535"}],"version-history":[{"count":0,"href":"https:\/\/www.europesays.com\/no\/wp-json\/wp\/v2\/posts\/343535\/revisions"}],"wp:featuredmedia":[{"embeddable":true,"href":"https:\/\/www.europesays.com\/no\/wp-json\/wp\/v2\/media\/343536"}],"wp:attachment":[{"href":"https:\/\/www.europesays.com\/no\/wp-json\/wp\/v2\/media?parent=343535"}],"wp:term":[{"taxonomy":"category","embeddable":true,"href":"https:\/\/www.europesays.com\/no\/wp-json\/wp\/v2\/categories?post=343535"},{"taxonomy":"post_tag","embeddable":true,"href":"https:\/\/www.europesays.com\/no\/wp-json\/wp\/v2\/tags?post=343535"}],"curies":[{"name":"wp","href":"https:\/\/api.w.org\/{rel}","templated":true}]}}