{"id":343597,"date":"2026-09-04T06:19:44","date_gmt":"2026-09-04T06:19:44","guid":{"rendered":"https:\/\/www.europesays.com\/no\/343597\/"},"modified":"2026-09-04T06:19:44","modified_gmt":"2026-09-04T06:19:44","slug":"sport-fotball-har-blitt-et-lag-med-andre-strenger-a-spille-pa","status":"publish","type":"post","link":"https:\/\/www.europesays.com\/no\/343597\/","title":{"rendered":"Sport, Fotball | Har blitt et lag med andre strenger \u00e5 spille p\u00e5"},"content":{"rendered":"\n<p>I sum er 13 mann forsvunnet ut d\u00f8rene p\u00e5 Nordm\u00f8re stadion i l\u00f8pet av 2026.\u00a0<\/p>\n<p>Mustapha Isah, Niklas \u00d8deg\u00e5rd, Alexander Munksgaard Nielsen, Hrannar Magnusson, Promise Meliga, Sander Kilen, Wilfred George Nikolai Skuseth, Igor Jelicic, Franklin Daddys Boy Nyenetue, Aron Benjaminsen, Sander R\u00f8d og Herman Sj\u00e5vik Opsahl spiller i dag i andre klubber.<\/p>\n<p>Sander Svendsen, John Kitolano, Eron Isufi, Marius Elvius, Gustav Christensen og Zymer Bytyqi har kommet inn. Det samme har Noah Ibsen, men midtstopperen fra Danmark blir ikke \u00e5 se f\u00f8r neste \u00e5r fordi han er l\u00e5nt ut til Moss.<\/p>\n<p>   <img decoding=\"async\" width=\"5000\" height=\"3235\" fetchpriority=\"low\"  loading=\"lazy\"  src=\"https:\/\/www.europesays.com\/no\/wp-content\/uploads\/2026\/09\/NoahIbsen3 (1).jpg\" alt=\"\" class=\"brick-c-cFOWSL\" style=\"--brick-image-ratio: 5000 \/ 3235;\"\/><\/p>\n<p>      Noah Ibsen ble tidligere denne uka hentet til KBK fra Akademisk Boldklub, men ble umiddelbart l\u00e5nt ut til Moss.<br \/>\n      Foto: KBK\n    <\/p>\n<p>\u2013 Vi har i dag et lag med mindre fysikk og kanskje ikke fullt s\u00e5 mye bakromskraft, men vi har f\u00e5tt inn typer som er mer ballspillere, sier trener Amund Skiri.<\/p>\n<p>\u2013 Flere av dem som har kommet har ogs\u00e5 mer erfaring gjennom at de er litt eldre.<\/p>\n<p>De to siste nykommerne ble klare onsdag kveld. 24 \u00e5r gamle Marius Elvius ble kj\u00f8pt for dr\u00f8ye 2 millioner kroner fra den danske niv\u00e5 to-klubben Hvidovre, mens 18-\u00e5ringen Eron Isufi har blitt KBK-spiller gjennom en l\u00e5neavtale med Lyn. Her har KBK opsjon p\u00e5 kj\u00f8p.<\/p>\n<p>\u2013 Det har v\u00e6rt et billig vindu for oss. Det er kun overgangen til Marius som er et rent kj\u00f8p, sier Skiri.<\/p>\n<p>            Gjenst\u00e5ende kamper KBK<\/p>\n<p>KBK-Troms\u00f8<\/p>\n<p>Viking-KBK<\/p>\n<p>KBK-Rosenborg<\/p>\n<p>Bod\u00f8\/Glimt-KBK<\/p>\n<p>KBK-Aalesund<\/p>\n<p>KBK-KFUM Oslo<\/p>\n<p>Sarpsborg 08-KBK<\/p>\n<p>KBK-V\u00e5lerenga<\/p>\n<p>KBK-Sandefjord<\/p>\n<p>Brann-KBK<\/p>\n<p>KBK-Lillestr\u00f8m<\/p>\n<p>Start-KBK<\/p>\n<p>  Kun Aalberg er ute<\/p>\n<p>Aktiviteten p\u00e5 overgangsmarkedet gj\u00f8r i hvert fall at de med ansvar for \u00f8konomi i Kristiansund Ballklubb kan sove godt om nettene. I sum er det solgt for 65 millioner kroner i \u00e5r. Summen er under forutsetning at salget av George g\u00e5r i orden. Da blir et kj\u00f8p av Elvius for 2 millioner for lommerusk \u00e5 regne.<\/p>\n<p>\u2013 De siste salgene (Kilen og George) kom tett p\u00e5 at vinduet stengte. Det ga oss ikke s\u00e5 veldig mye handlingsrom, men jeg er forn\u00f8yd med den stallen vi har i dag, sier Skiri.<\/p>\n<p>Han kan ogs\u00e5 glede seg over at han leder en tropp nesten uten skadeproblemer. Onsdag var det kun Isak Aalberg som manglet p\u00e5 feltet. Han er i opptrening etter at han nylig ble operert for idrettsbrokk (Gilmore&#8217;s groin).<\/p>\n<p>   <img decoding=\"async\" width=\"4699\" height=\"2597\" fetchpriority=\"low\"  loading=\"lazy\"  src=\"https:\/\/www.europesays.com\/no\/wp-content\/uploads\/2026\/09\/sander.jpg\" alt=\"\" class=\"brick-c-cFOWSL\" style=\"--brick-image-ratio: 4699 \/ 2597;\"\/><\/p>\n<p>      Sander Svendsen er en av seks nye spillere som er hentet inn til KBK i sommer.<br \/>\n      Foto: Rune Ed\u00f8y\n    <\/p>\n<p>  <a href=\"https:\/\/www.tk.no\/80-51-10602\" class=\"related-teaser article--c-MkAkR\" rel=\"nofollow noopener\" target=\"_blank\"><\/p>\n<p>\n            Les ogs\u00e5<\/p>\n<p>            KBK henter stopper \u2013 l\u00e5nes ut til Moss\n        <\/p>\n<p>  <\/a><\/p>\n<p>  <a href=\"https:\/\/www.tk.no\/80-51-11049\" class=\"related-teaser article--c-MkAkR\" rel=\"nofollow noopener\" target=\"_blank\"><\/p>\n<p>\n            Les ogs\u00e5<\/p>\n<p>            Kveldens f\u00f8rste signering har landet \u2013 og det kommer \u00e9n til\n        <\/p>\n<p>  <\/a><br \/>\n  Endringer i nord<\/p>\n<p>S\u00f8ndag kommer Troms\u00f8 til Kristiansund. Skiri kan ikke si noe om hvilke elleve som starter mot laget fra nord, men alle nykommerne er klare til \u00e5 bidra hvis de f\u00e5r sjansen.<\/p>\n<p>Det samme er David Tufekcic. Bergenseren er neppe aktuell for \u00e5 starte i helga, men han viste i det korte innhoppet mot HamKam sist helg at han gir KBK mer offensiv slagkraft gjennom sine driblinger, skuddkraft og innlegg fra h\u00f8yresiden.<\/p>\n<p>\u2013 Vi har i praksis savnet en venstrefotet h\u00f8yrekant i hele \u00e5r. Det er veldig gledelig at David er tilbake, sier Skiri.<\/p>\n<p>\u00abGutan\u00bb er nummer tre p\u00e5 tabellen f\u00f8r helgas runde, men i likhet med KBK har de mistet flere sentrale spillere i sommer. Jens-Hjert\u00f8 Dahl, Tobias Guddal, Abubacarr Sedi Kinteh og Leo Cornic er borte, men i det samme bildet er det ogs\u00e5 verdt \u00e5 nevne at spillere som Morten Bj\u00f8rlo, Vegard Erlien, Musa Jatta og Nikolai Jakobsen Hristov har kommet inn.<\/p>\n<p>\u2013 Det er en del nytt. Men vi m\u00f8ter et godt lag som alltid er vanskelig \u00e5 sl\u00e5. Og s\u00e5 skal det bli kjekt \u00e5 f\u00e5 litt ro etter alle spekulasjoner og jobben rundt overganger inn og ut.\u00a0<\/p>\n<p><b>PS. KBKs kamp mot Troms\u00f8 har avspark 19.15 s\u00f8ndag.<\/b><\/p>\n<p>  <a href=\"https:\/\/www.tk.no\/80-51-10017\" class=\"related-teaser article--c-MkAkR\" rel=\"nofollow noopener\" target=\"_blank\"><\/p>\n<p>\n            Les ogs\u00e5<\/p>\n<p>            Ei uke hvor det ikke bare har handlet om fotball\n        <\/p>\n<p>  <\/a><\/p>\n","protected":false},"excerpt":{"rendered":"I sum er 13 mann forsvunnet ut d\u00f8rene p\u00e5 Nordm\u00f8re stadion i l\u00f8pet av 2026.\u00a0 Mustapha Isah, Niklas&hellip;\n","protected":false},"author":2,"featured_media":343598,"comment_status":"","ping_status":"","sticky":false,"template":"","format":"standard","meta":{"footnotes":"","_share_on_mastodon":"0"},"categories":[59],"tags":[36,134,92,3219,298,30,28,29,218,83,82,1510],"class_list":["post-343597","post","type-post","status-publish","format-standard","has-post-thumbnail","category-sport","tag-art","tag-eliteserien","tag-fotball","tag-kbk","tag-kristiansund","tag-no","tag-norge","tag-norway","tag-pluss","tag-sport","tag-sports","tag-story"],"share_on_mastodon":{"url":"https:\/\/pubeurope.com\/@no\/117211324361092281","error":""},"_links":{"self":[{"href":"https:\/\/www.europesays.com\/no\/wp-json\/wp\/v2\/posts\/343597","targetHints":{"allow":["GET"]}}],"collection":[{"href":"https:\/\/www.europesays.com\/no\/wp-json\/wp\/v2\/posts"}],"about":[{"href":"https:\/\/www.europesays.com\/no\/wp-json\/wp\/v2\/types\/post"}],"author":[{"embeddable":true,"href":"https:\/\/www.europesays.com\/no\/wp-json\/wp\/v2\/users\/2"}],"replies":[{"embeddable":true,"href":"https:\/\/www.europesays.com\/no\/wp-json\/wp\/v2\/comments?post=343597"}],"version-history":[{"count":0,"href":"https:\/\/www.europesays.com\/no\/wp-json\/wp\/v2\/posts\/343597\/revisions"}],"wp:featuredmedia":[{"embeddable":true,"href":"https:\/\/www.europesays.com\/no\/wp-json\/wp\/v2\/media\/343598"}],"wp:attachment":[{"href":"https:\/\/www.europesays.com\/no\/wp-json\/wp\/v2\/media?parent=343597"}],"wp:term":[{"taxonomy":"category","embeddable":true,"href":"https:\/\/www.europesays.com\/no\/wp-json\/wp\/v2\/categories?post=343597"},{"taxonomy":"post_tag","embeddable":true,"href":"https:\/\/www.europesays.com\/no\/wp-json\/wp\/v2\/tags?post=343597"}],"curies":[{"name":"wp","href":"https:\/\/api.w.org\/{rel}","templated":true}]}}