{"id":343649,"date":"2026-09-04T07:11:23","date_gmt":"2026-09-04T07:11:23","guid":{"rendered":"https:\/\/www.europesays.com\/no\/343649\/"},"modified":"2026-09-04T07:11:23","modified_gmt":"2026-09-04T07:11:23","slug":"rendalen-nord-osterdal-rendalen-er-na-blitt-en-syngende-kommune-i-regi-av-krafttak-for-sang","status":"publish","type":"post","link":"https:\/\/www.europesays.com\/no\/343649\/","title":{"rendered":"Rendalen, Nord-\u00d8sterdal | Rendalen er n\u00e5 blitt en Syngende kommune i regi av Krafttak for sang"},"content":{"rendered":"\n<p>\u2013 De maste i flere \u00e5r f\u00f8r vi sa ja. Men det var jo greit \u00e5 v\u00e6re ferdig med stemmeskiftet f\u00f8rst!<\/p>\n<p>Latteren sitter l\u00f8st rundt bordet der fire av Rendalens mange sangere sitter.\u00a0<\/p>\n<p>Halvor Myrberg (27) var f\u00f8rst ut av dem. Han ga etter for de mange foresp\u00f8rslene om \u00e5 synge i kor i 2017.\u00a0<\/p>\n<p>\u2013 Og s\u00e5 ringte du meg. Jeg ble med onsdagen etter, smiler Egil Nytr\u00f8en (26).<\/p>\n<p>Ikke lenge etter dro de to sammen med \u00d8vre Rendal Mannskor til R\u00f8ros p\u00e5 korvake.\u00a0<\/p>\n<p>\u2013 Det ble ildd\u00e5pen. Men karene tok godt vare p\u00e5 oss, forsikrer de.<\/p>\n<p>Flere yngre med<\/p>\n<p>Det ble nok kastet noen ekstra blikk da det kom to 17-18-\u00e5ringer g\u00e5ende gjennom lokalene. For det var ikke dagligdags blant mannskorsangere p\u00e5 den tida.<\/p>\n<p>\u2013 Det er jo det som er myten. At det bare er en gjeng med eldre karer. Men hos oss er det mange yngre i gjengen. Det ble med mange som var under 25 \u00e5r den gangen, og de som ikke har flyttet andre steder er fortsatt med, sier Ola Simensen (30).<\/p>\n<p>Han ble med et halv\u00e5r etter de andre to, mens Anna Johansen (26) har sunget i Rendalen Blandetkor siden 2019.<\/p>\n<p>   <img decoding=\"async\" width=\"3615\" height=\"5008\" fetchpriority=\"low\"  loading=\"lazy\"  src=\"https:\/\/www.europesays.com\/no\/wp-content\/uploads\/2026\/09\/Liker \u00e5 synge.jpg\" alt=\"\" class=\"brick-c-cFOWSL\" style=\"--brick-image-ratio: 3615 \/ 5008;\"\/><\/p>\n<p>      LIKER \u00c5 SYNGE: (Bak fra venstre): Egil Nytr\u00f8en, Halvor Myrberg, Anna Johansen og Ola Simensen fra Rendalen er alle glade i \u00e5 synge.<br \/>\n      Foto: Brynhild Marit Berger M\u00f8llersen\n    <\/p>\n<p>  Veldig sosialt<\/p>\n<p><b>\u2013 Hva er det som er s\u00e5 artig ved \u00e5 synge sammen med andre?<\/b><\/p>\n<p>\u2013 Du blir en del av noe som er st\u00f8rre enn deg sj\u00f8l. N\u00e5r det da l\u00e5ter skikkelig, og du h\u00f8rer alle de andre stemmene rundt deg, er det skikkelig fint, synes Anna.<\/p>\n<p>\u2013 Ogs\u00e5 er det veldig sosialt. Det blir ofte 50\/50 med kaffe og sang, ler hun.<\/p>\n<p>\u2013 Ja, det sosiale er viktig, nikker gutta.\u00a0<\/p>\n<p>De opplever at det er et eget samhold i korene, som er helt uavhengig av alder.\u00a0<\/p>\n<p>\u2013 Det er ikke mange andre arenaer der folk p\u00e5 19\u201320 \u00e5r er med p\u00e5 ting sammen med de p\u00e5 80, og alle har like mye glede av det.\u00a0<\/p>\n<p>\u2013 Men vi har det skikkelig artig, b\u00e5de p\u00e5 turer, \u00f8velser og konserter. Ogs\u00e5 er det ekstra g\u00f8y n\u00e5r vi f\u00e5r til noe sammen som folk har lyst til \u00e5 h\u00f8re p\u00e5, mener de.<\/p>\n<p>\u2013 Vi kan jo l\u00e6re mye av de eldre ogs\u00e5, mener Halvor.<\/p>\n<p>\u2013 Ja, men det er vel ikke alt vi trenger \u00e5 ta til oss, gliser Egil, f\u00f8r resten ler med.<\/p>\n<p>Syngende kommune<\/p>\n<p>Visst har det alltid v\u00e6rt mye sang og musikk i Rendalen.\u00a0<\/p>\n<p>Men n\u00e5 kommer sangen til \u00e5 ljome som aldri f\u00f8r.<\/p>\n<p>I helga markeres nemlig starten p\u00e5 Rendalen som en \u00abSyngende kommune\u00bb.\u00a0<\/p>\n<p>Og dermed blir Rendalen den tredje kommunen i gamle Hedmark som skal styrke sangkulturen og skape sangaktivitet gjennom hele livet.\u00a0<\/p>\n<p>Fra f\u00f8r er Stor-Elvdal og Os allerede med i sangsatsingen.\u00a0<\/p>\n<p>   <img decoding=\"async\" width=\"3541\" height=\"2180\" fetchpriority=\"low\"  loading=\"lazy\"  src=\"https:\/\/www.europesays.com\/no\/wp-content\/uploads\/2026\/09\/Hele mannskoret.jpeg\" alt=\"\" class=\"brick-c-cFOWSL\" style=\"--brick-image-ratio: 3541 \/ 2180;\"\/><\/p>\n<p>      ARTIG GJENG: \u00d8vre Rendal Mannskor er blant dem som skal f\u00e5 sangen til \u00e5 ljome i helga. Midt i flokken er dirigent Solveig Aunsmo, som ogs\u00e5 er prosjektleder for Rendalen som en syngende kommune.<br \/>\n      Foto: Danil Kapustin\n    <\/p>\n<p>  F\u00e5r midler<\/p>\n<p><b>\u2013 Hva inneb\u00e6rer det \u00e5 bli en syngende kommune? <\/b><\/p>\n<p>\u2013 Som syngende kommune har vi som m\u00e5l \u00e5 legge til rette for et sangtilbud for alle aldersgrupper, sier Solveig Aunsmo, som dirigerer \u00d8vre Rendal Mannskor.\u00a0<\/p>\n<p>\u2013 Vi har opprettet et lokalt sangutvalg, og gjennom Krafttak for sang f\u00e5r vi \u00f8konomisk st\u00f8tte til aktiviteter og tiltak, og mulighet til \u00e5 reise p\u00e5 seminarer og utvikle oss faglig.\u00a0<\/p>\n<p>\u2013 Vi kan ogs\u00e5 tilby fagdager for andre.<\/p>\n<p><b>\u2013 Men det jo allerede flere kor i Rendalen, og mye sang ellers?<\/b><\/p>\n<p>\u2013 Ja, men n\u00e5 skal vi kunne utfylle dette tilbudet. Vi kan st\u00f8tte det som allerede er her, men ogs\u00e5 starte nye tilbud, sier hun engasjert.<\/p>\n<p>Alle kan synge<\/p>\n<p>Fredag 4. september braker det hele l\u00f8s, med offisiell \u00e5pning med allsangstund og snorklipping p\u00e5 Rendalen sjukehjem.<\/p>\n<p>B\u00e5de Rendalen Blandetkor og et sammensatt barnekor er med p\u00e5 Bullmuseet l\u00f8rdag, der det ogs\u00e5 blir egen stand under Veidekulturfestivalen slik at folk kan f\u00e5 vite mer, og ikke minst komme med forslag til tiltak.\u00a0<\/p>\n<p>\u2013 Her blir det ogs\u00e5 mulig \u00e5 melde seg frivillig til prosjektet, som forsanger, sangvenn eller til \u00e5 steke vafler og gj\u00f8re noe praktisk, sier Solveig.<\/p>\n<p>Og l\u00f8rdag kveld toppes det hele med en ekte \u00abFr\u00e5sparkp\u00f8bb\u00bb p\u00e5 Renheim med \u00d8vre Rendal Mannskor og trubadur Halvor Riset Granrud.<\/p>\n<p>\u2013 Sang skaper et fellesskap. Og alle kan synge. Kom og syng med den stemmen du har, smiler Solveig.<\/p>\n<p>   <img decoding=\"async\" width=\"6000\" height=\"4000\" fetchpriority=\"low\"  loading=\"lazy\"  src=\"https:\/\/www.europesays.com\/no\/wp-content\/uploads\/2026\/09\/Landslaget \u2013 Kopi.jpg\" alt=\"\" class=\"brick-c-cFOWSL\" style=\"--brick-image-ratio: 6000 \/ 4000;\"\/><\/p>\n<p>      BLE HYLLET: Herrelandslaget i fotball ble hyllet av en stor folkemengde p\u00e5 Slottsplassen i sommer, etter at de hadde hilst p\u00e5 kongen. B\u00e5de \u00abAlt for Norge\u00bb og \u00abJa, vi elsker\u00bb ble sunget.<br \/>\n      Foto: \u00d8rn E. Borgen\n    <\/p>\n<p>  Fotball-VM og Kongens d\u00f8d<\/p>\n<p>Sangen er en del av b\u00e5de sorg og glede.\u00a0<\/p>\n<p>Solveig trekker fram n\u00e5r publikum sang \u00abAlt for Norge\u00bb av full hals, b\u00e5de mens det norske landslaget i fotball spilte kamper under VM i sommer, og da de ble jublet for p\u00e5 Slottsplassen etter hjemkomsten.\u00a0<\/p>\n<p>De siste dagene har folk igjen samlet seg p\u00e5 Slottsplassen, n\u00e5 i sorg og takknemlighet.\u00a0<\/p>\n<p>Flere ganger har folkemengden begynt \u00e5 synge spontant.\u00a0<\/p>\n<p>Og visst er det sterkt n\u00e5r \u00abKongesangen\u00bb og \u00abJa, vi elsker\u00bb toner utover lysene og blomstene i kveldsm\u00f8rket.<\/p>\n<p>\u2013 Det gj\u00f8r noe med oss n\u00e5r vi synger sammen, mener Solveig, som har dirigert b\u00e5de barne- og voksenkor i over 30 \u00e5r.\u00a0<\/p>\n<p>   <img decoding=\"async\" width=\"6524\" height=\"4349\" fetchpriority=\"low\"  loading=\"lazy\"  src=\"https:\/\/www.europesays.com\/no\/wp-content\/uploads\/2026\/09\/m\u00f8tt av sang.jpg\" alt=\"\" class=\"brick-c-cFOWSL\" style=\"--brick-image-ratio: 6524 \/ 4349;\"\/><\/p>\n<p>      M\u00d8TT AV SANG: Kong Haakon, dronning Mette-Marit, dronning Sonja og  prinsesse M\u00e4rtha Louise kom ut p\u00e5 Slottsplassen etter at kong Haralds b\u00e5re var blitt f\u00f8rt til Slottskapellet. Der sang de mange framm\u00f8tte nasjonalsangen.<br \/>\n      Foto: Cornelius Poppe\n    <\/p>\n<p>  Mange minner<\/p>\n<p>\u2013 Vi opplever det ogs\u00e5 p\u00e5 n\u00e6rt hold n\u00e5r det blir allsang p\u00e5 pleiehjemmene, p\u00e5peker hun.\u00a0<\/p>\n<p>Der kan det v\u00e6re mennesker som nesten ikke har spr\u00e5k igjen.<\/p>\n<p> Men n\u00e5r sangene de kjenner fra barndommen kommer, synger de med.\u00a0<\/p>\n<p>\u2013 En sang er s\u00e5 mye mer enn ord og bokstaver i en tekst. Den utl\u00f8ser b\u00e5de minner og opplevelser, sier Solveig.<\/p>\n<p>Hun har ogs\u00e5 erfaring med at sang kan v\u00e6re til god hjelp til integrering n\u00e5r man skal l\u00e6re seg et annet spr\u00e5k.<\/p>\n<p>Rendalen skal n\u00e5 v\u00e6re syngende kommune i tre \u00e5r framover.\u00a0<\/p>\n<p>Etter den tid er tanken at de skal klare \u00e5 videref\u00f8re det de har satt i gang, og at alt skal st\u00e5 p\u00e5 egne bein.<\/p>\n<p>\u2013 M\u00e5let er ikke at alle skal kunne n\u00e5 den h\u00f8ye C. Sangens virkninger er s\u00e5 mye viktigere enn \u00e5 utvikle ferdighetene til fingerspissene, sj\u00f8l om noen ogs\u00e5 skal gj\u00f8re det, sier hun.\u00a0<\/p>\n<p>\u2013 Og s\u00e5 ser vi jo gjerne at flere skj\u00f8nner hvor fint det er \u00e5 synge i kor. Kanskje er det litt smittsomt?<\/p>\n<p>Alle har tid<\/p>\n<p>Gjengen rundt bordet er i alle fall ikke i tvil: Visst er det artig \u00e5 synge sammen.\u00a0<\/p>\n<p>Og det uten \u00e5 ha lang erfaring eller musikkoppl\u00e6ring.<\/p>\n<p>\u2013 F\u00f8r vi ble med i koret, sang vi vel bare i dusjen eller p\u00e5 fest, ler gutta.\u00a0<\/p>\n<p>Anna er da ogs\u00e5 den eneste som kan noter skikkelig, siden hun ogs\u00e5 spiller i korps.\u00a0<\/p>\n<p>\u2013 Men vi f\u00e5r lydfiler, s\u00e5 det g\u00e5r fint \u00e5 l\u00e6re det som trengs, sl\u00e5 de fast.\u00a0<\/p>\n<p>At noen ikke har tid til \u00e5 v\u00e6re med i kor, er heller ikke et argument for denne gjengen.<\/p>\n<p>\u2013 Alle har tid til det de vil!\u00a0<\/p>\n<p>        undefined<\/p>\n","protected":false},"excerpt":{"rendered":"\u2013 De maste i flere \u00e5r f\u00f8r vi sa ja. Men det var jo greit \u00e5 v\u00e6re ferdig&hellip;\n","protected":false},"author":2,"featured_media":343650,"comment_status":"","ping_status":"","sticky":false,"template":"","format":"standard","meta":{"footnotes":"","_share_on_mastodon":"0"},"categories":[58],"tags":[36,71,1839,410,30,1745,28,29,14,218,2256,72],"class_list":["post-343649","post","type-post","status-publish","format-standard","has-post-thumbnail","category-underholdning","tag-art","tag-entertainment","tag-feature","tag-kultur","tag-no","tag-nord-osterdal","tag-norge","tag-norway","tag-nyheter","tag-pluss","tag-rendalen","tag-underholdning"],"share_on_mastodon":{"url":"https:\/\/pubeurope.com\/@no\/117211529014442646","error":""},"_links":{"self":[{"href":"https:\/\/www.europesays.com\/no\/wp-json\/wp\/v2\/posts\/343649","targetHints":{"allow":["GET"]}}],"collection":[{"href":"https:\/\/www.europesays.com\/no\/wp-json\/wp\/v2\/posts"}],"about":[{"href":"https:\/\/www.europesays.com\/no\/wp-json\/wp\/v2\/types\/post"}],"author":[{"embeddable":true,"href":"https:\/\/www.europesays.com\/no\/wp-json\/wp\/v2\/users\/2"}],"replies":[{"embeddable":true,"href":"https:\/\/www.europesays.com\/no\/wp-json\/wp\/v2\/comments?post=343649"}],"version-history":[{"count":0,"href":"https:\/\/www.europesays.com\/no\/wp-json\/wp\/v2\/posts\/343649\/revisions"}],"wp:featuredmedia":[{"embeddable":true,"href":"https:\/\/www.europesays.com\/no\/wp-json\/wp\/v2\/media\/343650"}],"wp:attachment":[{"href":"https:\/\/www.europesays.com\/no\/wp-json\/wp\/v2\/media?parent=343649"}],"wp:term":[{"taxonomy":"category","embeddable":true,"href":"https:\/\/www.europesays.com\/no\/wp-json\/wp\/v2\/categories?post=343649"},{"taxonomy":"post_tag","embeddable":true,"href":"https:\/\/www.europesays.com\/no\/wp-json\/wp\/v2\/tags?post=343649"}],"curies":[{"name":"wp","href":"https:\/\/api.w.org\/{rel}","templated":true}]}}