{"id":343665,"date":"2026-09-04T07:26:42","date_gmt":"2026-09-04T07:26:42","guid":{"rendered":"https:\/\/www.europesays.com\/no\/343665\/"},"modified":"2026-09-04T07:26:42","modified_gmt":"2026-09-04T07:26:42","slug":"olaf-tufte-aina-tufte-apner-opp-etter-mannens-bortgang-helt-overveldende","status":"publish","type":"post","link":"https:\/\/www.europesays.com\/no\/343665\/","title":{"rendered":"Olaf Tufte, Aina Tufte | \u00c5pner opp etter mannens bortgang: \u2013 Helt overveldende"},"content":{"rendered":"\n<p><b>(<a href=\"https:\/\/www.nettavisen.no\/\" rel=\"Follow nofollow noopener\" target=\"_blank\">Nettavisen<\/a>):<\/b> 21. juli kom den tragiske beskjeden om at den olympiske roeren Olaf Tufte var g\u00e5tt bort altfor tidlig, i en alder av 50 \u00e5r.<\/p>\n<p>F\u00f8rst forrige uke, en dr\u00f8y m\u00e5ned etter bortgangen, uttalte hans kone Aina Tufte (50) seg for f\u00f8rste gang.<\/p>\n<p> \u00abFem uker har g\u00e5tt. Fem uker med sjokk og en bunnl\u00f8s sorg. Samtidig har livet fortsatt \u00e5 kreve sitt. Det praktiske p\u00e5 g\u00e5rden skal gj\u00f8res, dagene skal leves \u2013 og midt i alt kjenner jeg hvor tydelig Olafs verdier fortsatt er til stede\u00bb, skrev hun p\u00e5 Instagram.<\/p>\n<p>    \u00c5pnet opp p\u00e5 \u00abGod morgen Norge\u00bb<\/p>\n<p>Torsdag morgen gjestet 50-\u00e5ringen \u00abGod morgen Norge\u00bb, hvor hun delte sine tanker om hvordan den siste tiden har v\u00e6rt.<\/p>\n<p>\u2013 Det er helt overveldende. Jeg tror ikke jeg har klart \u00e5 ta inn alt det som har v\u00e6rt. Jeg hadde jo nok med b\u00e5de med meg selv, barna, svigerforeldre og det vi alle sto i, fortalte Aina \u00e5penhjertig.<\/p>\n<p><b>Les ogs\u00e5: <\/b><a href=\"https:\/\/www.nettavisen.no\/kjendis\/aina-tufte-med-gripende-farvel-jeg-savner-din-trost-olaf\/s\/5-95-3174981\" rel=\"Follow nofollow noopener\" target=\"_blank\"><b>Gripende farvel fra kona: \u2013 Jeg savner din tr\u00f8st, Olaf<\/b><\/a><\/p>\n<p>Under Tuftes begravelse i Horten kirke var det et veldig stort oppm\u00f8te, noe som blant annet f\u00f8rte til at <a href=\"https:\/\/www.nettavisen.no\/kjendis\/stort-oppmote-for-olaf-tuftes-begravelse\/s\/5-95-3174547\" rel=\"Follow nofollow noopener\" target=\"_blank\">flere m\u00e5tte sitte p\u00e5 utsiden av kirken og f\u00f8lge seremonien.<\/a><\/p>\n<p>P\u00e5 \u00abGod morgen Norge\u00bb forteller Aina at hun ble overrasket over hvor stor mannen hennes faktisk var i Norge.<\/p>\n<p>\u2013 Han var nok enda st\u00f8rre enn jeg trodde. Jeg synes jo han er bra, men Norge synes tydeligvis ogs\u00e5 at han er bra, sier hun.<\/p>\n<p>    Vil du se neste video?<\/p>\n<p>    <a href=\"https:\/\/www.gjengangeren.no\/brann-i-asgardstrand\/v\/5-60-1249760\" class=\"recommend-poster\" data-adp-clicklabel=\"video-recommend\" data-adp-clickvalue=\"poster\" rel=\"nofollow noopener\" target=\"_blank\"><br \/>\n      <img decoding=\"async\" width=\"200\" height=\"200\" loading=\"lazy\" src=\"https:\/\/www.europesays.com\/no\/wp-content\/uploads\/2026\/09\/v-i-6b88a1e2-4dc3-4ebc-95d0-5fe53ceafd81-1.jpg\" alt=\"\" class=\"brick-c-cFOWSL\" style=\"--brick-image-ratio: 200 \/ 200;\"\/><\/p>\n<p>Brann i \u00c5sg\u00e5rdstrand0:54<\/p>\n<p>    <\/a><\/p>\n<p>\u2013 Folk lager andre historier<\/p>\n<p>Da nyheten kom var det flere som slett med \u00e5 fatte og begripe at en topptrent mann p\u00e5 50 \u00e5r, med tilsynelatende god helse, kunne g\u00e5 bort s\u00e5 plutselig.<\/p>\n<p>Enken beskriver de siste ukene som krevende, og forteller at det er mange som har spekulert rundt Tuftes bortgang.<\/p>\n<p>\u2013 Jeg har forst\u00e5else for at folk trenger et svar, men jeg har f\u00f8lt at vi har gitt det svaret som finnes. N\u00e5r folk lager andre historier, og KI er ikke akkurat den beste vennen for oss. Det kommer mye synsing, sier hun.<\/p>\n<p>   <img decoding=\"async\" width=\"512\" height=\"342\" fetchpriority=\"low\"  loading=\"lazy\"  src=\"https:\/\/www.europesays.com\/no\/wp-content\/uploads\/2026\/09\/1788506802_795_Gripende farvel fra kona:  Jeg savner din trst, Olaf.bin.jpeg\" alt=\"\" class=\"brick-c-cFOWSL\" style=\"--brick-image-ratio: 512 \/ 342;\"\/><\/p>\n<p>      R\u00d8RENDE TALE: Aina Tufte holder minneord under Olaf Karl Tuftes begravelse i Horten kirke fredag.<br \/>\n      Foto: Terje Bendiksby (NTB \/ POOL)\n    <\/p>\n<p>Fredag 31. juli ble ro-legenden begravd ved Horten kirke. I sin siste hilsen i begravelsentakket Aina Tufte for et samliv som tok slutt s\u00e5 altfor tidlig.<\/p>\n<p>\u2013 Du elsket hele meg med hele deg. Jeg ble sett, m\u00f8tt, utfordret og tatt vare p\u00e5. Det var en enorm kj\u00e6rlighet i \u00f8ynene dine, og sammen med smilet ditt kjente jeg all din raushet, sa hun.<\/p>\n<p>    Vil du se neste video?<\/p>\n<p>    <a href=\"https:\/\/www.gjengangeren.no\/kraftig-brann-i-holtandalen\/v\/5-60-1318403\" class=\"recommend-poster\" data-adp-clicklabel=\"video-recommend\" data-adp-clickvalue=\"poster\" rel=\"nofollow noopener\" target=\"_blank\"><br \/>\n      <img decoding=\"async\" width=\"200\" height=\"200\" loading=\"lazy\" src=\"https:\/\/www.europesays.com\/no\/wp-content\/uploads\/2026\/09\/v-i-9066e8cd-205d-42cc-9895-40160ff9c20a-1.jpg\" alt=\"\" class=\"brick-c-cFOWSL\" style=\"--brick-image-ratio: 200 \/ 200;\"\/><\/p>\n<p>Kraftig brann i Holtandalen0:12<\/p>\n<p>    <\/a><\/p>\n","protected":false},"excerpt":{"rendered":"(Nettavisen): 21. juli kom den tragiske beskjeden om at den olympiske roeren Olaf Tufte var g\u00e5tt bort altfor&hellip;\n","protected":false},"author":2,"featured_media":343666,"comment_status":"","ping_status":"","sticky":false,"template":"","format":"standard","meta":{"footnotes":"","_share_on_mastodon":"0"},"categories":[59],"tags":[24694,36,754,30,28,29,25267,11809,83,82,1510],"class_list":["post-343665","post","type-post","status-publish","format-standard","has-post-thumbnail","category-sport","tag-aina-tufte","tag-art","tag-horten","tag-no","tag-norge","tag-norway","tag-nykirke","tag-olaf-tufte","tag-sport","tag-sports","tag-story"],"share_on_mastodon":{"url":"https:\/\/pubeurope.com\/@no\/117211587938277468","error":""},"_links":{"self":[{"href":"https:\/\/www.europesays.com\/no\/wp-json\/wp\/v2\/posts\/343665","targetHints":{"allow":["GET"]}}],"collection":[{"href":"https:\/\/www.europesays.com\/no\/wp-json\/wp\/v2\/posts"}],"about":[{"href":"https:\/\/www.europesays.com\/no\/wp-json\/wp\/v2\/types\/post"}],"author":[{"embeddable":true,"href":"https:\/\/www.europesays.com\/no\/wp-json\/wp\/v2\/users\/2"}],"replies":[{"embeddable":true,"href":"https:\/\/www.europesays.com\/no\/wp-json\/wp\/v2\/comments?post=343665"}],"version-history":[{"count":0,"href":"https:\/\/www.europesays.com\/no\/wp-json\/wp\/v2\/posts\/343665\/revisions"}],"wp:featuredmedia":[{"embeddable":true,"href":"https:\/\/www.europesays.com\/no\/wp-json\/wp\/v2\/media\/343666"}],"wp:attachment":[{"href":"https:\/\/www.europesays.com\/no\/wp-json\/wp\/v2\/media?parent=343665"}],"wp:term":[{"taxonomy":"category","embeddable":true,"href":"https:\/\/www.europesays.com\/no\/wp-json\/wp\/v2\/categories?post=343665"},{"taxonomy":"post_tag","embeddable":true,"href":"https:\/\/www.europesays.com\/no\/wp-json\/wp\/v2\/tags?post=343665"}],"curies":[{"name":"wp","href":"https:\/\/api.w.org\/{rel}","templated":true}]}}