{"id":343821,"date":"2026-09-04T09:44:14","date_gmt":"2026-09-04T09:44:14","guid":{"rendered":"https:\/\/www.europesays.com\/no\/343821\/"},"modified":"2026-09-04T09:44:14","modified_gmt":"2026-09-04T09:44:14","slug":"satelittbilder-avslorte-forsvunnet-oy","status":"publish","type":"post","link":"https:\/\/www.europesays.com\/no\/343821\/","title":{"rendered":"Satelittbilder avsl\u00f8rte \u00abforsvunnet\u00bb \u00f8y"},"content":{"rendered":"<p class=\"kicker \" style=\"\">Dyr\u00f8y i Troms<\/p>\n<p class=\"subtitle \" style=\"\">I nesten tre fulle d\u00f8gn har en bev\u00e6pnet mann forskanset seg p\u00e5 en adresse i Troms. &#8211; Skaper frykt og uro, sier ordf\u00f8reren.<\/p>\n<p>\n    F\u00c5R BISTAND: Troms politidistrikt f\u00e5r bistand for \u00e5 h\u00e5ndtere situasjonen. Foto: P\u00e5l Hansen \/ NRK\n  <\/p>\n<p>I over 60 timer har bev\u00e6pnet politi jobbet p\u00e5 en adresse p\u00e5 Dyr\u00f8y i Troms hvor en mann skal ha forskanset seg.\u00a0<\/p>\n<p>En politipatrulje rykket f\u00f8rst ut til en velferdssjekk etter en bekymringsmelding tirsdag ettermiddag.\u00a0<\/p>\n<p>&#8211; De ble truet med det som ble oppfattet som et v\u00e5pen og trakk seg tilbake, skrev operasjonsleder Eirik Kileng i politiloggen like etter klokka 18.00 tirsdag 1. september.\u00a0<\/p>\n<p>07.30 fredag morgen, over 60 timer seinere, opplyser operasjonsleder at det ikke er noe utvikling i saken.\u00a0<\/p>\n<p class=\"font-weight-bold m-font-weight-bold\" data-lab-font_weight=\"font-weight-bold\">I mellomtida har det blitt l\u00f8snet skudd mot politiet. I tillegg har Fylkesvei 7842 mellom Dyr\u00f8yhamn og Fors\u00e5 blitt stengt av og de n\u00e6rmeste naboene evakuert.<\/p>\n<p>        <img loading=\"lazy\" decoding=\"async\" src=\"https:\/\/www.europesays.com\/no\/wp-content\/uploads\/2026\/09\/1788515052_865_85108715.webp\" width=\"688\" height=\"393\" alt=\"\" class=\"\" style=\"--aspect-ratio-image: 1.75; \"\/><\/p>\n<p>\n        STORE RESSURSER: Politiet vil ikke g\u00e5 inn p\u00e5 hvor mange patruljer som til enhver tid arbeider p\u00e5 stedet. Foto: Malin Straumsnes \/ NRK\n    <\/p>\n<p>Ingen personer skal v\u00e6re skadd og ettersom mannen er isolert inne i et hus er det ikke fare for allmennheten, opplyser politiet.\u00a0<\/p>\n<p>    <a itemprop=\"url\" href=\"https:\/\/www.dagbladet.no\/nyheter\/satelittbilder-avslorte-forsvunnet-oy\/85107380\" rel=\"nofollow noopener\" target=\"_blank\"><\/p>\n<p>        <img loading=\"lazy\" decoding=\"async\" src=\"https:\/\/www.europesays.com\/no\/wp-content\/uploads\/2026\/09\/1788515052_913_85107465.webp\" width=\"180\" height=\"81\" alt=\"\" class=\"lazyload\" style=\"--aspect-ratio-image: 2.22; \"\/><\/p>\n<p>        Satelittbilder avsl\u00f8rte \u00abforsvunnet\u00bb \u00f8y<\/p>\n<p>    <\/a><\/p>\n<p>&#8211; Har v\u00e5pen i hus  <\/p>\n<p>29 personer er registrert p\u00e5 adressene innenfor sperringene, if\u00f8lge avisa <a href=\"https:\/\/www.nordlys.no\/inne-i-tredje-dogn-med-unntakstilstand-mannen-har-fatt-levert-en-telefon\/s\/80-34-2256\" rel=\"nofollow noopener\" target=\"_blank\">Nordlys<\/a>.\u00a0<\/p>\n<p>&#8211; Mange begynner \u00e5 bli ut\u00e5lmodige og det skj\u00f8nner jeg godt, sier politistasjonssjef John-K\u00e5re Granheim til Dagbladet fredag formiddag.\u00a0<\/p>\n<p>Han forteller at status er den samme, og at de ikke er noe n\u00e6rmere en l\u00f8sning.\u00a0<\/p>\n<p>        <img loading=\"lazy\" decoding=\"async\" src=\"https:\/\/www.europesays.com\/no\/wp-content\/uploads\/2026\/09\/1788515053_681_85109490.webp\" width=\"688\" height=\"393\" alt=\"\" class=\"\" style=\"--aspect-ratio-image: 1.75; \"\/><\/p>\n<p>\n        \u00d8Y: Den p\u00e5g\u00e5ende politiaksjonen skjer p\u00e5 Dyr\u00f8ya i Troms.\n    <\/p>\n<p class=\"font-weight-bold m-font-weight-bold\" data-lab-font_weight=\"font-weight-bold\">&#8211; Vi m\u00e5 tenke p\u00e5 sikkerheten til mannskapet. Det er forbundet med stor risiko per n\u00e5 da vi vet at vedkommende har v\u00e5pen i hus, sier Granheim.\u00a0<\/p>\n<p>Hva slags v\u00e5pen det er snakk om, eller hvor mange politipatruljer som arbeider p\u00e5 stedet, kan politistasjonssjefen ikke si noe om.\u00a0<\/p>\n<p>Han h\u00e5per fortsatt at situasjonen skal l\u00f8ses med rolig dialog.\u00a0<\/p>\n<p>If\u00f8lge avisa Nordlys skal politiet ha levert en telefon til mannen p\u00e5 adressen. Det skal v\u00e6re opprettet en viss dialog, bekrefter Granheim.\u00a0<\/p>\n<p>&#8211; Det er krevende for mannskapet \u00e5 st\u00e5 i det her, og vi f\u00e5r bistand fra andre politidistrikt i tillegg.\u00a0<\/p>\n<p>Granheim ber\u00f8mmer innbyggernes t\u00e5lmodighet i den lille kommunen.\u00a0<\/p>\n<p>Ber\u00f8rte beboere fraktes med b\u00e5t forbi den stengte veistrekningen, og ingen skal dermed sitte fast, if\u00f8lge ham.\u00a0<\/p>\n<p>    <a itemprop=\"url\" href=\"https:\/\/www.dagbladet.no\/nyheter\/stengte-togvogn-ikke-ga-inn\/85108562\" rel=\"nofollow noopener\" target=\"_blank\"><\/p>\n<p>        <img loading=\"lazy\" decoding=\"async\" src=\"https:\/\/www.europesays.com\/no\/wp-content\/uploads\/2026\/09\/1788515053_753_85108586.webp\" width=\"180\" height=\"81\" alt=\"\" class=\"lazyload\" style=\"--aspect-ratio-image: 2.22; \"\/><\/p>\n<p>        Stengte togvogn: &#8211; Ikke g\u00e5 inn<\/p>\n<p>    <\/a><\/p>\n<p>&#8211; Skaper frykt og uro  <\/p>\n<p>&#8211; Det begynner jo \u00e5 r\u00f8yne p\u00e5 n\u00e5, erkjenner ordf\u00f8rer i kommunen Marit Alvig Espenes (Ap), til Dagbladet.\u00a0<\/p>\n<p>Hun forteller at politiet ikke har kunnet delt s\u00e5 mye informasjon, noe som har gjort det krevende for kommunen \u00e5 planlegge.<\/p>\n<p> &#8211; Folk er urolige og engstelige. Slike ting skaper jo frykt og uro i befolkningen. <\/p>\n<p>Stadig flere problemstillinger har dukket opp etterhvert som timene har g\u00e5tt, sier ordf\u00f8reren, og viser til at sperringene skaper utfordringer for b\u00e5de beboere, skoleelever og helsetjenester.\u00a0<\/p>\n<p>        M\u00d8TTES: Torsdag kveld deltok b\u00e5de tidligere FpU-leder Lars Barstad L\u00f8vold og den n\u00e5 18 \u00e5r gamle varsleren Ingeborg i NRKs \u00abDebatten\u00bb. Bilder fra NRK. <\/p>\n<p>Det er, if\u00f8lge henne, bare det mest n\u00f8dvendige som g\u00e5r med b\u00e5tskyss og at folk flest ellers holder seg i ro.\u00a0<\/p>\n<p>&#8211; Vi har klart \u00e5 l\u00f8se de fleste problemstillinger underveis og har f\u00e5tt fraktet mat og medisiner med b\u00e5t til den lokale Coop-butikken.<\/p>\n<p>Espenes ber\u00f8mmer innbyggere og n\u00e6ringslivets innsatsvilje til \u00e5 bidra.<\/p>\n<p>Samtidig jobber kommunens kriseledelse med \u00e5 forberede innbyggerne p\u00e5 at dette kan p\u00e5g\u00e5 en stund.\u00a0<\/p>\n<p>&#8211; Opps\u00f8k naboer og bekjente og se til hverandre, er hennes klare oppfordring.<\/p>\n<p>&#8211; Folk er bekymra<\/p>\n<p>P\u00e5 den lokale Coop-butikken jobber butikksjef Lill Sigrid Bergheim i spreng for at beboere som er fast p\u00e5 Dyr\u00f8ya skal f\u00e5 mat og medisiner.\u00a0<\/p>\n<p>Hun forteller at de har opprettet et samarbeid med Nordlaks, som driver et fiskeoppdrettsanlegg like i n\u00e6rhetene. Flere ganger om dagen disponerer oppdrettsselskapet en av sine b\u00e5ter til frakt av personer og varer til og fra fastlandet.\u00a0<\/p>\n<p>B\u00e5tturen tar rundt 45 minutter, og selv om turene koordineres, blir det noen turer daglig.\u00a0<\/p>\n<p>        <img loading=\"lazy\" decoding=\"async\" src=\"https:\/\/www.europesays.com\/no\/wp-content\/uploads\/2026\/09\/1788515054_118_85109364.webp\" width=\"688\" height=\"393\" alt=\"\" class=\"\" style=\"--aspect-ratio-image: 1.75; \"\/><\/p>\n<p>\n        KREVENDE: Butikksjef Lill Sigrid Bergheim beskriver en krevende situasjon. Foto: Privat\n    <\/p>\n<p>&#8211; Dyr\u00f8ysamfunnet utmerker seg n\u00e5r det gjelder samarbeid og dugnad. Vi er rett i overkant av 1000 mennesker hvor nesten alle kjenner alle, sier Bergheim.\u00a0<\/p>\n<p>Butikksjefen er selv inne i sin siste ferieuke denne uka, men har stort sett brukt uka til \u00e5 koordinere matleveringer og ta imot telefoner fra bekymrede kunder.\u00a0<\/p>\n<p>&#8211; Folk er bekymra og tenker p\u00e5 sikkerheten til oss beboere og de involverte partene.\u00a0<\/p>\n<p>&#8211; Jeg h\u00e5per det ender bra alle involverte, sier Bergheim, som forteller at hun ble sv\u00e6rt bekymret da hun h\u00f8rte at det var l\u00f8snet skudd.\u00a0<\/p>\n<p>Hun ber\u00f8mmer politiets t\u00e5lmodighet og er glade de fors\u00f8ker \u00e5 l\u00f8se det med dialog s\u00e5 det ikke ender med en skuddveksling.<\/p>\n","protected":false},"excerpt":{"rendered":"Dyr\u00f8y i Troms I nesten tre fulle d\u00f8gn har en bev\u00e6pnet mann forskanset seg p\u00e5 en adresse i&hellip;\n","protected":false},"author":2,"featured_media":343822,"comment_status":"","ping_status":"","sticky":false,"template":"","format":"standard","meta":{"footnotes":"","_share_on_mastodon":"0"},"categories":[5],"tags":[20,21,1456,24,25,15,19,22,23,17,18,13,30,28,29,14,16,26,27,412],"class_list":["post-343821","post","type-post","status-publish","format-standard","has-post-thumbnail","category-overskrifter","tag-breaking-news","tag-breakingnews","tag-canada","tag-featured-news","tag-featurednews","tag-headlines","tag-hovedoppslag","tag-latest-news","tag-latestnews","tag-main-news","tag-mainnews","tag-news","tag-no","tag-norge","tag-norway","tag-nyheter","tag-overskrifter","tag-top-stories","tag-topstories","tag-utenriks"],"share_on_mastodon":{"url":"https:\/\/pubeurope.com\/@no\/117212130632231396","error":""},"_links":{"self":[{"href":"https:\/\/www.europesays.com\/no\/wp-json\/wp\/v2\/posts\/343821","targetHints":{"allow":["GET"]}}],"collection":[{"href":"https:\/\/www.europesays.com\/no\/wp-json\/wp\/v2\/posts"}],"about":[{"href":"https:\/\/www.europesays.com\/no\/wp-json\/wp\/v2\/types\/post"}],"author":[{"embeddable":true,"href":"https:\/\/www.europesays.com\/no\/wp-json\/wp\/v2\/users\/2"}],"replies":[{"embeddable":true,"href":"https:\/\/www.europesays.com\/no\/wp-json\/wp\/v2\/comments?post=343821"}],"version-history":[{"count":0,"href":"https:\/\/www.europesays.com\/no\/wp-json\/wp\/v2\/posts\/343821\/revisions"}],"wp:featuredmedia":[{"embeddable":true,"href":"https:\/\/www.europesays.com\/no\/wp-json\/wp\/v2\/media\/343822"}],"wp:attachment":[{"href":"https:\/\/www.europesays.com\/no\/wp-json\/wp\/v2\/media?parent=343821"}],"wp:term":[{"taxonomy":"category","embeddable":true,"href":"https:\/\/www.europesays.com\/no\/wp-json\/wp\/v2\/categories?post=343821"},{"taxonomy":"post_tag","embeddable":true,"href":"https:\/\/www.europesays.com\/no\/wp-json\/wp\/v2\/tags?post=343821"}],"curies":[{"name":"wp","href":"https:\/\/api.w.org\/{rel}","templated":true}]}}