{"id":343865,"date":"2026-09-04T10:31:16","date_gmt":"2026-09-04T10:31:16","guid":{"rendered":"https:\/\/www.europesays.com\/no\/343865\/"},"modified":"2026-09-04T10:31:16","modified_gmt":"2026-09-04T10:31:16","slug":"ledere-meninger-na-krysser-vi-fingrene","status":"publish","type":"post","link":"https:\/\/www.europesays.com\/no\/343865\/","title":{"rendered":"Ledere, Meninger | N\u00e5 krysser vi fingrene"},"content":{"rendered":"<p class=\"vignette\">Leder<\/p>\n<p class=\"disclaimer\">Dette er en leder. Lederen gir uttrykk for avisens holdning.<\/p>\n<p>Tyske Isar Aerospace gj\u00f8r seg klare til et nytt fors\u00f8k p\u00e5 \u00e5 skyte opp raketten \u00abSpectrum 2\u00bb. Oppskytingsvinduet \u00e5pner i dag, fredag 4. september, og strekker seg til og med neste torsdag, 10. september. Med det st\u00e5r Vester\u00e5len igjen i sentrum for begivenhetene.<\/p>\n<p>Flere akt\u00f8rer i Europa kjemper om \u00e5 etablere kapasitet for satellittoppskyting, men And\u00f8ya Spaceport har lenge v\u00e6rt i f\u00f8rersetet. M\u00e5let er b\u00e5de klart og ambisi\u00f8st: \u00c5 bli den f\u00f8rste romhavna p\u00e5 det europeiske fastlandet som lykkes med \u00e5 sende en satellitt ut i bane.<\/p>\n<p>Veien hit har imidlertid vist at rakettoppskyting er alt annet enn ukomplisert. Satsinga har v\u00e6rt preget av b\u00e5de intensiv testing og uforutsette hendelser:<\/p>\n<p>\u2022 30. mars i fjor skj\u00f8t Isar Aerospace opp sin f\u00f8rste Spectrum-rakett, \u00abSpectrum 1\u00bb. Den gangen landet raketten i havet rundt 30 sekunder etter oppskyting.<\/p>\n<p>\u2022 21. januar i \u00e5r planla selskapet nytt oppskytingsfors\u00f8k fra And\u00f8ya Spaceport. Fors\u00f8ket ble avbrutt rett f\u00f8r oppskyting p\u00e5 grunn av en feil med en trykkventil.<\/p>\n<p>\u2022 25. mars i \u00e5r ble et nytt fors\u00f8k med \u00abSpectrum 2\u00bb avlyst p\u00e5 grunn av en uautorisert b\u00e5t \u2013 fiskeb\u00e5ten \u00abEinar\u00bb \u2013 som befant seg i fareomr\u00e5det fordi hevinga av bruket var forsinka.<\/p>\n<p>\u2022 9. april i \u00e5r ble enda et fors\u00f8k avbrutt p\u00e5 oppl\u00f8pssida p\u00e5 grunn av tekniske utfordringer og mistanke om en lekkasje.<\/p>\n<p>\u2022 15. juni i \u00e5r f\u00f8rte unormal oppf\u00f8rsel i rakettens v\u00e6skesystemer til at fors\u00f8ket ble avbl\u00e5st kun en time f\u00f8r oppskyting.<\/p>\n<p>Slike tilbakeslag er en naturlig del av den krevende romfartsteknologien, men n\u00e5 satser vi p\u00e5 at alt klaffer. G\u00e5r alt etter planen den kommende uka, skrives det europeisk industrihistorie fra norsk jord.<\/p>\n<p>Satsinga p\u00e5 And\u00f8ya handler likevel om langt mer enn spektakul\u00e6re rakettoppskytinger. Det moderne samfunnet er helt avhengig av satellitter for alt fra navigasjon og kommunikasjon til v\u00e6rvarsling og milj\u00f8overv\u00e5king. Satellitter spiller ogs\u00e5 en helt sentral rolle for v\u00e5r samfunnssikkerhet og norske suverenitet.<\/p>\n<p>I et geopolitisk urolig bilde, og spesielt her i nordomr\u00e5dene med krevende klima og enorme avstander, er denne kapasiteten avgj\u00f8rende \u2013 b\u00e5de for Norge og for v\u00e5re allierte. At en slik strategisk infrastruktur og ekspertise er lokalisert nettopp i And\u00f8y og Vester\u00e5len er slett ingen selvf\u00f8lge. Det har vi grunn til \u00e5 v\u00e6re stolte av.<\/p>\n<p>Samtidig er det viktig \u00e5 huske p\u00e5 at verken And\u00f8ya Spaceport eller Isar Aerospace kan lykkes i et vakuum. De er helt avhengige av et godt og tillitsfullt samspill med lokalbefolkninga og det regionale n\u00e6ringslivet. Ikke minst gjelder dette innbyggerne i bygdene n\u00e6r basen og fiskerne som har levebr\u00f8det sitt p\u00e5 de rike fiskefeltene utenfor stuevinduene her.<\/p>\n<p>Oppskytingene fra B\u00f8rv\u00e5gen medf\u00f8rer strenge ferdselsforbud p\u00e5 land og til havs, noe som legger \u00e5penbare begrensninger p\u00e5 folks hverdag og yrkesut\u00f8velse. Sikkerhetsreglene m\u00e5 selvsagt f\u00f8lges, men det understreker ogs\u00e5 behovet for god dialog. Det er i alles interesse at oppskytingen en av de n\u00e6rmeste dagene blir vellykket, og s\u00e5 m\u00e5 den viktige samtalen om veien videre f\u00f8lges opp i etterkant.<\/p>\n<p>Siden Stortinget ga sitt tilsagn p\u00e5 365 millioner kroner sommeren 2020, og den offisielle \u00e5pninga av satellittbasen fant sted i november 2023, har And\u00f8ya Spaceport rigget seg for framtida. N\u00e5 krysser vi fingrene for Isar Aerospace og det sterke rommilj\u00f8et p\u00e5 \u00f8ya.<\/p>\n<p>Lykke til \u2013 vi h\u00e5per dere n\u00e5r nye h\u00f8yder i n\u00e6r framtid!<\/p>\n","protected":false},"excerpt":{"rendered":"Leder Dette er en leder. Lederen gir uttrykk for avisens holdning. Tyske Isar Aerospace gj\u00f8r seg klare til&hellip;\n","protected":false},"author":2,"featured_media":343866,"comment_status":"","ping_status":"","sticky":false,"template":"","format":"standard","meta":{"footnotes":"","_share_on_mastodon":"0"},"categories":[10],"tags":[3397,36,20,21,24,25,15,26372,22,23,8853,156,62,13,30,28,29,14,1533,16,26,27],"class_list":["post-343865","post","type-post","status-publish","format-standard","has-post-thumbnail","category-norge","tag-andoya-spaceport","tag-art","tag-breaking-news","tag-breakingnews","tag-featured-news","tag-featurednews","tag-headlines","tag-isar-aerpospace","tag-latest-news","tag-latestnews","tag-ledere","tag-meninger","tag-naeringsliv","tag-news","tag-no","tag-norge","tag-norway","tag-nyheter","tag-opinion","tag-overskrifter","tag-top-stories","tag-topstories"],"share_on_mastodon":{"url":"https:\/\/pubeurope.com\/@no\/117212314887324268","error":""},"_links":{"self":[{"href":"https:\/\/www.europesays.com\/no\/wp-json\/wp\/v2\/posts\/343865","targetHints":{"allow":["GET"]}}],"collection":[{"href":"https:\/\/www.europesays.com\/no\/wp-json\/wp\/v2\/posts"}],"about":[{"href":"https:\/\/www.europesays.com\/no\/wp-json\/wp\/v2\/types\/post"}],"author":[{"embeddable":true,"href":"https:\/\/www.europesays.com\/no\/wp-json\/wp\/v2\/users\/2"}],"replies":[{"embeddable":true,"href":"https:\/\/www.europesays.com\/no\/wp-json\/wp\/v2\/comments?post=343865"}],"version-history":[{"count":0,"href":"https:\/\/www.europesays.com\/no\/wp-json\/wp\/v2\/posts\/343865\/revisions"}],"wp:featuredmedia":[{"embeddable":true,"href":"https:\/\/www.europesays.com\/no\/wp-json\/wp\/v2\/media\/343866"}],"wp:attachment":[{"href":"https:\/\/www.europesays.com\/no\/wp-json\/wp\/v2\/media?parent=343865"}],"wp:term":[{"taxonomy":"category","embeddable":true,"href":"https:\/\/www.europesays.com\/no\/wp-json\/wp\/v2\/categories?post=343865"},{"taxonomy":"post_tag","embeddable":true,"href":"https:\/\/www.europesays.com\/no\/wp-json\/wp\/v2\/tags?post=343865"}],"curies":[{"name":"wp","href":"https:\/\/api.w.org\/{rel}","templated":true}]}}