{"id":343871,"date":"2026-09-04T10:37:28","date_gmt":"2026-09-04T10:37:28","guid":{"rendered":"https:\/\/www.europesays.com\/no\/343871\/"},"modified":"2026-09-04T10:37:28","modified_gmt":"2026-09-04T10:37:28","slug":"20-000-passasjerer-rammet-veldig-synd","status":"publish","type":"post","link":"https:\/\/www.europesays.com\/no\/343871\/","title":{"rendered":"20.000 passasjerer rammet: &#8211; Veldig synd"},"content":{"rendered":"<p class=\"subtitle \" style=\"\">20.000 Norwegian-passasjerer ble p\u00e5virket av flygelederstreiken.\u00a0<\/p>\n<p>\n    I august hadde Norwegian-konsernet 2,9 millioner passasjerer. Foto: Annika Byrde \/ NTB\n  <\/p>\n<p>2,5 millioner av passasjerene reiste med Norwegian, og 359.000 med Wider\u00f8e.<\/p>\n<p>\u2013 August var en m\u00e5ned med solid ettersp\u00f8rsel og god drift. Jeg er veldig forn\u00f8yd med at vi hadde b\u00e5de \u00f8kt kapasitet og h\u00f8yere fyllingsgrad sammenlignet med samme m\u00e5ned i fjor, sier konsernsjef i Norwegian, Geir Karlsen, i en pressemelding.<\/p>\n<p>Flygelederstreik i august f\u00f8rte til flere dager med kaos p\u00e5 norske flyplasser.<\/p>\n<p>\u2013 Dessverre f\u00f8rte flygelederstreiken i slutten av m\u00e5neden til kanselleringer og forsinkelser for mer enn 20.000 av v\u00e5re passasjerer. Dette er selvsagt veldig synd.<\/p>\n<p>Tross kanselleringer hadde flyselskapet en \u00f8kning p\u00e5 4 prosent fra samme periode i fjor n\u00e5r det gjelder faktisk passasjertrafikk.<\/p>\n<p>Norwegian hadde i gjennomsnitt 94 fly i drift i august.<\/p>\n","protected":false},"excerpt":{"rendered":"20.000 Norwegian-passasjerer ble p\u00e5virket av flygelederstreiken.\u00a0 I august hadde Norwegian-konsernet 2,9 millioner passasjerer. Foto: Annika Byrde \/ NTB&hellip;\n","protected":false},"author":2,"featured_media":343872,"comment_status":"","ping_status":"","sticky":false,"template":"","format":"standard","meta":{"footnotes":"","_share_on_mastodon":"0"},"categories":[56],"tags":[60,61,300,62,30,28,29,2379,14,572,1992,4227],"class_list":["post-343871","post","type-post","status-publish","format-standard","has-post-thumbnail","category-naeringsliv","tag-business","tag-economy","tag-fly","tag-naeringsliv","tag-no","tag-norge","tag-norway","tag-norwegian","tag-nyheter","tag-okonomi","tag-reise","tag-streik"],"share_on_mastodon":{"url":"https:\/\/pubeurope.com\/@no\/117212338437840100","error":""},"_links":{"self":[{"href":"https:\/\/www.europesays.com\/no\/wp-json\/wp\/v2\/posts\/343871","targetHints":{"allow":["GET"]}}],"collection":[{"href":"https:\/\/www.europesays.com\/no\/wp-json\/wp\/v2\/posts"}],"about":[{"href":"https:\/\/www.europesays.com\/no\/wp-json\/wp\/v2\/types\/post"}],"author":[{"embeddable":true,"href":"https:\/\/www.europesays.com\/no\/wp-json\/wp\/v2\/users\/2"}],"replies":[{"embeddable":true,"href":"https:\/\/www.europesays.com\/no\/wp-json\/wp\/v2\/comments?post=343871"}],"version-history":[{"count":0,"href":"https:\/\/www.europesays.com\/no\/wp-json\/wp\/v2\/posts\/343871\/revisions"}],"wp:featuredmedia":[{"embeddable":true,"href":"https:\/\/www.europesays.com\/no\/wp-json\/wp\/v2\/media\/343872"}],"wp:attachment":[{"href":"https:\/\/www.europesays.com\/no\/wp-json\/wp\/v2\/media?parent=343871"}],"wp:term":[{"taxonomy":"category","embeddable":true,"href":"https:\/\/www.europesays.com\/no\/wp-json\/wp\/v2\/categories?post=343871"},{"taxonomy":"post_tag","embeddable":true,"href":"https:\/\/www.europesays.com\/no\/wp-json\/wp\/v2\/tags?post=343871"}],"curies":[{"name":"wp","href":"https:\/\/api.w.org\/{rel}","templated":true}]}}