{"id":343877,"date":"2026-09-04T10:41:20","date_gmt":"2026-09-04T10:41:20","guid":{"rendered":"https:\/\/www.europesays.com\/no\/343877\/"},"modified":"2026-09-04T10:41:20","modified_gmt":"2026-09-04T10:41:20","slug":"sport-elverum-ryktene-skapte-usikkerhet-for-mathilde-24-hadde-lave-forventninger","status":"publish","type":"post","link":"https:\/\/www.europesays.com\/no\/343877\/","title":{"rendered":"Sport, Elverum | Ryktene skapte usikkerhet for Mathilde (24): \u2013\u00a0Hadde lave forventninger"},"content":{"rendered":"<p>      Sport, Elverum | Ryktene skapte usikkerhet for Mathilde (24): \u2013\u00a0Hadde lave forventninger<\/p>\n<p>        <a href=\"#main-content-begin\" class=\"maelstrom-skip-link\"><br \/>\n    G\u00e5 til sidens hovedinnhold<br \/>\n<\/a><\/p>\n<p>   <img decoding=\"async\" width=\"1680\" height=\"1120\" fetchpriority=\"high\"  loading=\"eager\"  src=\"https:\/\/www.europesays.com\/no\/wp-content\/uploads\/2026\/09\/NW1A0036%20copy.jpg\" alt=\"\" class=\"brick-c-cFOWSL\" style=\"--brick-image-ratio: 1680 \/ 1120;\"\/><\/p>\n<p>      NY KLUBB: Denne helga debuterer Mathilde Hauge Harviken fra Elverum i sin nye klubb.<br \/>\n      Foto: Aston Villa\n    <\/p>\n<p>Oppdatert: 04.09.26 10:54Publisert: 04.09.26 10:52<\/p>\n<p data-content=\"lead-text\" class=\"lead-text story article--c-eOZvhA\">\n<p>          Hun sto overfor en vanskelig avgj\u00f8relse da telefonen ringte fra England. Et par m\u00e5neder senere er alvoret i ferd med \u00e5 dra i gang.\n      <\/p>\n<p>    Plussmerking. Denne artikkelen kan bare leses av abonnenter<\/p>\n<p>  For abonnenter<\/p>\n<p>    <a href=\"https:\/\/www.ostlendingen.no\/\" class=\"logo\" aria-label=\"G\u00e5 til \u00d8stlendingen hovedside\" rel=\"nofollow noopener\" target=\"_blank\"><br \/>\n        <img decoding=\"async\" src=\"https:\/\/assets.acdn.no\/local\/v3\/publications\/www.ostlendingen.no\/gfx\/small.svg\" alt=\"G\u00e5 til \u00d8stlendingen hovedside\" height=\"66\" width=\"auto\" loading=\"lazy\"\/><br \/>\n    <\/a><\/p>\n<p>Alt innhold og tilh\u00f8rende data p\u00e5 v\u00e5re nettsider er underlagt opphavsrett og kan ikke brukes uten samtykke. Dette gjelder ogs\u00e5 for all skraping, crawling, salg eller videredistribusjon.<\/p>\n<p>\u00d8stlendingen \u00a9 2026<\/p>\n<p>    <a href=\"https:\/\/www.redaktor.no\/ressurser\/temaer\/redaktoransvar\" rel=\"noopener nofollow\" target=\"_blank\"><br \/>\n        <img decoding=\"async\" alt=\"G\u00e5 til redaktor.no for \u00e5 lese om redakt\u00f8ransvar\" class=\"redaktoransvar\" src=\"https:\/\/r.acdn.no\/brandheader\/default\/redaktoransvar.svg\" height=\"85\" width=\"85\" loading=\"lazy\"\/><br \/>\n    <\/a><\/p>\n","protected":false},"excerpt":{"rendered":"Sport, Elverum | Ryktene skapte usikkerhet for Mathilde (24): \u2013\u00a0Hadde lave forventninger G\u00e5 til sidens hovedinnhold NY KLUBB:&hellip;\n","protected":false},"author":2,"featured_media":343878,"comment_status":"","ping_status":"","sticky":false,"template":"","format":"standard","meta":{"footnotes":"","_share_on_mastodon":"0"},"categories":[59],"tags":[30,28,29,83,82],"class_list":["post-343877","post","type-post","status-publish","format-standard","has-post-thumbnail","category-sport","tag-no","tag-norge","tag-norway","tag-sport","tag-sports"],"share_on_mastodon":{"url":"https:\/\/pubeurope.com\/@no\/117212354136486278","error":""},"_links":{"self":[{"href":"https:\/\/www.europesays.com\/no\/wp-json\/wp\/v2\/posts\/343877","targetHints":{"allow":["GET"]}}],"collection":[{"href":"https:\/\/www.europesays.com\/no\/wp-json\/wp\/v2\/posts"}],"about":[{"href":"https:\/\/www.europesays.com\/no\/wp-json\/wp\/v2\/types\/post"}],"author":[{"embeddable":true,"href":"https:\/\/www.europesays.com\/no\/wp-json\/wp\/v2\/users\/2"}],"replies":[{"embeddable":true,"href":"https:\/\/www.europesays.com\/no\/wp-json\/wp\/v2\/comments?post=343877"}],"version-history":[{"count":0,"href":"https:\/\/www.europesays.com\/no\/wp-json\/wp\/v2\/posts\/343877\/revisions"}],"wp:featuredmedia":[{"embeddable":true,"href":"https:\/\/www.europesays.com\/no\/wp-json\/wp\/v2\/media\/343878"}],"wp:attachment":[{"href":"https:\/\/www.europesays.com\/no\/wp-json\/wp\/v2\/media?parent=343877"}],"wp:term":[{"taxonomy":"category","embeddable":true,"href":"https:\/\/www.europesays.com\/no\/wp-json\/wp\/v2\/categories?post=343877"},{"taxonomy":"post_tag","embeddable":true,"href":"https:\/\/www.europesays.com\/no\/wp-json\/wp\/v2\/tags?post=343877"}],"curies":[{"name":"wp","href":"https:\/\/api.w.org\/{rel}","templated":true}]}}