{"id":343881,"date":"2026-09-04T10:49:17","date_gmt":"2026-09-04T10:49:17","guid":{"rendered":"https:\/\/www.europesays.com\/no\/343881\/"},"modified":"2026-09-04T10:49:17","modified_gmt":"2026-09-04T10:49:17","slug":"aktor-legger-ned-pastand-om-syv-ar-og-fire-maneders-fengsel-for-farmen-andreas","status":"publish","type":"post","link":"https:\/\/www.europesays.com\/no\/343881\/","title":{"rendered":"Aktor legger ned p\u00e5stand om syv \u00e5r og fire m\u00e5neders fengsel for \u00abFarmen\u00bb-Andreas"},"content":{"rendered":"<p class=\"extendedContent hyperion-css-eyn926\" data-test-tag=\"lead-text\">NOTODDEN: Han er tiltalt for mishandling og voldtekter. Fredag holder aktor og forsvarer sine sluttprosedyrer i retten.<\/p>\n<p><img decoding=\"async\" class=\"image-asset hyperion-css-u06ts1\" data-test-tag=\"image-asset\" src=\"https:\/\/www.europesays.com\/no\/wp-content\/uploads\/2026\/09\/d49276aa-d829-3452-b3d3-10590082ae88.jpeg\"  alt=\"I Telemark tingrett g\u00e5r n\u00e5 den to ukers lange rettssaken mot \u00abFarmen\u00bb-Andreas mot slutten.\"  loading=\"eager\" fetchpriority=\"high\" style=\"aspect-ratio:2048 \/ 1703\"\/>I Telemark tingrett g\u00e5r n\u00e5 den to ukers lange rettssaken mot \u00abFarmen\u00bb-Andreas mot slutten. Foto: Nils Bj\u00e5land \/ VG<\/p>\n<p>Publisert: 04.09.2026 11:52 |\u00a0Oppdatert: 04.09.2026 12:40<\/p>\n<p class=\"paywall hyperion-css-1j42uic\">Rettssaken mot den tidligere realityprofilen har p\u00e5g\u00e5tt i nesten to uker og avsluttes i dag.<\/p>\n<p class=\"paywall hyperion-css-1j42uic\">\u00abFarmen\u00bb-Andreas (42) er tiltalt for mishandling og voldtekter av ekskona Maren, i tillegg til brudd p\u00e5 bes\u00f8ksforbudet mot henne.<strong> <\/strong><\/p>\n<p class=\"hyperion-css-1qm9e9t\">Les hele saken med abonnement<\/p>\n<p>Allerede abonnent? Logg inn<\/p>\n","protected":false},"excerpt":{"rendered":"NOTODDEN: Han er tiltalt for mishandling og voldtekter. Fredag holder aktor og forsvarer sine sluttprosedyrer i retten. I&hellip;\n","protected":false},"author":2,"featured_media":343882,"comment_status":"","ping_status":"","sticky":false,"template":"","format":"standard","meta":{"footnotes":"","_share_on_mastodon":"0"},"categories":[5],"tags":[20,21,24,25,15,19,22,23,17,18,13,30,28,29,14,16,26,27],"class_list":["post-343881","post","type-post","status-publish","format-standard","has-post-thumbnail","category-overskrifter","tag-breaking-news","tag-breakingnews","tag-featured-news","tag-featurednews","tag-headlines","tag-hovedoppslag","tag-latest-news","tag-latestnews","tag-main-news","tag-mainnews","tag-news","tag-no","tag-norge","tag-norway","tag-nyheter","tag-overskrifter","tag-top-stories","tag-topstories"],"share_on_mastodon":{"url":"https:\/\/pubeurope.com\/@no\/117212386090894018","error":""},"_links":{"self":[{"href":"https:\/\/www.europesays.com\/no\/wp-json\/wp\/v2\/posts\/343881","targetHints":{"allow":["GET"]}}],"collection":[{"href":"https:\/\/www.europesays.com\/no\/wp-json\/wp\/v2\/posts"}],"about":[{"href":"https:\/\/www.europesays.com\/no\/wp-json\/wp\/v2\/types\/post"}],"author":[{"embeddable":true,"href":"https:\/\/www.europesays.com\/no\/wp-json\/wp\/v2\/users\/2"}],"replies":[{"embeddable":true,"href":"https:\/\/www.europesays.com\/no\/wp-json\/wp\/v2\/comments?post=343881"}],"version-history":[{"count":0,"href":"https:\/\/www.europesays.com\/no\/wp-json\/wp\/v2\/posts\/343881\/revisions"}],"wp:featuredmedia":[{"embeddable":true,"href":"https:\/\/www.europesays.com\/no\/wp-json\/wp\/v2\/media\/343882"}],"wp:attachment":[{"href":"https:\/\/www.europesays.com\/no\/wp-json\/wp\/v2\/media?parent=343881"}],"wp:term":[{"taxonomy":"category","embeddable":true,"href":"https:\/\/www.europesays.com\/no\/wp-json\/wp\/v2\/categories?post=343881"},{"taxonomy":"post_tag","embeddable":true,"href":"https:\/\/www.europesays.com\/no\/wp-json\/wp\/v2\/tags?post=343881"}],"curies":[{"name":"wp","href":"https:\/\/api.w.org\/{rel}","templated":true}]}}