{"id":343883,"date":"2026-09-04T10:58:12","date_gmt":"2026-09-04T10:58:12","guid":{"rendered":"https:\/\/www.europesays.com\/no\/343883\/"},"modified":"2026-09-04T10:58:12","modified_gmt":"2026-09-04T10:58:12","slug":"direktesport-mads-a-andersen-amedia-henter-fra-dagbladet","status":"publish","type":"post","link":"https:\/\/www.europesays.com\/no\/343883\/","title":{"rendered":"Direktesport, Mads A. Andersen | Amedia henter fra Dagbladet"},"content":{"rendered":"\n<p>Fra og med neste sesong tar Amedia over rettighetene til Obos-ligaen. Selskapet omtaler de eksklusive rettighetene som en av de mest betydningsfulle sportsavtalene i selskapets historie.<\/p>\n<p>I forbindelse med den offensive satsningen p\u00e5 norsk fotball hentes Dagbladets nyhetsredakt\u00f8r Mads A. Andersen (43) inn som ny direkt\u00f8r for Direktesport.\u00a0<\/p>\n<p>\u2013 Dette er en stjernesignering av de sjeldne. Mads har gang p\u00e5 gang vist at han har en unik gjennomf\u00f8ringsevne, han er strategisk og sjeldent innovativ. Denne ansettelsen reflekterer v\u00e5re ambisjoner innenfor sportsomr\u00e5det, sier konsernsjef i Amedia, Anders M\u00f8ller Opdahl, i en pressemelding.\u00a0<\/p>\n<p>Andersen har en lang mediekarriere bak seg, og var blant annet en sentral drivkraft i oppbyggingen av VGTV. De siste \u00e5rene har han v\u00e6rt nyhetsredakt\u00f8r i Dagbladet.\u00a0<\/p>\n<p>\u2013 Skal en mediebedrift v\u00e6re b\u00e6rekraftig, m\u00e5 den ha innhold du ikke f\u00e5r andre steder. Det har Amedias aviser. De sitter allerede p\u00e5 gull. N\u00e5 skal vi bli enda flinkere til \u00e5 foredle det, sier Andersen.<\/p>\n<p>Andersen f\u00e5r ansvaret for \u00e5 utvikle nye redaksjonelle konsepter, studio- og TV-produkter i tilknytning til Amedias nye rettigheter. Han tiltrer stillingen i Direktesport i l\u00f8pet av h\u00f8sten.<\/p>\n<p>\u2013 Det unike med Amedia er at de er til stede der folk bor, jobber, heier og diskuterer \u2013 og at de kjenner klubbene og supporterne i forveien. N\u00e5r over 120 lokalaviser skal fortelle historien om norsk fotball, kan vi komme tettere p\u00e5 enn noen andre, sier Andersen.<\/p>\n<p>I tillegg til de eksklusive rettighetene til Obos-ligaen fra 2027, har Amedia ogs\u00e5 rettigheter for Coop-ligaen, 2. divisjon menn og Norsk Tipping-ligaen.<\/p>\n","protected":false},"excerpt":{"rendered":"Fra og med neste sesong tar Amedia over rettighetene til Obos-ligaen. Selskapet omtaler de eksklusive rettighetene som en&hellip;\n","protected":false},"author":2,"featured_media":343884,"comment_status":"","ping_status":"","sticky":false,"template":"","format":"standard","meta":{"footnotes":"","_share_on_mastodon":"0"},"categories":[12],"tags":[20,21,24,25,15,22,23,13,30,28,29,14,16,26,27,42,43,44,45],"class_list":["post-343883","post","type-post","status-publish","format-standard","has-post-thumbnail","category-verden","tag-breaking-news","tag-breakingnews","tag-featured-news","tag-featurednews","tag-headlines","tag-latest-news","tag-latestnews","tag-news","tag-no","tag-norge","tag-norway","tag-nyheter","tag-overskrifter","tag-top-stories","tag-topstories","tag-verden","tag-world","tag-world-news","tag-worldnews"],"share_on_mastodon":{"url":"https:\/\/pubeurope.com\/@no\/117212421139996244","error":""},"_links":{"self":[{"href":"https:\/\/www.europesays.com\/no\/wp-json\/wp\/v2\/posts\/343883","targetHints":{"allow":["GET"]}}],"collection":[{"href":"https:\/\/www.europesays.com\/no\/wp-json\/wp\/v2\/posts"}],"about":[{"href":"https:\/\/www.europesays.com\/no\/wp-json\/wp\/v2\/types\/post"}],"author":[{"embeddable":true,"href":"https:\/\/www.europesays.com\/no\/wp-json\/wp\/v2\/users\/2"}],"replies":[{"embeddable":true,"href":"https:\/\/www.europesays.com\/no\/wp-json\/wp\/v2\/comments?post=343883"}],"version-history":[{"count":0,"href":"https:\/\/www.europesays.com\/no\/wp-json\/wp\/v2\/posts\/343883\/revisions"}],"wp:featuredmedia":[{"embeddable":true,"href":"https:\/\/www.europesays.com\/no\/wp-json\/wp\/v2\/media\/343884"}],"wp:attachment":[{"href":"https:\/\/www.europesays.com\/no\/wp-json\/wp\/v2\/media?parent=343883"}],"wp:term":[{"taxonomy":"category","embeddable":true,"href":"https:\/\/www.europesays.com\/no\/wp-json\/wp\/v2\/categories?post=343883"},{"taxonomy":"post_tag","embeddable":true,"href":"https:\/\/www.europesays.com\/no\/wp-json\/wp\/v2\/tags?post=343883"}],"curies":[{"name":"wp","href":"https:\/\/api.w.org\/{rel}","templated":true}]}}