{"id":343885,"date":"2026-09-04T10:59:10","date_gmt":"2026-09-04T10:59:10","guid":{"rendered":"https:\/\/www.europesays.com\/no\/343885\/"},"modified":"2026-09-04T10:59:10","modified_gmt":"2026-09-04T10:59:10","slug":"kong-harald-ingrid-alexandra-store-om-ingrid-alexandra-hun-vil-bli-bedt-om-a-lede-statsrad","status":"publish","type":"post","link":"https:\/\/www.europesays.com\/no\/343885\/","title":{"rendered":"Kong Harald, Ingrid Alexandra | St\u00f8re om Ingrid Alexandra: \u2013 Hun vil bli bedt om \u00e5 lede statsr\u00e5d"},"content":{"rendered":"\n<p>SLOTTSPLASSEN (Nettavisen): Kronprinsesse Ingrid Alexandra var fredag til stede under det f\u00f8rste ordin\u00e6re statsr\u00e5det med kong Haakon.<\/p>\n<p>Etter m\u00f8tet fortalte statsminister Jonas Gahr St\u00f8re til Nettavisen at kongen orienterte om kronprinsessens edsavleggelse til Stortinget.\u00a0<\/p>\n<p>Edsavleggelsen betyr at hun n\u00e5 kan lede statsr\u00e5d dersom kongen er borte.<\/p>\n<p>\u2013 Den situasjonen vil helt sikkert oppst\u00e5 at hun blir bedt om \u00e5 lede statsr\u00e5det, sier St\u00f8re.<\/p>\n<p><b>Les ogs\u00e5: <a class=\"simple-relation related-teaser article--c-eBQpMJ\" href=\"https:\/\/www.nettavisen.no\/kjendis\/kronprinsesse-ingrid-alexandra-i-sitt-forste-ordinare-statsrad\/s\/80-95-53630\" rel=\"nofollow noopener\" target=\"_blank\">Kongen og kronprinsessen tilbake p\u00e5 jobb<\/a><\/b><\/p>\n<p>F\u00e5r l\u00e6re hvordan det gj\u00f8res<\/p>\n<p>If\u00f8lge statsministeren er det derfor nyttig at Ingrid Alexandra n\u00e5 er med og ser hvordan m\u00f8tene gjennomf\u00f8res.<\/p>\n<p>\u2013 Det er ikke veldig komplisert, men det skal skje i en bestemt rekkef\u00f8lge, og det at hun n\u00e5 f\u00e5r det med seg, det er bra, sier St\u00f8re.<\/p>\n<p>   <img decoding=\"async\" width=\"4246\" height=\"3071\" fetchpriority=\"low\"  loading=\"lazy\"  src=\"https:\/\/www.europesays.com\/no\/wp-content\/uploads\/2026\/09\/NTB__67zw9seDkE.jpg\" alt=\"\" class=\"brick-c-cFOWSL\" style=\"--brick-image-ratio: 4246 \/ 3071;\"\/><\/p>\n<p>      SYMBOLSK: Kong Haakon VIII hilser p\u00e5 statsminister Jonas Gahr St\u00f8re, foran en byste av sin oldefar kong Haakon VII 28. august.<br \/>\n      Foto: Lise \u00c5serud (NTB)\n    <\/p>\n<p>Kronprinsessen var ogs\u00e5 til stede forrige fredag, da regjeringen fikk meddelelsen om kong Haralds d\u00f8d.<\/p>\n<p>Fredagens m\u00f8te var derimot det f\u00f8rste ordin\u00e6re statsr\u00e5det med kong Haakon.<\/p>\n<p>St\u00f8re sier m\u00f8tet f\u00f8ltes kjent.<\/p>\n<p>\u2013 Det var veldig, veldig kjent fordi kong Haakon har jo v\u00e6rt med p\u00e5 dette mange ganger med faren sin. Han har holdt statsr\u00e5det i farens frav\u00e6r.<\/p>\n<p><b>Les ogs\u00e5: <a class=\"simple-relation related-teaser article--c-eBQpMJ\" href=\"https:\/\/www.nettavisen.no\/nyheter\/nettavisens-nye-maling-folket-stotter-politikernes-stillhet\/s\/80-95-49520\" rel=\"nofollow noopener\" target=\"_blank\">M\u00e5ling: Folket st\u00f8tter politikernes stillhet<\/a><\/b><\/p>\n<p>\u2013 Et samlingspunkt<\/p>\n<p>Statsministeren mener dagene etter kong Haralds d\u00f8d ogs\u00e5 har vist hvor sterkt monarkiet st\u00e5r i Norge.<\/p>\n<p>Tusenvis av mennesker har m\u00f8tt opp for \u00e5 ta farvel med kong Harald.<\/p>\n<p>\u2013 Kongen er et samlingspunkt i landet v\u00e5rt. Han n\u00e5r ut p\u00e5 tvers av skillelinjer som ellers splitter oss, sier St\u00f8re.<\/p>\n<p>Han mener det viser at monarkiet fortsatt har en viktig rolle.<\/p>\n<p>\u2013 Vi har hatt kloke konger, en dag f\u00e5r vi sikkert en klok dronning, og det har stor oppslutning.<\/p>\n<p><b>Les ogs\u00e5: <a class=\"simple-relation related-teaser article--c-eBQpMJ\" href=\"https:\/\/www.nettavisen.no\/nyheter\/dronning-mette-marit-trenger-mer-tid-kronprinsesse-ingrid-alexandra-far-storre-ansvar\/s\/80-95-47744\" rel=\"nofollow noopener\" target=\"_blank\">Varsler st\u00f8rre rolle for Ingrid Alexandra<\/a><\/b><\/p>\n<p>Store sikkerhetstiltak f\u00f8r gravferden<\/p>\n<p>Om fem dager skal kong Harald gravlegges.<\/p>\n<p>Det ventes mange mennesker og statsgjester, og sikkerheten blir omfattende.<\/p>\n<p>St\u00f8re sier regjeringen jobber tett med politiet og Forsvaret.<\/p>\n<p>\u2013 De skal ha rundt 3000 til 4000 av sine folk her. S\u00e5 dette tas godt vare p\u00e5 og planlegges veldig detaljert n\u00e5.<\/p>\n<p><b>Les ogs\u00e5: <a class=\"simple-relation related-teaser article--c-eBQpMJ\" href=\"https:\/\/www.nettavisen.no\/nyheter\/jens-stoltenberg-hyller-kong-haakon-kong-harald-og-dronning-sonja\/s\/80-95-46457\" rel=\"nofollow noopener\" target=\"_blank\">Deler personlige historier om kongehuset<\/a><\/b><\/p>\n<p>Vil minnes \u00f8yeblikket foran kisten<\/p>\n<p>Etter at statsr\u00e5det var over, gikk regjeringsmedlemmene til Slottskapellet for \u00e5 defilere. Der fikk de tatt et siste farvel f\u00f8r gravferdsdagen.<\/p>\n<p>\u2013 Det er det ene \u00f8yeblikket du st\u00e5r alene foran kisten og kan tenke: N\u00e5 tar jeg farvel. Det var en verdig og god opplevelse, sier St\u00f8re if\u00f8lge NTB.<\/p>\n<p>Statsministeren gikk f\u00f8rst, fulgt av helseminister Jan Christian Vestre, som ogs\u00e5 er nestleder i Arbeiderpartiet og derfor nummer to i regjeringen. Deretter fulgte finansminister Jens Stoltenberg og resten av statsr\u00e5dene.<\/p>\n<p>St\u00f8re tar med seg minner fra Slottskapellet som vakkert pyntet og helt stille.<\/p>\n<p>\u2013 Det er noe du ikke m\u00f8ter noe sted, stillheten. S\u00e5nn b\u00f8r det v\u00e6re. Dette h\u00f8ytidelige \u00f8yeblikket, n\u00e5r du st\u00e5r der helt alene og du kan bukke til b\u00e5ren, sier han.<\/p>\n<p>Ved Slottet fortsetter de lange k\u00f8ene, og kapellet holder \u00e5pent \u00e5tte timer daglig for publikum fram til tirsdag, dagen f\u00f8r gravferden.<\/p>\n<p>    Vil du se neste video?<\/p>\n<p>    <a href=\"https:\/\/www.nettavisen.no\/nyheter\/statsminister-jonas-gahr-store-svarer-frustrert-dieselkunde-og-traktorsjafor\/v\/80-95-33380\" class=\"recommend-poster\" data-adp-clicklabel=\"video-recommend\" data-adp-clickvalue=\"poster\" rel=\"nofollow noopener\" target=\"_blank\"><br \/>\n      <img decoding=\"async\" width=\"200\" height=\"200\" loading=\"lazy\" src=\"https:\/\/www.europesays.com\/no\/wp-content\/uploads\/2026\/09\/1788519550_570_Jonas Gahr St\u00f8re bredde.jpg\" alt=\"\" class=\"brick-c-cFOWSL\" style=\"--brick-image-ratio: 200 \/ 200;\"\/><\/p>\n<p>Svarer lei traktorsja\u030af\u00f8r1:26<\/p>\n<p>    <\/a><\/p>\n","protected":false},"excerpt":{"rendered":"SLOTTSPLASSEN (Nettavisen): Kronprinsesse Ingrid Alexandra var fredag til stede under det f\u00f8rste ordin\u00e6re statsr\u00e5det med kong Haakon. Etter&hellip;\n","protected":false},"author":2,"featured_media":343886,"comment_status":"","ping_status":"","sticky":false,"template":"","format":"standard","meta":{"footnotes":"","_share_on_mastodon":"0"},"categories":[10],"tags":[20,21,24,25,15,22,23,13,30,28,29,14,16,26,27],"class_list":["post-343885","post","type-post","status-publish","format-standard","has-post-thumbnail","category-norge","tag-breaking-news","tag-breakingnews","tag-featured-news","tag-featurednews","tag-headlines","tag-latest-news","tag-latestnews","tag-news","tag-no","tag-norge","tag-norway","tag-nyheter","tag-overskrifter","tag-top-stories","tag-topstories"],"share_on_mastodon":{"url":"https:\/\/pubeurope.com\/@no\/117212425474534058","error":""},"_links":{"self":[{"href":"https:\/\/www.europesays.com\/no\/wp-json\/wp\/v2\/posts\/343885","targetHints":{"allow":["GET"]}}],"collection":[{"href":"https:\/\/www.europesays.com\/no\/wp-json\/wp\/v2\/posts"}],"about":[{"href":"https:\/\/www.europesays.com\/no\/wp-json\/wp\/v2\/types\/post"}],"author":[{"embeddable":true,"href":"https:\/\/www.europesays.com\/no\/wp-json\/wp\/v2\/users\/2"}],"replies":[{"embeddable":true,"href":"https:\/\/www.europesays.com\/no\/wp-json\/wp\/v2\/comments?post=343885"}],"version-history":[{"count":0,"href":"https:\/\/www.europesays.com\/no\/wp-json\/wp\/v2\/posts\/343885\/revisions"}],"wp:featuredmedia":[{"embeddable":true,"href":"https:\/\/www.europesays.com\/no\/wp-json\/wp\/v2\/media\/343886"}],"wp:attachment":[{"href":"https:\/\/www.europesays.com\/no\/wp-json\/wp\/v2\/media?parent=343885"}],"wp:term":[{"taxonomy":"category","embeddable":true,"href":"https:\/\/www.europesays.com\/no\/wp-json\/wp\/v2\/categories?post=343885"},{"taxonomy":"post_tag","embeddable":true,"href":"https:\/\/www.europesays.com\/no\/wp-json\/wp\/v2\/tags?post=343885"}],"curies":[{"name":"wp","href":"https:\/\/api.w.org\/{rel}","templated":true}]}}