{"id":343887,"date":"2026-09-04T11:00:14","date_gmt":"2026-09-04T11:00:14","guid":{"rendered":"https:\/\/www.europesays.com\/no\/343887\/"},"modified":"2026-09-04T11:00:14","modified_gmt":"2026-09-04T11:00:14","slug":"privatskole-ma-si-nei-til-annenhver-elev-nrk-norge-oversikt-over-nyheter-fra-ulike-deler-av-landet","status":"publish","type":"post","link":"https:\/\/www.europesays.com\/no\/343887\/","title":{"rendered":"Privatskole m\u00e5 si nei til annenhver elev \u2013 NRK Norge \u2013 Oversikt over nyheter fra ulike deler av landet"},"content":{"rendered":"<p>Det summer i klasserommet til 9b p\u00e5 Akademiets nye ungdomsskole i Drammen.<\/p>\n<p>Elevene skal presentere egne planer for hvordan de kan bli bedre til \u00e5 l\u00e6re og ogs\u00e5 bidra sosialt.<\/p>\n<p>\u2013 Yes!. Er det noen her som har lyst til \u00e5 dele m\u00e5let sitt, sp\u00f8r l\u00e6rer Sander Nyg\u00e5rd og ser utover klassen med noks\u00e5 ivrige elever som stort sett bor et godt stykke unna skolen.<\/p>\n<p><img decoding=\"async\"   src=\"data:image\/gif;base64,R0lGODlhAQABAIAAAAAAAP\/\/\/yH5BAEAAAAALAAAAAABAAEAAAIBRAA7\" loading=\"eager\" alt=\"Portrett av en smilende mann med skjegg og barbert hode, kledd i bl\u00e5 genser. (Bildebeskrivelsen er laget av en KI-tjeneste)\" title=\"Foto: Trond Lydersen \/ NRK\"\/><\/p>\n<p class=\"\">Kristos Andrinopoulos er rektor p\u00e5 private Akademiet ungdomsskole i Drammen.<\/p>\n<p>Foto: Trond Lydersen \/ NRK<\/p>\n<p>Dette er en av privatskolene i Norge som mange flere vil g\u00e5 p\u00e5 enn det er plass til. 55 nye elever fikk plass i \u00e5r, forteller rektor Kristos Andrinopoulos<\/p>\n<p>\u2013 Hvor mange hadde lyst til \u00e5 begynne her?<\/p>\n<p><strong>\u2013 Vi hadde godt over dobbelt s\u00e5 mange s\u00f8kere som det vi har kunnet tilby plass, sier Andrinopoulos<\/strong><\/p>\n<p>Skolen har kj\u00f8rt opptakspr\u00f8ver for \u00e5 velge ut de heldige, som ogs\u00e5 m\u00e5 betale 2500 kroner i m\u00e5neden for \u00e5 g\u00e5 p\u00e5 skolen.<\/p>\n<p>\u2013 Det er mye snakk om at det er uro i klasserommene som gir d\u00e5rlig l\u00e6ringsmilj\u00f8. Hvordan er det hos dere?<\/p>\n<p>\u2013 Vi opplever veldig lite uro, sier rektor.<\/p>\n<p>Privat \u00f8kning<\/p>\n<p><strong>I fjor gikk 32.500 elever p\u00e5 private grunnskoler if\u00f8lge <a href=\"https:\/\/www.ssb.no\/utdanning\/grunnskoler\/statistikk\/elevar-i-grunnskolen\" ec-id=\"https:\/\/www.ssb.no\/utdanning\/grunnskoler\/statistikk\/elevar-i-grunnskolen\" ec-name=\"SSB\" rel=\"nofollow noopener\" target=\"_blank\">SSB<\/a>. En \u00f8kning p\u00e5 rundt 50 prosent p\u00e5 10 \u00e5r.<\/strong><\/p>\n<p>Det er ikke bare Akademiet som merker \u00f8kt tilstr\u00f8mming.<\/p>\n<p><img decoding=\"async\"   src=\"data:image\/gif;base64,R0lGODlhAQABAIAAAAAAAP\/\/\/yH5BAEAAAAALAAAAAABAAEAAAIBRAA7\" loading=\"eager\" alt=\"Mann st\u00e5r foran stortinget i dress\" title=\"Foto: Audun Raen\"\/><\/p>\n<p class=\"\">Audun Raen er generalsekret\u00e6r i Kristne Friskolers Forbund.<\/p>\n<p>Foto: Audun Raen<\/p>\n<p><strong>\u2013 Det er vel et sted mellom 1500 og 2000 elever som har s\u00f8kt, men ikke har f\u00e5tt plass p\u00e5 en kristen grunnskole, sier Audun Raen.<\/strong><\/p>\n<p>Han er generalsekret\u00e6r i Kristne Friskolers Forbund. Han sier de har stor overs\u00f8kning p\u00e5 halvparten av de 150 skolene i forbundet.<\/p>\n<p>\u2013 Vi s\u00e5 et ganske stort hopp i s\u00f8kertall fra 2024 til 2025. Og det tallet har holdt seg stabilt ogs\u00e5 i \u00e5r. Om lag halvparten av v\u00e5re grunnskoler har en betydelig venteliste, sier Raen.<\/p>\n<p>Tross \u00f8kningen g\u00e5r 19 av 20 elever p\u00e5 en offentlig barne- eller ungdomsskole.<\/p>\n<p>Ba om st\u00f8rre skole<\/p>\n<p>Grunnlegger av Akademiet, Kjetil Eide mener det er ettersp\u00f8rsel etter flere og st\u00f8rre private skoler.<\/p>\n<p><img decoding=\"async\"   src=\"data:image\/gif;base64,R0lGODlhAQABAIAAAAAAAP\/\/\/yH5BAEAAAAALAAAAAABAAEAAAIBRAA7\" loading=\"eager\" alt=\"En gruppe ungdommer st\u00e5r oppstilt utenfor en skolebygning av murstein p\u00e5 en solfylt dag. (Bildebeskrivelsen er laget av en KI-tjeneste)\" title=\"Foto: Trond Lydersen \/ NRK\"\/><\/p>\n<p class=\"\">Akademiet ungdomsskole i Drammen har 105 elever<\/p>\n<p>Foto: Trond Lydersen \/ NRK<\/p>\n<p>\u2013 Vi s\u00f8kte opprinnelig Drammen kommune om en skole med 1.\u201310. klasse med 300 elever, forteller Eide.<\/p>\n<p>\u2013 Og s\u00e5 reduserte vi det etter dialog med politikere. Vi skj\u00f8nte at det var kontroversielt. Men vi tror vel at vi kunne drevet flere ungdomsskoler og barneskoler i Drammen, fortsetter han.<\/p>\n<p><img decoding=\"async\"   src=\"data:image\/gif;base64,R0lGODlhAQABAIAAAAAAAP\/\/\/yH5BAEAAAAALAAAAAABAAEAAAIBRAA7\" loading=\"eager\" alt=\"Tre menn st\u00e5r i et rom og f\u00f8lger med p\u00e5 noe utenfor bildekanten. (Bildebeskrivelsen er laget av en KI-tjeneste)\" title=\"Foto: Trond Lydersen \/ NRK\"\/><\/p>\n<p class=\"\">Rektor Kristos Andrinopoulos, l\u00e6rer Sander Nyg\u00e5rd og styreleder Kjetil Eide.<\/p>\n<p>Foto: Trond Lydersen \/ NRK<\/p>\n<p>\u2013 Er dette et bilde dere ser over hele Norge?<\/p>\n<p>\u2013 Ja, vi tror situasjonen er mer eller mindre den samme over hele landet, forteller Eide som ogs\u00e5 er styreleder i Akademiet.<\/p>\n<p>Kan ramme fellesskolen<\/p>\n<p>H\u00f8yre-ordf\u00f8rer i Drammen Kjell Arne Hermansen sier de gjerne ville \u00e5pne for flere private skoler.<\/p>\n<p><img decoding=\"async\"   src=\"data:image\/gif;base64,R0lGODlhAQABAIAAAAAAAP\/\/\/yH5BAEAAAAALAAAAAABAAEAAAIBRAA7\" loading=\"eager\" alt=\"Ordf\u00f8rer i Drammen, Kjell Arne Hermansen\" title=\"Foto: Christine Breivik \u00d8en \/ NRK\"\/><\/p>\n<p class=\"\">Drammensordf\u00f8rer Kjell Arne Hermansen (H)<\/p>\n<p>Foto: Christine Breivik \u00d8en \/ NRK<\/p>\n<p>\u2013 Men det var det ikke flertall for i kommunestyret, sier Hermansen.<\/p>\n<p>Kunnskapsminister Kari Nessa Nordtun (Ap) frykter at flere privatskoler ville g\u00e5tt utover den offentlige skolen.\n<\/p>\n<p><img decoding=\"async\"   src=\"data:image\/gif;base64,R0lGODlhAQABAIAAAAAAAP\/\/\/yH5BAEAAAAALAAAAAABAAEAAAIBRAA7\" loading=\"eager\" alt=\"Statsr\u00e5d Kjersti Toppe b\u00f8yer seg ned for \u00e5 snakke med elever i et klasserom. (Bildebeskrivelsen er laget av en KI-tjeneste)\" title=\"Foto: Stian Lysberg Solum \/ NTB\"\/><\/p>\n<p class=\"\">Kunnskapsminister Kari Nessa Nordtun (Ap) er skeptisk til etablering av mange nye private skoler.<\/p>\n<p>Foto: Stian Lysberg Solum \/ NTB<\/p>\n<p>\u2013 Den norske fellesskolen er viktig for Norge og byggingen av det Norge vi kjenner i dag, sier hun.<\/p>\n<p>\u2013 Generasjon etter generasjon, hvor ungene v\u00e5re m\u00f8ter hverandre p\u00e5 tvers av hvem foreldrene er, p\u00e5 tvers av hvor mye foreldrene tjener og hva de tror p\u00e5 i det samme klasserommet, det har v\u00e6rt med p\u00e5 \u00e5 bygge det Norge vi kjenner, avslutter Nordtun.<\/p>\n<p>Intervjuene i denne saken ble gjort f\u00f8r kongens bortgang og dermed f\u00f8r borgfreden mellom partiene p\u00e5 Stortinget. <\/p>\n<p>Publisert<\/p>\n<p>04.09.2026, kl. 11.28<\/p>\n<p>Oppdatert<\/p>\n<p>04.09.2026, kl. 11.38<\/p>\n","protected":false},"excerpt":{"rendered":"Det summer i klasserommet til 9b p\u00e5 Akademiets nye ungdomsskole i Drammen. Elevene skal presentere egne planer for&hellip;\n","protected":false},"author":2,"featured_media":343888,"comment_status":"","ping_status":"","sticky":false,"template":"","format":"standard","meta":{"footnotes":"","_share_on_mastodon":"0"},"categories":[5],"tags":[20,21,24,25,15,19,22,23,17,18,13,30,28,29,14,16,26,27],"class_list":["post-343887","post","type-post","status-publish","format-standard","has-post-thumbnail","category-overskrifter","tag-breaking-news","tag-breakingnews","tag-featured-news","tag-featurednews","tag-headlines","tag-hovedoppslag","tag-latest-news","tag-latestnews","tag-main-news","tag-mainnews","tag-news","tag-no","tag-norge","tag-norway","tag-nyheter","tag-overskrifter","tag-top-stories","tag-topstories"],"share_on_mastodon":{"url":"https:\/\/pubeurope.com\/@no\/117212428778316094","error":""},"_links":{"self":[{"href":"https:\/\/www.europesays.com\/no\/wp-json\/wp\/v2\/posts\/343887","targetHints":{"allow":["GET"]}}],"collection":[{"href":"https:\/\/www.europesays.com\/no\/wp-json\/wp\/v2\/posts"}],"about":[{"href":"https:\/\/www.europesays.com\/no\/wp-json\/wp\/v2\/types\/post"}],"author":[{"embeddable":true,"href":"https:\/\/www.europesays.com\/no\/wp-json\/wp\/v2\/users\/2"}],"replies":[{"embeddable":true,"href":"https:\/\/www.europesays.com\/no\/wp-json\/wp\/v2\/comments?post=343887"}],"version-history":[{"count":0,"href":"https:\/\/www.europesays.com\/no\/wp-json\/wp\/v2\/posts\/343887\/revisions"}],"wp:featuredmedia":[{"embeddable":true,"href":"https:\/\/www.europesays.com\/no\/wp-json\/wp\/v2\/media\/343888"}],"wp:attachment":[{"href":"https:\/\/www.europesays.com\/no\/wp-json\/wp\/v2\/media?parent=343887"}],"wp:term":[{"taxonomy":"category","embeddable":true,"href":"https:\/\/www.europesays.com\/no\/wp-json\/wp\/v2\/categories?post=343887"},{"taxonomy":"post_tag","embeddable":true,"href":"https:\/\/www.europesays.com\/no\/wp-json\/wp\/v2\/tags?post=343887"}],"curies":[{"name":"wp","href":"https:\/\/api.w.org\/{rel}","templated":true}]}}