{"id":343889,"date":"2026-09-04T11:01:14","date_gmt":"2026-09-04T11:01:14","guid":{"rendered":"https:\/\/www.europesays.com\/no\/343889\/"},"modified":"2026-09-04T11:01:14","modified_gmt":"2026-09-04T11:01:14","slug":"friidrett-frontkollisjon-stjerne-i-stygg-ulykke-jeg-er-heldig-som-lever","status":"publish","type":"post","link":"https:\/\/www.europesays.com\/no\/343889\/","title":{"rendered":"Friidrett, Frontkollisjon | Stjerne i stygg ulykke: \u2013 Jeg er heldig som lever"},"content":{"rendered":"\n<p>Tara Davis-Woodhall er verdens beste lengdehopper p\u00e5 kvinnesiden, og hun tok gull i lengde b\u00e5de i OL i 2024 og i VM i 2025.\u00a0<\/p>\n<p>Den siste tiden har hun forberedt seg til neste ukes storstevne Ultimate Championship, men oppladningen ble mer dramatisk enn 27-\u00e5ringen s\u00e5 for seg.\u00a0<\/p>\n<p><b>Les ogs\u00e5: <a rel=\"Follow nofollow noopener\" href=\"https:\/\/www.nettavisen.no\/sport\/russland-i-tvil-etter-fis-vedtak-borodavko-frykter-for-bolsjunov-og-stepanova\/s\/80-95-49946\" target=\"_blank\">Frykter for Putin-vennene<\/a><\/b><\/p>\n<p>Stygg frontkollisjon<\/p>\n<p>Da hun forrige uke kj\u00f8rte til trening hjemme i USA gikk det galt. Davis-Woodhall havnet i en ekkel frontkollisjon, som ga henne en \u00abalvorlig\u00bb hjernerystelse.<\/p>\n<p>N\u00e5 har hun delt b\u00e5de bilder og video fra frontkollisjonen p\u00e5 Instagram.\u00a0<\/p>\n<p>P\u00e5 bildene kan man se at fronten p\u00e5 begge bilene som var involvert i ulykken ble smadret, samt at Davis-Woodhall p\u00e5dro seg flere bl\u00e5merker og s\u00e5r, i tillegg til hjernerystelsen.<\/p>\n<p>\u2013 Det var veldig skummelt, og jeg er heldig som lever. Forel\u00f8pig tar jeg \u00e9n dag om gangen. Det er utrolig synd, ettersom jeg var p\u00e5 topp i treningen, sier hun p\u00e5 en pressekonferanse i forkant av Ultimate Championship, if\u00f8lge <a rel=\"Follow nofollow noopener\" href=\"https:\/\/athleticsweekly.com\/news\/tara-davis-woodhall-in-doubt-for-ultimate-championship-after-car-accident-1040012868\/\" target=\"_blank\">Athletics Weekly<\/a>.\u00a0<\/p>\n<p>   <img decoding=\"async\" width=\"5500\" height=\"3667\" fetchpriority=\"low\"  loading=\"lazy\"  src=\"https:\/\/www.europesays.com\/no\/wp-content\/uploads\/2026\/09\/NTB_w-DEpVCCok0.jpg\" alt=\"\" class=\"brick-c-cFOWSL\" style=\"--brick-image-ratio: 5500 \/ 3667;\"\/><\/p>\n<p>      MESTER: Tara Davis-Woodhall etter VM-gullet i lengde i Tokyo i fjor.<br \/>\n      Foto: Michael Buholzer (AP)\n    <\/p>\n<p>27-\u00e5ringen slapp heldigvis unna livstruende skader, men det er h\u00f8yst usikkert om hun kan delta i Ultimate Championship i Budapest neste uke.\u00a0<\/p>\n<p>\u2013 Jeg er ganske langt nede akkurat n\u00e5, og pr\u00f8ver \u00e5 finne ut hvordan jeg best kan komme meg opp p\u00e5 hesten igjen, sier Davis-Woodhall.<\/p>\n<p><b>Les ogs\u00e5: <a rel=\"Follow nofollow noopener\" href=\"https:\/\/www.nettavisen.no\/sport\/milliardaren-trond-mohn-med-nytt-gigantisk-bidrag-til-idrettslag\/s\/80-95-50585\" target=\"_blank\">Mohn med ny gigantisk milliongave<\/a><\/b><\/p>\n<p>F\u00e5r masse st\u00f8tte<\/p>\n<p>Den amerikanske friidrettsstjernen har naturligvis ikke v\u00e6rt i stand til \u00e5 trene i etterkant av ulykken.\u00a0<\/p>\n<p>I kommentarfeltet p\u00e5 Instagram-innlegget hennes er det flere kjente idrettsprofiler som \u00f8nsker Davis-Woodhall god bedring, blant andre alpinist Mikaela Shiffrin, sprinteren Gabby Thomas og den tidligere friidrettsstjernen Allyson Felix.\u00a0<\/p>\n<p>\u2013 S\u00e5 glad du er ok. Sender kj\u00e6rlighet, skriver Felix.\u00a0<\/p>\n<p>Ultimate Championship er et nytt konsept som arrangeres for f\u00f8rste gang mellom 11. og 13. september. B\u00e5de Jakob Ingebrigtsen og Karsten Warholm skal etter planen delta p\u00e5 stevnet.\u00a0<\/p>\n","protected":false},"excerpt":{"rendered":"Tara Davis-Woodhall er verdens beste lengdehopper p\u00e5 kvinnesiden, og hun tok gull i lengde b\u00e5de i OL i&hellip;\n","protected":false},"author":2,"featured_media":343890,"comment_status":"","ping_status":"","sticky":false,"template":"","format":"standard","meta":{"footnotes":"","_share_on_mastodon":"0"},"categories":[59],"tags":[30,28,29,83,82],"class_list":["post-343889","post","type-post","status-publish","format-standard","has-post-thumbnail","category-sport","tag-no","tag-norge","tag-norway","tag-sport","tag-sports"],"share_on_mastodon":{"url":"https:\/\/pubeurope.com\/@no\/117212433183026293","error":""},"_links":{"self":[{"href":"https:\/\/www.europesays.com\/no\/wp-json\/wp\/v2\/posts\/343889","targetHints":{"allow":["GET"]}}],"collection":[{"href":"https:\/\/www.europesays.com\/no\/wp-json\/wp\/v2\/posts"}],"about":[{"href":"https:\/\/www.europesays.com\/no\/wp-json\/wp\/v2\/types\/post"}],"author":[{"embeddable":true,"href":"https:\/\/www.europesays.com\/no\/wp-json\/wp\/v2\/users\/2"}],"replies":[{"embeddable":true,"href":"https:\/\/www.europesays.com\/no\/wp-json\/wp\/v2\/comments?post=343889"}],"version-history":[{"count":0,"href":"https:\/\/www.europesays.com\/no\/wp-json\/wp\/v2\/posts\/343889\/revisions"}],"wp:featuredmedia":[{"embeddable":true,"href":"https:\/\/www.europesays.com\/no\/wp-json\/wp\/v2\/media\/343890"}],"wp:attachment":[{"href":"https:\/\/www.europesays.com\/no\/wp-json\/wp\/v2\/media?parent=343889"}],"wp:term":[{"taxonomy":"category","embeddable":true,"href":"https:\/\/www.europesays.com\/no\/wp-json\/wp\/v2\/categories?post=343889"},{"taxonomy":"post_tag","embeddable":true,"href":"https:\/\/www.europesays.com\/no\/wp-json\/wp\/v2\/tags?post=343889"}],"curies":[{"name":"wp","href":"https:\/\/api.w.org\/{rel}","templated":true}]}}