{"id":343893,"date":"2026-09-04T11:09:13","date_gmt":"2026-09-04T11:09:13","guid":{"rendered":"https:\/\/www.europesays.com\/no\/343893\/"},"modified":"2026-09-04T11:09:13","modified_gmt":"2026-09-04T11:09:13","slug":"eneggede-tvillinger-rosalie-og-joanne-et-liv-i-identiske-klaer","status":"publish","type":"post","link":"https:\/\/www.europesays.com\/no\/343893\/","title":{"rendered":"Eneggede tvillinger Rosalie og Joanne: Et liv i identiske kl\u00e6r"},"content":{"rendered":"<p class=\"kicker \" style=\"\">Rosalie og Joanne er usedvanlig n\u00e6re<\/p>\n<p class=\"subtitle \" style=\"\">\u2013 Folk tror de ser dobbelt, sier de eneggede tvillingene Rosalie og Joanne.<\/p>\n<p>\n    PENSJONERTE SEG SAMTIDIG: Rosalie og Joanne pensjonerte seg begge i 2015. De eneggede tvillingene er sv\u00e6rt like \u2013 men Rosalie er h\u00f8yere enn Joanne. Foto: NTB\n  <\/p>\n<p>De har blitt forvekslet av foreldre, kolleger og familiemedlemmer. Men for de eneggede tvillingene Rosalie Harroun og Joanne Palmer (68) har det aldri v\u00e6rt aktuelt \u00e5 slutte \u00e5 kle seg likt.<\/p>\n<p>Etter nesten syv ti\u00e5r fortsetter de \u00e5 g\u00e5 i like kl\u00e6r.<\/p>\n<p class=\"font-weight-bold m-font-weight-bold\" data-lab-font_weight=\"font-weight-bold\">&#8211;\u00a0 Garderobene v\u00e5re er n\u00e6rmest identiske. Til og med pysjene er like, sier Rosalie til nyhetsbyr\u00e5et SWNS.<\/p>\n<p>        <img loading=\"lazy\" decoding=\"async\" src=\"https:\/\/www.europesays.com\/no\/wp-content\/uploads\/2026\/09\/84871948.webp\" width=\"686\" height=\"604\" alt=\"\" class=\"\" style=\"--aspect-ratio-image: 1.14; \"\/><\/p>\n<p>\n        BEGGE BLE L\u00c6RERE: Joanne og Rosalie utdannet seg til \u00e5 bli l\u00e6rere \u2013 og fikk jobb p\u00e5 den samme skolen. Foto: NTB\n    <\/p>\n<p>&#8211; Elevene elsket det\u00a0\t<\/p>\n<p>S\u00f8strene fra New Brunswick i Canada starter hver dag med \u00e5 koordinere hva de skal ha p\u00e5 seg.<\/p>\n<p>Da de var sm\u00e5, ble de kledd likt av foreldrene sine. I ungdommen fors\u00f8kte de \u00e5 utvikle hver sin stil, men endte gjerne opp med de samme plaggene i forskjellige farger.<\/p>\n<p>        &#8211; Vi er s\u00e5 takknemlige \/\/ Foto:  Privat, Instagram \/\/ Stemme: AI \/\/ Klipp: Nico Aagaard<\/p>\n<p class=\"font-weight-bold m-font-weight-bold\" data-lab-font_weight=\"font-weight-bold\">Etter hvert valgte de det som f\u00f8les best \u2013 \u00e5 kle seg likt.<\/p>\n<p>Dermed er det ikke s\u00e5 rart at folk har tatt feil av dem gjennom hele livet. Begge kvinnene utdannet seg til l\u00e6rere, og de fikk jobb p\u00e5 samme skole. De siste 15 \u00e5rene l\u00e5 klasserommene vegg i vegg.<\/p>\n<p>\u2013 Barna s\u00e5 raskt forskjell p\u00e5 oss, men de voksne hadde mye st\u00f8rre problemer, sier Joanne til SWNS.<\/p>\n<p>        <img loading=\"lazy\" decoding=\"async\" src=\"https:\/\/www.europesays.com\/no\/wp-content\/uploads\/2026\/09\/84871961.webp\" width=\"686\" height=\"947\" alt=\"\" class=\"\" style=\"--aspect-ratio-image: 0.72; \"\/><\/p>\n<p>\n        SKOLEBILDER: Da tvillingene ble store nok til \u00e5 bestemme selv, fors\u00f8kte de \u00e5 kle seg ulikt \u2013 men det gikk raskt over. Foto: NTB\n    <\/p>\n<p>De voksne l\u00f8ste det ved \u00e5 la v\u00e6re \u00e5 bruke navnene deres \u2013 siden de var usikre p\u00e5 hvem de snakket med.<\/p>\n<p>Tvillingene gjorde ogs\u00e5 sitt for \u00e5 skape litt ekstra forvirring. Hver f\u00f8rste april byttet deklasserom.<\/p>\n<p>\u2013 Elevene elsket det. Noen skj\u00f8nte ikke hva som hadde skjedd f\u00f8r jeg begynte \u00e5 snakke, og da utbr\u00f8t de plutselig: \u00abDu er ikke fru Palmer!\u00bb sier Rosalie til SWNS.<\/p>\n<p>    <a itemprop=\"url\" href=\"https:\/\/www.seher.no\/sterke-historier\/vi-vil-ikke-gjemme-oss-lenger\/84586941\" rel=\"nofollow noopener\" target=\"_blank\"><\/p>\n<p>        <img loading=\"lazy\" decoding=\"async\" src=\"https:\/\/www.europesays.com\/no\/wp-content\/uploads\/2026\/09\/84586947.webp\" width=\"147\" height=\"98\" alt=\"\" class=\"lazyload\" style=\"--aspect-ratio-image: 1.50; \"\/><\/p>\n<p>        &#8211; Vi vil ikke gjemme oss lenger<\/p>\n<p>    <\/a><\/p>\n<p>Nesten naboer\t<\/p>\n<p>Den n\u00e6re kontakten har ikke blitt mindre med \u00e5rene. De bor i den samme gaten, med bare ett hus mellom seg.<\/p>\n<p>        HARALD OG SONJA: Det tidligere kongeparets unike kj\u00e6rlighetshistorie g\u00e5r viralt. Video: Sanne Holt\/R\u00f8d L\u00f8per, \u00abTil minne om kong Harald\u00bb\/ NRK TV, Instagram\/ @detnorskekongehuset<\/p>\n<p>Hver uke arrangerer de familiemiddag for de \u00e5tte barna de har til sammen \u2013 og for barnebarna, som blir stadig flere. <\/p>\n<p>Begge har v\u00e6rt gift i over 40 \u00e5r, med to menn som kjente hverandre godt f\u00f8r de m\u00f8tte tvilling-s\u00f8strene.<\/p>\n<p>    <a itemprop=\"url\" href=\"https:\/\/www.seher.no\/sterke-historier\/magesmerter-var-firlinger\/84524339\" rel=\"nofollow noopener\" target=\"_blank\"><\/p>\n<p>        <img loading=\"lazy\" decoding=\"async\" src=\"https:\/\/www.europesays.com\/no\/wp-content\/uploads\/2026\/09\/84524351.webp\" width=\"147\" height=\"98\" alt=\"\" class=\"lazyload\" style=\"--aspect-ratio-image: 1.50; \"\/><\/p>\n<p>        Magesmerter var firlinger<\/p>\n<p>    <\/a><\/p>\n<p class=\"font-weight-bold m-font-weight-bold\" data-lab-font_weight=\"font-weight-bold\">\u2013 Mike kom en gang bakfra og tok tak i meg fordi han trodde jeg var Rosalie. Det er den eneste gangen han har tatt feil, sier Joanne til SWNS.<\/p>\n<p>S\u00f8strene beskriver seg selv som ulike p\u00e5 enkelte omr\u00e5der, men understreker at b\u00e5ndet mellom dem er helt spesielt.<\/p>\n<p>        \u00abLET&#8217;S DANCE\u00bb: I disse dager ruller den svenske versjonen av \u00abSkal vi danse\u00bb over skjermene i nabolandet, og blant deltakerne finner man norske skistjernen Petter Northug og dansepartneren hans, Jasmin. N\u00e5 svarer duoen p\u00e5 sp\u00f8rsm\u00e5let \u00aballe\u00bb lurer p\u00e5. Foto: Pelle T. Nilsson\/SPA \/\/ Reporter: Anders Ellingsen \/\/ Lyd: EpidemicSound<\/p>\n<p>\u2013 Hvis folk sier at de tror de ser dobbelt, svarer vi gjerne at det er f\u00f8rste gangen vi har h\u00f8rt i dag, sier Rosalie til SWNS og ler.<\/p>\n<p>\u2013 Vi har det veldig morsomt sammen. Etter alle disse \u00e5rene gj\u00f8r vi fortsatt nesten alt side om side. Vi er veldig heldige, legger hun til.<\/p>\n","protected":false},"excerpt":{"rendered":"Rosalie og Joanne er usedvanlig n\u00e6re \u2013 Folk tror de ser dobbelt, sier de eneggede tvillingene Rosalie og&hellip;\n","protected":false},"author":2,"featured_media":343894,"comment_status":"","ping_status":"","sticky":false,"template":"","format":"standard","meta":{"footnotes":"","_share_on_mastodon":"0"},"categories":[12],"tags":[20,21,4104,24,25,15,479,22,23,13,30,28,29,14,16,26,27,42,43,44,45],"class_list":["post-343893","post","type-post","status-publish","format-standard","has-post-thumbnail","category-verden","tag-breaking-news","tag-breakingnews","tag-eksklusivt","tag-featured-news","tag-featurednews","tag-headlines","tag-kjendis","tag-latest-news","tag-latestnews","tag-news","tag-no","tag-norge","tag-norway","tag-nyheter","tag-overskrifter","tag-top-stories","tag-topstories","tag-verden","tag-world","tag-world-news","tag-worldnews"],"share_on_mastodon":{"url":"https:\/\/pubeurope.com\/@no\/117212464937518450","error":""},"_links":{"self":[{"href":"https:\/\/www.europesays.com\/no\/wp-json\/wp\/v2\/posts\/343893","targetHints":{"allow":["GET"]}}],"collection":[{"href":"https:\/\/www.europesays.com\/no\/wp-json\/wp\/v2\/posts"}],"about":[{"href":"https:\/\/www.europesays.com\/no\/wp-json\/wp\/v2\/types\/post"}],"author":[{"embeddable":true,"href":"https:\/\/www.europesays.com\/no\/wp-json\/wp\/v2\/users\/2"}],"replies":[{"embeddable":true,"href":"https:\/\/www.europesays.com\/no\/wp-json\/wp\/v2\/comments?post=343893"}],"version-history":[{"count":0,"href":"https:\/\/www.europesays.com\/no\/wp-json\/wp\/v2\/posts\/343893\/revisions"}],"wp:featuredmedia":[{"embeddable":true,"href":"https:\/\/www.europesays.com\/no\/wp-json\/wp\/v2\/media\/343894"}],"wp:attachment":[{"href":"https:\/\/www.europesays.com\/no\/wp-json\/wp\/v2\/media?parent=343893"}],"wp:term":[{"taxonomy":"category","embeddable":true,"href":"https:\/\/www.europesays.com\/no\/wp-json\/wp\/v2\/categories?post=343893"},{"taxonomy":"post_tag","embeddable":true,"href":"https:\/\/www.europesays.com\/no\/wp-json\/wp\/v2\/tags?post=343893"}],"curies":[{"name":"wp","href":"https:\/\/api.w.org\/{rel}","templated":true}]}}