{"id":343895,"date":"2026-09-04T11:10:22","date_gmt":"2026-09-04T11:10:22","guid":{"rendered":"https:\/\/www.europesays.com\/no\/343895\/"},"modified":"2026-09-04T11:10:22","modified_gmt":"2026-09-04T11:10:22","slug":"kong-harald-regjeringen-regjeringen-apner-for-budsjettsprekk-i-forbindelse-med-gravferden","status":"publish","type":"post","link":"https:\/\/www.europesays.com\/no\/343895\/","title":{"rendered":"Kong Harald, Regjeringen | Regjeringen \u00e5pner for budsjettsprekk i forbindelse med gravferden"},"content":{"rendered":"\n<p>Regjeringen \u00e5pner for at flere departementer kan overskride budsjettene sine i forbindelse med statsbegravelsen til kong Harald 9. september.<\/p>\n<p>Det kom fram under statsr\u00e5det fredag.<\/p>\n<p>I den offisielle meldingen heter det at bevilgningene til seks departementer kan overskrides som f\u00f8lge av gravferden.<\/p>\n<p>Det gjelder Utenriksdepartementet, Justis- og beredskapsdepartementet, Digitaliserings- og forvaltningsdepartementet, Samferdselsdepartementet, Kommunal- og distriktsdepartementet og Forsvarsdepartementet.<\/p>\n<p><b>Les ogs\u00e5: <a class=\"simple-relation related-teaser article--c-eBQpMJ\" href=\"https:\/\/www.nettavisen.no\/okonomi\/store-om-ingrid-alexandra-hun-vil-bli-bedt-om-a-lede-statsrad\/s\/80-95-54614\" rel=\"nofollow noopener\" target=\"_blank\">St\u00f8re om Ingrid Alexandra: \u2013 Hun vil bli bedt om \u00e5 lede<\/a><\/b><\/p>\n<p>Stor operasjon<\/p>\n<p>Enkelt sagt betyr beslutningen at departementene kan bruke mer penger enn de egentlig har f\u00e5tt lov til i statsbudsjettet dersom det trengs for \u00e5 gjennomf\u00f8re statsbegravelsen.<\/p>\n<p>Gravferden vil samle et stort antall mennesker og statsgjester, og krever omfattende arbeid med blant annet sikkerhet, transport og praktisk gjennomf\u00f8ring.<\/p>\n<p>Statsminister Jonas Gahr St\u00f8re sier til Nettavisen etter statsr\u00e5d fredag at mellom 3000 og 4000 personer fra politiet og Forsvaret skal bidra i forbindelse med gravferden.<\/p>\n<p>\u2013 Dette tas godt vare p\u00e5 og planlegges veldig detaljert n\u00e5, sier St\u00f8re.<\/p>\n<p>    Vil du se neste video?<\/p>\n<p>    <a href=\"https:\/\/www.nettavisen.no\/nyheter\/statsminister-jonas-gahr-store-svarer-frustrert-dieselkunde-og-traktorsjafor\/v\/80-95-33380\" class=\"recommend-poster\" data-adp-clicklabel=\"video-recommend\" data-adp-clickvalue=\"poster\" rel=\"nofollow noopener\" target=\"_blank\"><br \/>\n      <img decoding=\"async\" width=\"200\" height=\"200\" loading=\"lazy\" src=\"https:\/\/www.europesays.com\/no\/wp-content\/uploads\/2026\/09\/1788520222_558_Jonas Gahr St\u00f8re bredde.jpg\" alt=\"\" class=\"brick-c-cFOWSL\" style=\"--brick-image-ratio: 200 \/ 200;\"\/><\/p>\n<p>Svarer lei traktorsja\u030af\u00f8r1:26<\/p>\n<p>    <\/a><\/p>\n<p><b>Les ogs\u00e5: <a class=\"simple-relation related-teaser article--c-eBQpMJ\" href=\"https:\/\/www.nettavisen.no\/kjendis\/kronprinsesse-ingrid-alexandra-i-sitt-forste-ordinare-statsrad\/s\/80-95-53630\" rel=\"nofollow noopener\" target=\"_blank\">Kongen og kronprinsessen tilbake p\u00e5 jobb<\/a><\/b><\/p>\n<p>F\u00f8rste ordin\u00e6re statsr\u00e5d<\/p>\n<p>Fredagens m\u00f8te var ogs\u00e5 kong Haakons f\u00f8rste ordin\u00e6re statsr\u00e5d som konge.<\/p>\n<p>Der orienterte han regjeringen om at kronprinsesse Ingrid Alexandra 1. september avla skriftlig ed til Stortinget i tr\u00e5d med Grunnloven.<\/p>\n<p>Det betyr at kronprinsessen n\u00e5 kan lede statsr\u00e5d dersom kong Haakon ikke er til stede.<\/p>\n<p>Hun var selv til stede under fredagens statsr\u00e5d.<\/p>\n<p><b>Les ogs\u00e5: <a class=\"simple-relation related-teaser article--c-eBQpMJ\" href=\"https:\/\/www.nettavisen.no\/nyheter\/nettavisens-nye-maling-folket-stotter-politikernes-stillhet\/s\/80-95-49520\" rel=\"nofollow noopener\" target=\"_blank\">M\u00e5ling: Folket st\u00f8tter politikernes stillhet<\/a><\/b><\/p>\n","protected":false},"excerpt":{"rendered":"Regjeringen \u00e5pner for at flere departementer kan overskride budsjettene sine i forbindelse med statsbegravelsen til kong Harald 9.&hellip;\n","protected":false},"author":2,"featured_media":343896,"comment_status":"","ping_status":"","sticky":false,"template":"","format":"standard","meta":{"footnotes":"","_share_on_mastodon":"0"},"categories":[10],"tags":[20,21,24,25,15,22,23,13,30,28,29,14,16,26,27],"class_list":["post-343895","post","type-post","status-publish","format-standard","has-post-thumbnail","category-norge","tag-breaking-news","tag-breakingnews","tag-featured-news","tag-featurednews","tag-headlines","tag-latest-news","tag-latestnews","tag-news","tag-no","tag-norge","tag-norway","tag-nyheter","tag-overskrifter","tag-top-stories","tag-topstories"],"share_on_mastodon":{"url":"https:\/\/pubeurope.com\/@no\/117212468315127319","error":""},"_links":{"self":[{"href":"https:\/\/www.europesays.com\/no\/wp-json\/wp\/v2\/posts\/343895","targetHints":{"allow":["GET"]}}],"collection":[{"href":"https:\/\/www.europesays.com\/no\/wp-json\/wp\/v2\/posts"}],"about":[{"href":"https:\/\/www.europesays.com\/no\/wp-json\/wp\/v2\/types\/post"}],"author":[{"embeddable":true,"href":"https:\/\/www.europesays.com\/no\/wp-json\/wp\/v2\/users\/2"}],"replies":[{"embeddable":true,"href":"https:\/\/www.europesays.com\/no\/wp-json\/wp\/v2\/comments?post=343895"}],"version-history":[{"count":0,"href":"https:\/\/www.europesays.com\/no\/wp-json\/wp\/v2\/posts\/343895\/revisions"}],"wp:featuredmedia":[{"embeddable":true,"href":"https:\/\/www.europesays.com\/no\/wp-json\/wp\/v2\/media\/343896"}],"wp:attachment":[{"href":"https:\/\/www.europesays.com\/no\/wp-json\/wp\/v2\/media?parent=343895"}],"wp:term":[{"taxonomy":"category","embeddable":true,"href":"https:\/\/www.europesays.com\/no\/wp-json\/wp\/v2\/categories?post=343895"},{"taxonomy":"post_tag","embeddable":true,"href":"https:\/\/www.europesays.com\/no\/wp-json\/wp\/v2\/tags?post=343895"}],"curies":[{"name":"wp","href":"https:\/\/api.w.org\/{rel}","templated":true}]}}