{"id":343897,"date":"2026-09-04T11:11:19","date_gmt":"2026-09-04T11:11:19","guid":{"rendered":"https:\/\/www.europesays.com\/no\/343897\/"},"modified":"2026-09-04T11:11:19","modified_gmt":"2026-09-04T11:11:19","slug":"fritid-byggesak-hytteanlegget-domt-ulovlig-jeg-hadde-romslige-tillatelser","status":"publish","type":"post","link":"https:\/\/www.europesays.com\/no\/343897\/","title":{"rendered":"Fritid, Byggesak | Hytteanlegget d\u00f8mt ulovlig: \u2013 Jeg hadde romslige tillatelser"},"content":{"rendered":"<p>      Fritid, Byggesak | Hytteanlegget d\u00f8mt ulovlig: \u2013 Jeg hadde romslige tillatelser<\/p>\n<p>        <a href=\"#main-content-begin\" class=\"maelstrom-skip-link\"><br \/>\n    G\u00e5 til sidens hovedinnhold<br \/>\n<\/a><\/p>\n<p>   <img decoding=\"async\" width=\"1754\" height=\"824\" fetchpriority=\"high\"  loading=\"eager\"  src=\"https:\/\/www.europesays.com\/no\/wp-content\/uploads\/2026\/09\/INDERDALS HYTTE 16.jpg\" alt=\"\" class=\"brick-c-cFOWSL\" style=\"--brick-image-ratio: 1754 \/ 824;\"\/><\/p>\n<p>      NATURRESERVAT: Hytta ligger i et naturreservat hvor det er strenge vernebestemmelser. Under en befaring ble det avdekket mye byggeaktivitet som forvaltningsmyndigheten mener er ulovlig.<br \/>\n      Foto: SNO\n    <\/p>\n<p>Publisert: 04.09.26 05:00<\/p>\n<p data-content=\"lead-text\" class=\"lead-text story article--c-eOZvhA\">\n<p>          Styret i Bl\u00e5fjella, Skj\u00e6kerfjella &amp; Lierne Nasjonalpark feller en knusende dom over hytta til den kjente n\u00e6ringslivsprofilen og gr\u00fcnderen John Helge Inderdal, i Lierne.\n      <\/p>\n<p>    Plussmerking. Denne artikkelen kan bare leses av abonnenter<\/p>\n<p>  For abonnenter<\/p>\n<p>    <a href=\"https:\/\/www.namdalsavisa.no\/\" class=\"logo\" aria-label=\"G\u00e5 til Namdalsavisa hovedside\" rel=\"nofollow noopener\" target=\"_blank\"><br \/>\n        <img decoding=\"async\" src=\"https:\/\/assets.acdn.no\/local\/v3\/publications\/www.namdalsavisa.no\/gfx\/small.svg\" alt=\"G\u00e5 til Namdalsavisa hovedside\" height=\"66\" width=\"auto\" loading=\"lazy\"\/><br \/>\n    <\/a><\/p>\n<p>Alt innhold og tilh\u00f8rende data p\u00e5 v\u00e5re nettsider er underlagt opphavsrett og kan ikke brukes uten samtykke. Dette gjelder ogs\u00e5 for all skraping, crawling, salg eller videredistribusjon.<\/p>\n<p>Namdalsavisa \u00a9 2026<\/p>\n<p>    <a href=\"https:\/\/www.redaktor.no\/ressurser\/temaer\/redaktoransvar\" rel=\"noopener nofollow\" target=\"_blank\"><br \/>\n        <img decoding=\"async\" alt=\"G\u00e5 til redaktor.no for \u00e5 lese om redakt\u00f8ransvar\" class=\"redaktoransvar\" src=\"https:\/\/r.acdn.no\/brandheader\/default\/redaktoransvar.svg\" height=\"85\" width=\"85\" loading=\"lazy\"\/><br \/>\n    <\/a><\/p>\n","protected":false},"excerpt":{"rendered":"Fritid, Byggesak | Hytteanlegget d\u00f8mt ulovlig: \u2013 Jeg hadde romslige tillatelser G\u00e5 til sidens hovedinnhold NATURRESERVAT: Hytta ligger&hellip;\n","protected":false},"author":2,"featured_media":343898,"comment_status":"","ping_status":"","sticky":false,"template":"","format":"standard","meta":{"footnotes":"","_share_on_mastodon":"0"},"categories":[5],"tags":[20,21,24,25,15,19,22,23,17,18,13,30,28,29,14,16,26,27],"class_list":["post-343897","post","type-post","status-publish","format-standard","has-post-thumbnail","category-overskrifter","tag-breaking-news","tag-breakingnews","tag-featured-news","tag-featurednews","tag-headlines","tag-hovedoppslag","tag-latest-news","tag-latestnews","tag-main-news","tag-mainnews","tag-news","tag-no","tag-norge","tag-norway","tag-nyheter","tag-overskrifter","tag-top-stories","tag-topstories"],"share_on_mastodon":{"url":"https:\/\/pubeurope.com\/@no\/117212472451396792","error":""},"_links":{"self":[{"href":"https:\/\/www.europesays.com\/no\/wp-json\/wp\/v2\/posts\/343897","targetHints":{"allow":["GET"]}}],"collection":[{"href":"https:\/\/www.europesays.com\/no\/wp-json\/wp\/v2\/posts"}],"about":[{"href":"https:\/\/www.europesays.com\/no\/wp-json\/wp\/v2\/types\/post"}],"author":[{"embeddable":true,"href":"https:\/\/www.europesays.com\/no\/wp-json\/wp\/v2\/users\/2"}],"replies":[{"embeddable":true,"href":"https:\/\/www.europesays.com\/no\/wp-json\/wp\/v2\/comments?post=343897"}],"version-history":[{"count":0,"href":"https:\/\/www.europesays.com\/no\/wp-json\/wp\/v2\/posts\/343897\/revisions"}],"wp:featuredmedia":[{"embeddable":true,"href":"https:\/\/www.europesays.com\/no\/wp-json\/wp\/v2\/media\/343898"}],"wp:attachment":[{"href":"https:\/\/www.europesays.com\/no\/wp-json\/wp\/v2\/media?parent=343897"}],"wp:term":[{"taxonomy":"category","embeddable":true,"href":"https:\/\/www.europesays.com\/no\/wp-json\/wp\/v2\/categories?post=343897"},{"taxonomy":"post_tag","embeddable":true,"href":"https:\/\/www.europesays.com\/no\/wp-json\/wp\/v2\/tags?post=343897"}],"curies":[{"name":"wp","href":"https:\/\/api.w.org\/{rel}","templated":true}]}}