{"id":343899,"date":"2026-09-04T11:12:21","date_gmt":"2026-09-04T11:12:21","guid":{"rendered":"https:\/\/www.europesays.com\/no\/343899\/"},"modified":"2026-09-04T11:12:21","modified_gmt":"2026-09-04T11:12:21","slug":"her-er-uniteds-champions-league-tropp","status":"publish","type":"post","link":"https:\/\/www.europesays.com\/no\/343899\/","title":{"rendered":"Her er Uniteds Champions League-tropp"},"content":{"rendered":"<p>Neste uke spiller United sin f\u00f8rste Champions League-kamp p\u00e5 tre \u00e5r. Mesterliga-debutanten Sabah tar den lange veien fra Aserbajdsjan til Old Trafford. <\/p>\n<p>Endelig skal Champions League-hymnen runge over stadionanlegget p\u00e5 Dr\u00f8mmenes Teater igjen.\u00a0<\/p>\n<p>United har sendt inn sin 25-mannstropp til UEFA til de kommende Champions League-kampene. Det er ingen store overraskelser der, og det mest overraskende er kanskje at Manuel Ugarte, som er ventet \u00e5 v\u00e6re ute i mange m\u00e5neder med en alvorlig kneskade, er inkludert i troppen.<\/p>\n<p>Det kommer frem p\u00e5 <a href=\"https:\/\/www.uefa.com\/uefachampionsleague\/clubs\/52682--man-utd\/squad\/\" target=\"_blank\" rel=\"nofollow noopener\">UEFA <\/a>sine sider.\u00a0<\/p>\n<p>Akademispillere som Kobbie Mainoo,\u00a0Shea Lacey, Harry Amass og Fletcher-br\u00f8drene Jack og Tyler er ikke registrert i troppen, men er registrert p\u00e5 UEFAs B-liste. I s\u00e5 fall er de fortsatt tilgjengelige for Champions League.<\/p>\n<p>Heller ikke Leny Yoro st\u00e5r oppf\u00f8rt p\u00e5 troppen United har sendt inn, men ogs\u00e5 han oppfyller kriteriene for \u00e5 v\u00e6re p\u00e5 B-listen.<\/p>\n<p>Derfor er for eksempel Tynan Thompson inkludert i den innsendte troppen. Han kunne ikke registreres p\u00e5 B-listen ettersom han ble hentet i sommer.\u00a0<\/p>\n<p>Troppen:\u00a0<\/p>\n<p>Keepere: Senne Lammens, Karl Darlow, Tom Heaton, Dermot Mee<\/p>\n<p>Forsvarsspillere: Diogo Dalot, Luke Shaw, Matthijs de Ligt, Harry Maguire, Lisandro Mart\u00ednez, Patrick Dorgu, Ayden Heaven<\/p>\n<p>Midtbanespillere: Mason Mount, Bruno Fernandes, Andrey Santos, Youri Tielemans, Manuel Ugarte<\/p>\n<p>Angrepsspillere:\u00a0Marcus Rashford, Matheus Cunha, Joshua Zirkzee, Amad, Bryan Mbeumo, Benjamin Sesko, Tynan Thompson<\/p>\n<p>                <img decoding=\"async\" src=\"https:\/\/www.europesays.com\/no\/wp-content\/uploads\/2026\/09\/1449325.webp\" width=\"480\" height=\"274\" alt=\"\" loading=\"lazy\" style=\"\"\/><\/p>\n<p>\n            Unggutten Tynan Thompson er inkludert i Uniteds Champions League-tropp.<br \/>\n            Manchester United\n        <\/p>\n<p>Greit \u00e5 vite:\u00a0<\/p>\n<p>Den innsendte troppen p\u00e5 25 er endelig og satt til etter ligaspillet. United kan gj\u00f8re endringer dersom de tar seg videre: Man kan registrere tre nye spillere til troppen til utslagsrundene.\u00a0<\/p>\n<p>P\u00e5 B-listen kan man registrere s\u00e5 mange spillere man \u00f8nsker, gitt at det oppfyller noen kriterier rundt alder, hvor lenge man har v\u00e6rt i klubben etc. Den listen m\u00e5 v\u00e6re oppdatert dagen f\u00f8r kamp for at en spiller p\u00e5 B-listen skal kunne v\u00e6re med i en kamptropp.<\/p>\n<p>                <img decoding=\"async\" src=\"https:\/\/www.europesays.com\/no\/wp-content\/uploads\/2026\/09\/1441286.webp\" width=\"480\" height=\"274\" alt=\"Kobbie Mainoo, 24. mai 2026.\" loading=\"lazy\" style=\"\"\/><\/p>\n<p>\n            Kobbie Mainoo.<br \/>\n            Pedro Porru\/MB Media\n        <\/p>\n<p>Kampene:<\/p>\n<p>Dette er Uniteds Champions League-kamper.<\/p>\n<p>10. september: Sabah (h)<\/p>\n<p>13. oktober: Atl\u00e9tico Madrid (b)<\/p>\n<p>21. oktober: Como (b)<\/p>\n<p>3. november: Roma (h)<\/p>\n<p>25. november: Sporting (b)<\/p>\n<p>8. desember: RB Leipzig (h)<\/p>\n<p>20. januar: Bayern M\u00fcnchen (h)<\/p>\n<p>27. januar: Villarreal (b)<\/p>\n<p>            <a itemprop=\"url\" class=\"\" href=\"https:\/\/www.united.no\/nyheter\/her-er-alt-du-trenger-a-vite-om-uniteds-cl-motstandere\/1456313\" data-k5a-url=\"https:\/\/www.united.no\/a\/1456313\" rel=\"nofollow noopener\" target=\"_blank\"><\/p>\n<p>\nDEBUTANTER OG GAMLE KJENTE:\n<\/p>\n<p>                Her er alt du trenger \u00e5 vite om Uniteds CL-motstandere<\/p>\n<p>        <\/a><\/p>\n","protected":false},"excerpt":{"rendered":"Neste uke spiller United sin f\u00f8rste Champions League-kamp p\u00e5 tre \u00e5r. Mesterliga-debutanten Sabah tar den lange veien fra&hellip;\n","protected":false},"author":2,"featured_media":343900,"comment_status":"","ping_status":"","sticky":false,"template":"","format":"standard","meta":{"footnotes":"","_share_on_mastodon":"0"},"categories":[59],"tags":[30,28,29,83,82],"class_list":["post-343899","post","type-post","status-publish","format-standard","has-post-thumbnail","category-sport","tag-no","tag-norge","tag-norway","tag-sport","tag-sports"],"share_on_mastodon":{"url":"https:\/\/pubeurope.com\/@no\/117212475846955771","error":""},"_links":{"self":[{"href":"https:\/\/www.europesays.com\/no\/wp-json\/wp\/v2\/posts\/343899","targetHints":{"allow":["GET"]}}],"collection":[{"href":"https:\/\/www.europesays.com\/no\/wp-json\/wp\/v2\/posts"}],"about":[{"href":"https:\/\/www.europesays.com\/no\/wp-json\/wp\/v2\/types\/post"}],"author":[{"embeddable":true,"href":"https:\/\/www.europesays.com\/no\/wp-json\/wp\/v2\/users\/2"}],"replies":[{"embeddable":true,"href":"https:\/\/www.europesays.com\/no\/wp-json\/wp\/v2\/comments?post=343899"}],"version-history":[{"count":0,"href":"https:\/\/www.europesays.com\/no\/wp-json\/wp\/v2\/posts\/343899\/revisions"}],"wp:featuredmedia":[{"embeddable":true,"href":"https:\/\/www.europesays.com\/no\/wp-json\/wp\/v2\/media\/343900"}],"wp:attachment":[{"href":"https:\/\/www.europesays.com\/no\/wp-json\/wp\/v2\/media?parent=343899"}],"wp:term":[{"taxonomy":"category","embeddable":true,"href":"https:\/\/www.europesays.com\/no\/wp-json\/wp\/v2\/categories?post=343899"},{"taxonomy":"post_tag","embeddable":true,"href":"https:\/\/www.europesays.com\/no\/wp-json\/wp\/v2\/tags?post=343899"}],"curies":[{"name":"wp","href":"https:\/\/api.w.org\/{rel}","templated":true}]}}