{"id":343943,"date":"2026-09-04T11:42:18","date_gmt":"2026-09-04T11:42:18","guid":{"rendered":"https:\/\/www.europesays.com\/no\/343943\/"},"modified":"2026-09-04T11:42:18","modified_gmt":"2026-09-04T11:42:18","slug":"strompriser-naeringsliv-tror-slutten-er-naer-for-billig-strom-i-nord-norge","status":"publish","type":"post","link":"https:\/\/www.europesays.com\/no\/343943\/","title":{"rendered":"Str\u00f8mpriser, N\u00e6ringsliv | Tror slutten er n\u00e6r for billig str\u00f8m i Nord-Norge"},"content":{"rendered":"\n<p>\u2013 Vi har en prognose som sier at prisene skal oppover mot 2030 og n\u00e6rme seg resten av Norden. De andre prisregionene vil ogs\u00e5 ha litt h\u00f8yere priser rundt 2030 enn det vi ser i dag.<\/p>\n<p>Det sier analytiker i kraftr\u00e5dgivingsselskapet Thema, Anders Strand Ryssdal, til avisen <a rel=\"Follow nofollow noopener\" href=\"https:\/\/www.europower.no\/nett\/snart-kan-billig-strom-i-nord-vare-historie\/2-1-2038952\" target=\"_blank\">Europower<\/a>.<\/p>\n<p>Nord-Norge har i dag kraftoverskudd, lave str\u00f8mpriser og mangel p\u00e5 kraftnett. Men Ryssdal tror b\u00e5de overskuddet og de lave prisene om f\u00e5 \u00e5r kan v\u00e6re historie.\u00a0<\/p>\n<p>I april innf\u00f8rte Statnett en tilknytningsstopp nord for Svartisen. Det betyr at ingen nye store industriprosjekter f\u00e5r reservere nettkapasitet i store deler av Nord-Norge.\u00a0<\/p>\n<p>\u2013 Selv om det n\u00e5 er tilknytningsstopp, er det allerede veldig mange som har f\u00e5tt nettilgang. Forbruket ligger an til \u00e5 \u00f8ke betydelig. Det vil gj\u00f8re at det kraftoverskuddet som gir de veldig lave prisene, vil forsvinne, sier Ryssdal til Europower.<\/p>\n<p>  <a href=\"https:\/\/www.helg.no\/80-24-6253\" class=\"related-teaser has-image article--c-MkAkR\" rel=\"nofollow noopener\" target=\"_blank\"><\/p>\n<p>    <img decoding=\"async\" width=\"155\"  loading=\"lazy\"  src=\"https:\/\/www.europesays.com\/no\/wp-content\/uploads\/2026\/09\/Graving leder for sikkerhet-Frode  Dorp (2).jpg\" alt=\"\" class=\"brick-c-cFOWSL\" style=\"\"\/><\/p>\n<p>\n            Les ogs\u00e5<\/p>\n<p>            Linea advarer etter bes\u00f8k: \u00d8nsker tips fra hele Helgeland\n        <\/p>\n<p>  <\/a><\/p>\n<p>Han mener ogs\u00e5 at Statnett ikke har klart \u00e5 bygge ut nett i takt med utviklingen, og viser til at en slik utbygging fordrer at det er samfunns\u00f8konomisk l\u00f8nnsomt.\u00a0<\/p>\n<p>\u2013 Man m\u00e5 ha en forventning om at det kommer forbruk. N\u00e5r man kombinerer det med at det tar cirka \u00e5tte til 15 \u00e5r \u00e5 bygge transmisjonsnett, m\u00e5 man forutse forbruket langt frem i tid. Det var ingen som foruts\u00e5 datasentrene.<\/p>\n<p>  <a href=\"https:\/\/www.helg.no\/80-24-8101\" class=\"related-teaser has-image article--c-MkAkR\" rel=\"nofollow noopener\" target=\"_blank\"><\/p>\n<p>    <img decoding=\"async\" width=\"155\"  loading=\"lazy\"  src=\"https:\/\/www.europesays.com\/no\/wp-content\/uploads\/2026\/09\/DJI_20260507094807_0159_D.jpg\" alt=\"\" class=\"brick-c-cFOWSL\" style=\"\"\/><\/p>\n<p>\n            Les ogs\u00e5<\/p>\n<p>            Alcoa Mosj\u00f8en sikrer str\u00f8mforsyningen: Starter omfattende kabelprosjekt\n        <\/p>\n<p>  <\/a><\/p>\n<p>Nord-Norge tilh\u00f8rer str\u00f8mregion NO4. Her var kraftoverskuddet i fjor p\u00e5 8,3 TWh. Men if\u00f8lge rapporten til Thema vil elektrifiseringen av Melk\u00f8ya spise 3,1 TWh av dette overskuddet. I tillegg vil datasentre bruke totalt om lag 3,1 TWh. Da vil mye av overskuddet allerede v\u00e6re spist opp om f\u00e5 \u00e5r.\u00a0<\/p>\n<p>\u2013 Da vil prisene og forbruket \u00f8ke, mens kraftbalansen blir mye svakere. Vi ser jo ikke produksjonsprosjekter p\u00e5 vei. Det er veldig lite vindkraft som kommer, og det er lite ny vannkraft som faktisk kan gi energi, sier analytikeren til Europower.<\/p>\n<p><a class=\"brick-c-hOTghF\" href=\"#skip-\">Hopp over karusellen.<\/a><\/p>\n<p data-static=\"\" class=\"brick-c-fgNmNC\" id=\"carousel-title-\">Innholdskarusell med 20 artikler.<\/p>\n<ul data-static=\"\" aria-label=\"Navigasjon for innholdskarusell\" class=\"carousel-nav\">\n<li>\n<\/li>\n<li>\n<\/li>\n<\/ul>\n<p>  <a href=\"https:\/\/www.helg.no\/80-24-9013\" class=\"related-teaser has-image article--c-MkAkR\" rel=\"nofollow noopener\" target=\"_blank\"><\/p>\n<p>    <img decoding=\"async\" width=\"155\"  loading=\"lazy\"  src=\"https:\/\/www.europesays.com\/no\/wp-content\/uploads\/2026\/09\/Elisabeth Kulseng.bin.jpeg\" alt=\"\" class=\"brick-c-cFOWSL\" style=\"\"\/><\/p>\n<p>\n            Les ogs\u00e5<\/p>\n<p>            Sa opp etter kaotisk \u00e5rsm\u00f8te \u2013 n\u00e5 blir Elisabeth foreningens \u00abusynlige\u00bb hjelper\n        <\/p>\n<p>  <\/a><\/p>\n<p>  <a href=\"https:\/\/www.helg.no\/80-24-8614\" class=\"related-teaser has-image article--c-MkAkR\" rel=\"nofollow noopener\" target=\"_blank\"><\/p>\n<p>    <img decoding=\"async\" width=\"155\"  loading=\"lazy\"  src=\"https:\/\/www.europesays.com\/no\/wp-content\/uploads\/2026\/09\/1788522138_716_JCN_8434.jpg\" alt=\"\" class=\"brick-c-cFOWSL\" style=\"\"\/><\/p>\n<p>\n            Les ogs\u00e5<\/p>\n<p>            Vurderer \u00e5 ta grep mot potensielt parkeringskaos p\u00e5 Kippermoen: \u2013 Vi forst\u00e5r bekymringen\n        <\/p>\n<p>  <\/a><\/p>\n<p>  <a href=\"https:\/\/www.helg.no\/80-24-3063\" class=\"related-teaser has-image article--c-MkAkR\" rel=\"nofollow noopener\" target=\"_blank\"><\/p>\n<p>    <img decoding=\"async\" width=\"155\"  loading=\"lazy\"  src=\"https:\/\/www.europesays.com\/no\/wp-content\/uploads\/2026\/09\/IMG_6243.JPG\" alt=\"\" class=\"brick-c-cFOWSL\" style=\"\"\/><\/p>\n<p>\n            Les ogs\u00e5<\/p>\n<p>            Kristine (28) sl\u00e5r alarm om sv\u00f8mmekursene: \u2013 H\u00e5pet har dessverre forsvunnet litt\n        <\/p>\n<p>  <\/a><\/p>\n","protected":false},"excerpt":{"rendered":"\u2013 Vi har en prognose som sier at prisene skal oppover mot 2030 og n\u00e6rme seg resten av&hellip;\n","protected":false},"author":2,"featured_media":343944,"comment_status":"","ping_status":"","sticky":false,"template":"","format":"standard","meta":{"footnotes":"","_share_on_mastodon":"0"},"categories":[5],"tags":[465,36,20,21,24,25,15,19,22,23,17,18,62,13,30,28,29,14,16,41,1510,1501,26,27],"class_list":["post-343943","post","type-post","status-publish","format-standard","has-post-thumbnail","category-overskrifter","tag-arbeidsliv","tag-art","tag-breaking-news","tag-breakingnews","tag-featured-news","tag-featurednews","tag-headlines","tag-hovedoppslag","tag-latest-news","tag-latestnews","tag-main-news","tag-mainnews","tag-naeringsliv","tag-news","tag-no","tag-norge","tag-norway","tag-nyheter","tag-overskrifter","tag-politikk","tag-story","tag-strompriser","tag-top-stories","tag-topstories"],"share_on_mastodon":{"url":"https:\/\/pubeurope.com\/@no\/117212594517521822","error":""},"_links":{"self":[{"href":"https:\/\/www.europesays.com\/no\/wp-json\/wp\/v2\/posts\/343943","targetHints":{"allow":["GET"]}}],"collection":[{"href":"https:\/\/www.europesays.com\/no\/wp-json\/wp\/v2\/posts"}],"about":[{"href":"https:\/\/www.europesays.com\/no\/wp-json\/wp\/v2\/types\/post"}],"author":[{"embeddable":true,"href":"https:\/\/www.europesays.com\/no\/wp-json\/wp\/v2\/users\/2"}],"replies":[{"embeddable":true,"href":"https:\/\/www.europesays.com\/no\/wp-json\/wp\/v2\/comments?post=343943"}],"version-history":[{"count":0,"href":"https:\/\/www.europesays.com\/no\/wp-json\/wp\/v2\/posts\/343943\/revisions"}],"wp:featuredmedia":[{"embeddable":true,"href":"https:\/\/www.europesays.com\/no\/wp-json\/wp\/v2\/media\/343944"}],"wp:attachment":[{"href":"https:\/\/www.europesays.com\/no\/wp-json\/wp\/v2\/media?parent=343943"}],"wp:term":[{"taxonomy":"category","embeddable":true,"href":"https:\/\/www.europesays.com\/no\/wp-json\/wp\/v2\/categories?post=343943"},{"taxonomy":"post_tag","embeddable":true,"href":"https:\/\/www.europesays.com\/no\/wp-json\/wp\/v2\/tags?post=343943"}],"curies":[{"name":"wp","href":"https:\/\/api.w.org\/{rel}","templated":true}]}}