{"id":343961,"date":"2026-09-04T12:08:17","date_gmt":"2026-09-04T12:08:17","guid":{"rendered":"https:\/\/www.europesays.com\/no\/343961\/"},"modified":"2026-09-04T12:08:17","modified_gmt":"2026-09-04T12:08:17","slug":"kan-bli-putins-neste-mal","status":"publish","type":"post","link":"https:\/\/www.europesays.com\/no\/343961\/","title":{"rendered":"Kan bli Putins neste m\u00e5l"},"content":{"rendered":"<p class=\"kicker \" style=\"\">Storavis:<\/p>\n<p class=\"subtitle \" style=\"\">Vladimir Putin skal v\u00e6re villig til \u00e5 ta enda mer risiko, mener ekspert &#8211; og storavis peker p\u00e5 hva som kan bli hans neste m\u00e5l i Europa.<\/p>\n<p>\n    &#8211; TRAPPER OPP: &#8211; Russland vil teste hvor mye de kan gj\u00f8re mot Europa f\u00f8r de sier nei, sier forsvarsanalytiker Mick Ryan. Foto: Vyacheslav Prokofyev \/ Sputnik \/ Kremlin Pool Photo via AP \/ NTB\n  <\/p>\n<p>Europa rammes av en b\u00f8lge av droneintrengninger, sabotasjeaksjoner og cyberangrep som vestlige myndigheter mener kan kobles til Russland.\u00a0<\/p>\n<p>N\u00e5 frykter flere kilder som storavisa\u00a0<a href=\"https:\/\/www.wsj.com\/world\/europe\/the-geopolitical-mismatch-driving-russia-to-threaten-the-west-9b9a5ebd?mod=author_content_page_1_pos_1\" rel=\"nofollow noopener\" target=\"_blank\">Wall Street Journal<\/a> har snakket med<br \/>\nat Kreml kan v\u00e6re p\u00e5 vei til \u00e5 ta et nytt og mer risikabelt steg.<\/p>\n<p>Tirsdag slo EUs utenrikssjef Kaja Kallas alarm om det hun<br \/>\nbeskriver som en stadig mer aggressiv russisk kampanje mot europeiske land.<\/p>\n<p>&#8211; Russland sl\u00e5r mot Europa med en b\u00f8lge av stadig flere<br \/>\nkinetiske hybridangrep, sa Kallas p\u00e5 en pressekonferanse.<\/p>\n<p>        <img loading=\"lazy\" decoding=\"async\" src=\"https:\/\/www.europesays.com\/no\/wp-content\/uploads\/2026\/09\/85103062.webp\" width=\"688\" height=\"393\" alt=\"\" class=\"\" style=\"--aspect-ratio-image: 1.75; \"\/><\/p>\n<p>\n        ADVARER: EUs utenrikssjef Kaja Kallas advarer om at Russland trapper opp hybridkrigen mot Europa. Bildet er tatt i Manila i juli. Foto: Ezra Acayan \/ AP \/ NTB\n    <\/p>\n<p>Frykter nytt steg\t<\/p>\n<p> Ukraina har de siste \u00e5ra trappet opp angrepene mot russiske oljeanlegg, fabrikker og milit\u00e6re m\u00e5l.\u00a0<\/p>\n<p>Samtidig fortsetter v\u00e5pen, ammunisjon og drivstoff \u00e5 str\u00f8mme inn i Ukraina via europeiske logistikknutepunkter som Russland ikke kan ramme uten \u00e5 utfordre Nato direkte.<\/p>\n<p>If\u00f8lge Wall Street Journal kan Kreml n\u00e5 v\u00e6re i ferd med \u00e5 teste nettopp hvor langt de kan g\u00e5. <\/p>\n<p>    <a itemprop=\"url\" href=\"https:\/\/www.dagbladet.no\/nyheter\/pentagon-krisen-tilspisser-seg\/85101478\" rel=\"nofollow noopener\" target=\"_blank\"><\/p>\n<p>        <img loading=\"lazy\" decoding=\"async\" src=\"https:\/\/www.europesays.com\/no\/wp-content\/uploads\/2026\/09\/1788523695_163_85102122.webp\" width=\"180\" height=\"81\" alt=\"\" class=\"lazyload\" style=\"--aspect-ratio-image: 2.22; \"\/><\/p>\n<p>        Pentagon-krisen tilspisser seg<\/p>\n<p>    <\/a><\/p>\n<p> &#8211; Deres risikovilje er p\u00e5 vei opp, sier en h\u00f8ytst\u00e5ende Nato-tjenestemann til avisa. <\/p>\n<p>Avisa mener det er en voksende bekymring i vestlige hovedsteder for at Russland kan v\u00e6re villig til \u00e5 g\u00e5 lenger for \u00e5 svekke st\u00f8tten til Ukraina.\u00a0<\/p>\n<p>If\u00f8lge Wall Street Journal skyldes opptrappingen \u00f8kende frustrasjon i Kreml over at Ukraina fortsatt f\u00e5r store mengder v\u00e5pen, ammunisjon og andre forsyninger fra vestlige land.\u00a0<\/p>\n<p class=\"font-weight-bold m-font-weight-bold\" data-lab-font_weight=\"font-weight-bold\">De advarer om at Moskvas neste steg kan bli et begrenset angrep mot en eller flere logistikk- og forsyningsknutepunkter i Europa.\u00a0<\/p>\n<p>If\u00f8lge avisa kan slike angrep gjennomf\u00f8res ved hjelp av erobrede ukrainske droner eller missiler.\u00a0<\/p>\n<p>        G\u00c5R GALT: Her krasjlander et russisk Mi-8-helikopter p\u00e5 en motorvei p\u00e5 Sakhalin-\u00f8ya lengst \u00f8st i Russland, etter at det gikk tomt for drivstoff. <\/p>\n<p>Anklaget Russland tidligere\t<\/p>\n<p>Den tyske EU-parlamentarikeren Sergey Lagodinsky mener m\u00e5let<br \/>\ner \u00e5 ramme grunnlaget for Ukrainas videre motstandskamp.<\/p>\n<p>&#8211; De ser at Ukraina kan overleve og fortsette \u00e5 kjempe ettersom landet har tilgang til ressurser og solidaritet utenfra, og det er dette de<br \/>\n\u00f8nsker \u00e5 kutte av eller skade, sier han til avisa.<\/p>\n<p>Bekymringen har \u00f8kt etter at Tyskland denne uka offentlig<br \/>\nanklaget Russland for \u00e5 st\u00e5 bak et <a href=\"https:\/\/www.dagbladet.no\/nyheter\/tyskland-russland-ansvarlig-for-droneangrep\/85096744\" rel=\"nofollow noopener\" target=\"_blank\">mislykket droneangrep mot flyplassen i<br \/>\nLeipzig tidligere i august.\u00a0<\/a><\/p>\n<p>    <a itemprop=\"url\" href=\"https:\/\/www.dagbladet.no\/nyheter\/norge-skrevet-ut-av-historien-det-er-trist\/85098736\" rel=\"nofollow noopener\" target=\"_blank\"><\/p>\n<p>        <img loading=\"lazy\" decoding=\"async\" src=\"https:\/\/www.europesays.com\/no\/wp-content\/uploads\/2026\/09\/1788523695_57_85101439.webp\" width=\"180\" height=\"81\" alt=\"\" class=\"lazyload\" style=\"--aspect-ratio-image: 2.22; \"\/><\/p>\n<p>        Norge skrevet ut av historien: &#8211; Det er trist<\/p>\n<p>    <\/a><\/p>\n<p>Flyplassen regnes som et viktig logistisk<br \/>\nknutepunkt for transport av materiell til Ukraina.<\/p>\n<p>Motsatt effekt i Europa<\/p>\n<p>Forsvarsanalytikeren Mick Ryan fra Australia sier til danske avisa <a href=\"https:\/\/www.bt.dk\/udland\/ekspert-putin-har-en-dyster-plan-for-europa-men-den-virker-til-at-fejle\" rel=\"nofollow noopener\" target=\"_blank\">BT<\/a> at Russland samtidig kan bruke slike operasjoner til \u00e5 teste hvor langt landet kan presse Europa.<\/p>\n<p>&#8211; Russland vil teste hvor mye de kan gj\u00f8re mot Europa f\u00f8r de sier nei. De f\u00e5r en id\u00e9 om hvor langt de kan g\u00e5, sier Ryan til avisa.<\/p>\n<p>        <img loading=\"lazy\" decoding=\"async\" itemprop=\"image\" src=\"https:\/\/www.europesays.com\/no\/wp-content\/uploads\/2026\/09\/85103210.webp\" width=\"180\" height=\"180\" alt=\"\"\/><\/p>\n<p>                    Mick Ryan<br \/>\n                        Mick<br \/>\n                        Ryan<\/p>\n<p>                    Mick Ryan<br \/>\n                        Forsvarsanalytiker<\/p>\n<p>Tidligere generalmajor i den australske h\u00e6ren<\/p>\n<p>If\u00f8lge Ryan tyder omfanget p\u00e5 en omfattende russisk kampanje.<\/p>\n<p>&#8211; Det finnes n\u00e5 nok data til \u00e5 si at Russland st\u00e5r bak mellom 100\u2013200 hybridangrep p\u00e5 Europa de siste \u00e5ra, sier han.<\/p>\n<p>        DRONEANGREP: Tyskland peker p\u00e5 Russland etter droneangrepet mot Leipzig\/Halle-flyplassen. Video: AP \/ NTB. Reporter: Sander Aadalen<\/p>\n<p>Likevel mener han strategien kan sl\u00e5 tilbake p\u00e5 Kreml.<\/p>\n<p>&#8211; Det ser ut til \u00e5 ha motsatt effekt i Europa. Det virker som om sabotasje, droneangrep og attentater bare gj\u00f8r at europeere st\u00e5r n\u00e6rmere hverandre. Og dette gj\u00f8r at europeere bruker mer penger p\u00e5 forsvar, Ukraina og Nato, sier han.<\/p>\n<p>    <a itemprop=\"url\" href=\"https:\/\/www.dagbladet.no\/nyheter\/jeg-var-ingen-fan\/85103099\" rel=\"nofollow noopener\" target=\"_blank\"><\/p>\n<p>        <img loading=\"lazy\" decoding=\"async\" src=\"https:\/\/www.europesays.com\/no\/wp-content\/uploads\/2026\/09\/85103132.webp\" width=\"180\" height=\"81\" alt=\"\" class=\"lazyload\" style=\"--aspect-ratio-image: 2.22; \"\/><\/p>\n<p>        &#8211; Jeg var ingen fan<\/p>\n<p>    <\/a><\/p>\n<p>If\u00f8lge Wall Street Journal vurderer flere vestlige<br \/>\ntjenestemenn n\u00e5 risikoen for at Russland vil \u00f8ke presset mot slike m\u00e5l som ledd<br \/>\ni fors\u00f8ket p\u00e5 \u00e5 svekke den vestlige st\u00f8tten til Ukraina.<\/p>\n","protected":false},"excerpt":{"rendered":"Storavis: Vladimir Putin skal v\u00e6re villig til \u00e5 ta enda mer risiko, mener ekspert &#8211; og storavis peker&hellip;\n","protected":false},"author":2,"featured_media":343962,"comment_status":"","ping_status":"","sticky":false,"template":"","format":"standard","meta":{"footnotes":"","_share_on_mastodon":"0"},"categories":[12],"tags":[20,21,24,25,15,22,23,13,30,28,29,14,16,26,27,412,42,43,44,45],"class_list":["post-343961","post","type-post","status-publish","format-standard","has-post-thumbnail","category-verden","tag-breaking-news","tag-breakingnews","tag-featured-news","tag-featurednews","tag-headlines","tag-latest-news","tag-latestnews","tag-news","tag-no","tag-norge","tag-norway","tag-nyheter","tag-overskrifter","tag-top-stories","tag-topstories","tag-utenriks","tag-verden","tag-world","tag-world-news","tag-worldnews"],"share_on_mastodon":{"url":"https:\/\/pubeurope.com\/@no\/117212696912777268","error":""},"_links":{"self":[{"href":"https:\/\/www.europesays.com\/no\/wp-json\/wp\/v2\/posts\/343961","targetHints":{"allow":["GET"]}}],"collection":[{"href":"https:\/\/www.europesays.com\/no\/wp-json\/wp\/v2\/posts"}],"about":[{"href":"https:\/\/www.europesays.com\/no\/wp-json\/wp\/v2\/types\/post"}],"author":[{"embeddable":true,"href":"https:\/\/www.europesays.com\/no\/wp-json\/wp\/v2\/users\/2"}],"replies":[{"embeddable":true,"href":"https:\/\/www.europesays.com\/no\/wp-json\/wp\/v2\/comments?post=343961"}],"version-history":[{"count":0,"href":"https:\/\/www.europesays.com\/no\/wp-json\/wp\/v2\/posts\/343961\/revisions"}],"wp:featuredmedia":[{"embeddable":true,"href":"https:\/\/www.europesays.com\/no\/wp-json\/wp\/v2\/media\/343962"}],"wp:attachment":[{"href":"https:\/\/www.europesays.com\/no\/wp-json\/wp\/v2\/media?parent=343961"}],"wp:term":[{"taxonomy":"category","embeddable":true,"href":"https:\/\/www.europesays.com\/no\/wp-json\/wp\/v2\/categories?post=343961"},{"taxonomy":"post_tag","embeddable":true,"href":"https:\/\/www.europesays.com\/no\/wp-json\/wp\/v2\/tags?post=343961"}],"curies":[{"name":"wp","href":"https:\/\/api.w.org\/{rel}","templated":true}]}}