{"id":343981,"date":"2026-09-04T12:37:16","date_gmt":"2026-09-04T12:37:16","guid":{"rendered":"https:\/\/www.europesays.com\/no\/343981\/"},"modified":"2026-09-04T12:37:16","modified_gmt":"2026-09-04T12:37:16","slug":"nff-vil-be-om-redegjorelse-fra-valerenga-etter-salget-av-henrik-bjordal-til-viking","status":"publish","type":"post","link":"https:\/\/www.europesays.com\/no\/343981\/","title":{"rendered":"NFF vil be om redegj\u00f8relse fra V\u00e5lerenga etter salget av Henrik Bj\u00f8rdal til Viking"},"content":{"rendered":"\n<p class=\"_lead_145nj_2 _lead_6fko5_53 layout-component text-serif-m layout-normal text-serif-l layout-component layout-wide layout-padded _wide_17hqh_1 layout-padded\">NFF vil unders\u00f8ke om V\u00e5lerengas aksjeselskap var med p\u00e5 avgj\u00f8relsen om \u00e5 selge Henrik Bj\u00f8rdal. Kjetil Siem sier at det kun var klubbens avgj\u00f8relse.  <\/p>\n<p><img alt=\"Daglig leder i V\u00e5lerenga Svein Graff. Foto: Bj\u00f8rn S. Delebekk \/ VG\" class=\"_image_jw3bv_65 layout-component layout-wide\" data-fullscreen- data-track-element-type=\"Article image fullscreen\" data-track-name=\"ImageFullscreen\" fetchpriority=\"high\" decoding=\"sync\" loading=\"eager\" height=\"5504\" itemprop=\"image\"  src=\"https:\/\/www.europesays.com\/no\/wp-content\/uploads\/2026\/09\/13f0a1a2-48aa-3cf8-8948-9f5448b5c3b7.jpeg\"  style=\"object-position:0% 0%\" width=\"8256\"\/>Daglig leder i V\u00e5lerenga Svein Graff. Foto: Bj\u00f8rn S. Delebekk \/ VG<\/p>\n<ul aria-hidden=\"true\" class=\"_images_ntbth_112\">\n<li><a class=\"_link_ntbth_117\" href=\"https:\/\/www.vg.no\/forfatter\/steffen-stenersen\" style=\"z-index:2\" title=\"Steffen Stenersen\" rel=\"nofollow noopener\" target=\"_blank\"><img alt=\"Bilde av Steffen Stenersen\" class=\"_image_ntbth_93\" fetchpriority=\"low\" loading=\"lazy\" decoding=\"async\" itemprop=\"image\"  src=\"https:\/\/www.europesays.com\/no\/wp-content\/uploads\/2026\/09\/1788525434_317_53060b84-6e6f-4eee-9b23-952f524bbbf0.jpeg\"  width=\"480\"\/><\/a><\/li>\n<li><a class=\"_link_ntbth_117\" href=\"https:\/\/www.vg.no\/forfatter\/anders-k-christiansen\" style=\"z-index:1\" title=\"Anders K. Christiansen\" rel=\"nofollow noopener\" target=\"_blank\"><img alt=\"Bilde av Anders K. Christiansen\" class=\"_image_ntbth_93\" fetchpriority=\"low\" loading=\"lazy\" decoding=\"async\" itemprop=\"image\"  src=\"https:\/\/www.europesays.com\/no\/wp-content\/uploads\/2026\/09\/1e24f0d3-a31a-453a-9ee3-069339de2f03.jpeg\"  width=\"480\"\/><\/a><\/li>\n<\/ul>\n<p> Oppdatert fredag 4. september kl. 14:34    <\/p>\n<ul class=\"_list_145nj_3 _list_64s2r_85 _unordered_145nj_106 text-sans-m\">\n<li class=\"_item_145nj_30\">NFF vil unders\u00f8ke om V\u00e5lerengas aksjeselskap p\u00e5virket salget av Henrik Bj\u00f8rdal.<\/li>\n<li class=\"_item_145nj_30\">Kjetil Siem sier det kun var klubbens beslutning.<\/li>\n<li class=\"_item_145nj_30\">Styreleder S\u00f8ren Eriksen har g\u00e5tt av p\u00e5 grunn av interne uenigheter om salget.<\/li>\n<li class=\"_item_145nj_30\">Line R. Petersen i NFF krever redegj\u00f8relse for klubbens beslutningsstruktur.<\/li>\n<\/ul>\n<p>Vis mer <\/p>\n<p class=\"_paragraph_145nj_4 _paragraph_6fko5_10 layout-component text-serif-m layout-normal text-serif-m layout-padded\">\u2013 Vi vil p\u00e5 bakgrunn av det som har fremkommet i media sende en e-post til <a href=\"https:\/\/www.vg.no\/tag\/vaalerenga?utm_source=vg-article&amp;utm_medium=auto-tagger&amp;utm_campaign=5pkyPO\" class=\"_link_145nj_39\" rel=\"nofollow noopener\" target=\"_blank\">V\u00e5lerenga<\/a> hvor vi ber klubben redegj\u00f8re for beslutningsstrukturen n\u00e5r det gjelder kj\u00f8p og spillersalg, sier Line R. Petersen, juridisk leder i NFF til VG fredag. <\/p>\n<p class=\"_paragraph_145nj_4 _paragraph_6fko5_10 layout-component text-serif-m layout-normal text-serif-m layout-padded\">Det skjer p\u00e5 bakgrunn av V\u00e5lerengas forklaring om at det var overgangskomiteen i klubben som fattet avgj\u00f8relsen om \u00e5 selge Henrik Bj\u00f8rdal til Viking p\u00e5 deadline day. <\/p>\n<p><img alt=\"V\u00e5lerenga-laget, uten Henrik Bj\u00f8rdal, p\u00e5 treningsfeltet p\u00e5 Intility Arena torsdag.  Foto: Bj\u00f8rn S. Delebekk \/ VG\" class=\"_image_jw3bv_65 layout-component layout-normal\" data-fullscreen- data-track-element-type=\"Article image fullscreen\" data-track-name=\"ImageFullscreen\" decoding=\"async\" loading=\"lazy\" height=\"5504\" itemprop=\"image\"  src=\"https:\/\/www.europesays.com\/no\/wp-content\/uploads\/2026\/09\/b448430b-b8d9-3106-9823-94396764dbe6.jpeg\"  style=\"object-position:0% 0%\" width=\"8256\"\/>V\u00e5lerenga-laget, uten Henrik Bj\u00f8rdal, p\u00e5 treningsfeltet p\u00e5 Intility Arena torsdag.  Foto: Bj\u00f8rn S. Delebekk \/ VG<\/p>\n<p class=\"_paragraph_145nj_4 _paragraph_6fko5_10 layout-component text-serif-m layout-normal text-serif-m layout-padded\">\u2013 Det kom jo som forventet, vil jeg si, sterke reaksjoner p\u00e5 at overgangskomiteen velger \u00e5 selge en kaptein og en n\u00f8kkelspiller, sa daglig leder Svein Graff til VG torsdag. <\/p>\n<p>Hva er dualmodellen<\/p>\n<p class=\"_paragraph_145nj_4 _paragraph_6fko5_10 _paragraph_1kitn_11 layout-component text-serif-m layout-normal text-sans-m layout-padded\" itemprop=\"text\">I norsk fotball kan en klubb samarbeide med et kommersielt aksjeselskap som bidrar med penger og ressurser. Men det er fortsatt idrettslaget \u2013 alts\u00e5 medlemsklubben \u2013 som skal ha det siste ordet i sportslige sp\u00f8rsm\u00e5l. Det er dette som kalles dualmodellen.<\/p>\n<p>Hvordan fungerer det i V\u00e5lerenga? <\/p>\n<p class=\"_paragraph_145nj_4 _paragraph_6fko5_10 _paragraph_1kitn_11 layout-component text-serif-m layout-normal text-sans-m layout-padded\" itemprop=\"text\">Her er det <strong class=\"_strong_145nj_25\">V\u00e5lerenga Fotball Elite<\/strong> som er klubben, mens <strong class=\"_strong_145nj_25\">V\u00e5lerenga Fotball AS<\/strong> er det kommersielle selskapet. AS-et er heleid av Tor Olav Tr\u00f8ims Magni Sports AS.<\/p>\n<p class=\"_paragraph_145nj_4 _paragraph_6fko5_10 _paragraph_1kitn_11 layout-component text-serif-m layout-normal text-sans-m layout-padded\" itemprop=\"text\">De to samarbeider tett, og AS-et er representert i flere deler av driften. Men etter idrettens regler skal klubben beholde den bestemmende myndigheten over den sportslige aktiviteten. Det betyr enkelt sagt: Investorene kan ha stor innflytelse, men klubben skal bestemme.<\/p>\n<p class=\"_paragraph_145nj_4 _paragraph_6fko5_10 layout-component text-serif-m layout-normal text-serif-m layout-padded\">I overgangskomiteen til V\u00e5lerenga sitter, if\u00f8lge VGs opplysninger, to representanter fra klubbstyret, samt Kjetil Siem og Anders Onarheim fra AS-styret. Sistnevnte har kun en observat\u00f8rrolle. <\/p>\n<p class=\"_paragraph_145nj_4 _paragraph_6fko5_10 layout-component text-serif-m layout-normal text-serif-m layout-padded\"><strong class=\"_strong_145nj_25\">\u2013 Det er alltid klubben og ikke AS som bestemmer alle kj\u00f8p og salg. Vi deltok ikke i m\u00f8tet da beslutningen ble tatt, men uttrykte st\u00f8tte uansett salg eller ikke, skrev Siem til VG torsdag. <\/strong><\/p>\n<p><img decoding=\"async\" alt=\"Bilde av Kjetil Siem\" class=\"_image_148z4_25\" height=\"27\" itemprop=\"image\" loading=\"lazy\"  src=\"https:\/\/www.europesays.com\/no\/wp-content\/uploads\/2026\/09\/ae679ec1-eca1-30f3-ad1b-17b98d4b48f1.jpeg\"  width=\"40\"\/><strong class=\"_name_148z4_34 title-serif-xs\">Kjetil Siem<\/strong><\/p>\n<p class=\"_paragraph_145nj_4 text-sans-m _description_148z4_39\">Styreleder i V\u00e5lerenga Fotball AS<\/p>\n<p class=\"_paragraph_145nj_4 _paragraph_6fko5_10 layout-component text-serif-m layout-normal text-serif-m layout-padded\">Han er styreleder i aksjeselskapet til V\u00e5lerenga, som er heleid av Tor Olav Tr\u00f8ims selskap Magni Sports. <\/p>\n<p class=\"_paragraph_145nj_4 _paragraph_6fko5_10 layout-component text-serif-m layout-normal text-serif-m layout-padded\">Styreleder i fotballklubben, S\u00f8ren Eriksen, gikk av torsdag morgen. Han forklarte det med uenigheter i styret etter at han hadde orientert om salget av Bj\u00f8rdal. <\/p>\n<p class=\"_paragraph_145nj_4 _paragraph_6fko5_10 layout-component text-serif-m layout-normal text-serif-m layout-padded\">\u2013 Jeg innser at jeg ikke har med meg klubbstyret p\u00e5 min m\u00e5te \u00e5 tenke p\u00e5 og tar konsekvensen av det, sa han i en pressemelding. <\/p>\n<p class=\"_paragraph_145nj_4 _paragraph_6fko5_10 layout-component text-serif-m layout-normal text-serif-m layout-padded\">Petersen i NFF sier at et samarbeidsforum hvor selskapet er representert, ikke kan binde klubbstyret til \u00e5 signere eller selge en spiller. <\/p>\n<p class=\"_paragraph_145nj_4 _paragraph_6fko5_10 layout-component text-serif-m layout-normal text-serif-m layout-padded\">\u2013 Det er uten betydning at klubben ogs\u00e5 er representert i forumet. Det avgj\u00f8rende er at beslutningen skal fattes p\u00e5 fritt grunnlag av klubbens styre, eventuelt av personer eller et sportslig utvalg med fullmakt fra styret &#8211; som ikke har tilknytning til selskapet, sier hun.<\/p>\n<p class=\"_paragraph_145nj_4 _paragraph_6fko5_10 layout-component text-serif-m layout-normal text-serif-m layout-padded\">If\u00f8lge Svein Graff presenterte han sammen med sportslig leder Joacim Jonsson budet for overgangskomiteen f\u00f8r Bj\u00f8rdal ble solgt. <\/p>\n<p class=\"_paragraph_145nj_4 _paragraph_6fko5_10 layout-component text-serif-m layout-normal text-serif-m layout-padded\">VG har spurt NFF om hva som har kommet frem i mediene det er de vil be om svar p\u00e5. Petersen sier de avventer svar fra V\u00e5lerenga f\u00f8r de kommenterer ytterligere. <\/p>\n","protected":false},"excerpt":{"rendered":"NFF vil unders\u00f8ke om V\u00e5lerengas aksjeselskap var med p\u00e5 avgj\u00f8relsen om \u00e5 selge Henrik Bj\u00f8rdal. Kjetil Siem sier&hellip;\n","protected":false},"author":2,"featured_media":343982,"comment_status":"","ping_status":"","sticky":false,"template":"","format":"standard","meta":{"footnotes":"","_share_on_mastodon":"0"},"categories":[59],"tags":[134,92,30,28,29,83,82,2949],"class_list":["post-343981","post","type-post","status-publish","format-standard","has-post-thumbnail","category-sport","tag-eliteserien","tag-fotball","tag-no","tag-norge","tag-norway","tag-sport","tag-sports","tag-valerenga"],"share_on_mastodon":{"url":"https:\/\/pubeurope.com\/@no\/117212810730558321","error":""},"_links":{"self":[{"href":"https:\/\/www.europesays.com\/no\/wp-json\/wp\/v2\/posts\/343981","targetHints":{"allow":["GET"]}}],"collection":[{"href":"https:\/\/www.europesays.com\/no\/wp-json\/wp\/v2\/posts"}],"about":[{"href":"https:\/\/www.europesays.com\/no\/wp-json\/wp\/v2\/types\/post"}],"author":[{"embeddable":true,"href":"https:\/\/www.europesays.com\/no\/wp-json\/wp\/v2\/users\/2"}],"replies":[{"embeddable":true,"href":"https:\/\/www.europesays.com\/no\/wp-json\/wp\/v2\/comments?post=343981"}],"version-history":[{"count":0,"href":"https:\/\/www.europesays.com\/no\/wp-json\/wp\/v2\/posts\/343981\/revisions"}],"wp:featuredmedia":[{"embeddable":true,"href":"https:\/\/www.europesays.com\/no\/wp-json\/wp\/v2\/media\/343982"}],"wp:attachment":[{"href":"https:\/\/www.europesays.com\/no\/wp-json\/wp\/v2\/media?parent=343981"}],"wp:term":[{"taxonomy":"category","embeddable":true,"href":"https:\/\/www.europesays.com\/no\/wp-json\/wp\/v2\/categories?post=343981"},{"taxonomy":"post_tag","embeddable":true,"href":"https:\/\/www.europesays.com\/no\/wp-json\/wp\/v2\/tags?post=343981"}],"curies":[{"name":"wp","href":"https:\/\/api.w.org\/{rel}","templated":true}]}}