{"id":343983,"date":"2026-09-04T12:38:18","date_gmt":"2026-09-04T12:38:18","guid":{"rendered":"https:\/\/www.europesays.com\/no\/343983\/"},"modified":"2026-09-04T12:38:18","modified_gmt":"2026-09-04T12:38:18","slug":"jennifer-aniston-fleipet-om-kjaeresten-jim-curtis-under-boklansering-i-new-york","status":"publish","type":"post","link":"https:\/\/www.europesays.com\/no\/343983\/","title":{"rendered":"Jennifer Aniston fleipet om kj\u00e6resten Jim Curtis under boklansering i New York"},"content":{"rendered":"<p class=\"kicker \" style=\"\">Jennifer Aniston:<\/p>\n<p class=\"subtitle \" style=\"\">Under kj\u00e6restens boklansering kom Jennifer Aniston med en sp\u00f8k som fikk publikum til \u00e5 le h\u00f8yt.<\/p>\n<p>\n    SP\u00d8KEFUGL: Jennifer Aniston sp\u00f8kte med kj\u00e6resten, til stor glede for publikummet. Foto: Image Press Agency \/ SplashNews.com \/ NTB\n  <\/p>\n<p>Jennifer Aniston (57) kom med en sp\u00f8k om kj\u00e6resten Jim Curtis (50) da hun intervjuet ham under et arrangement i New York onsdag kveld.<\/p>\n<p>Skuespilleren og forfatteren var p\u00e5 scenen i Kaufmann Concert Hall for \u00e5 markere lanseringen av hans nye bok \u00abThe Book of Possibility\u00bb.\u00a0<\/p>\n<p>    <a itemprop=\"url\" href=\"https:\/\/www.seher.no\/kjendis\/skulle-se-sa-unge-ut-som-mulig\/85100040\" rel=\"nofollow noopener\" target=\"_blank\"><\/p>\n<p>        <img loading=\"lazy\" decoding=\"async\" src=\"https:\/\/www.europesays.com\/no\/wp-content\/uploads\/2026\/09\/85106848.webp\" width=\"147\" height=\"98\" alt=\"\" class=\"lazyload\" style=\"--aspect-ratio-image: 1.50; \"\/><\/p>\n<p>        &#8211; Skulle se s\u00e5 unge ut som mulig<\/p>\n<p>    <\/a><\/p>\n<p>If\u00f8lge <a href=\"https:\/\/www.dailymail.com\/tvshowbiz\/article-16101377\/Jennifer-Aniston-racy-joke-boyfriend-Jim-Curtis.html\" rel=\"nofollow noopener\" target=\"_blank\">Daily Mail<\/a> fortalte Aniston om da hun gikk p\u00e5 Steinerskolen, ikke s\u00e5 langt unna stedet boklanseringen ble avholdt. De hadde derfor gym i samme gymsal.\u00a0<\/p>\n<p>        <img loading=\"lazy\" decoding=\"async\" src=\"https:\/\/www.europesays.com\/no\/wp-content\/uploads\/2026\/09\/85109930.webp\" width=\"686\" height=\"1029\" alt=\"\" class=\"\" style=\"--aspect-ratio-image: 0.67; \"\/><\/p>\n<p>\n        BOKAKTUELL: Jim Curtis p\u00e5 vei til sin egen boklansering. Foto: Christopher Peterson \/ Splash News \/ NTB\n    <\/p>\n<p>&#8211; Jeg var ikke s\u00e6rlig sporty, men vi m\u00e5tte spille kanonball, og det var disse enorme, r\u00f8de ballene. Det var ikke noe uteomr\u00e5de, vi var bare innend\u00f8rs, s\u00e5 du m\u00e5tte l\u00f8pe for livet. S\u00e5 det er litt av et \u00abfull circle\u00bb-\u00f8yeblikk \u00e5 v\u00e6re tilbake her sammen med deg, sa hun til Curtis, f\u00f8r hun la til:\u00a0<\/p>\n<p class=\"font-weight-bold m-font-weight-bold\" data-lab-font_weight=\"font-weight-bold\">&#8211; Vel &#8230; apropos \u00e5 unng\u00e5 baller &#8230;<\/p>\n<p>Det fikk god respons hos publikum, som lo h\u00f8yt og lenge av sp\u00f8ken.\u00a0<\/p>\n<p>        IKONISK: Else K\u00e5ss Furuseth svarer om den ikoniske detaljen. Video: Nora Skavhaug\/Karolina Grace\/R\u00f8d L\u00f8per. <\/p>\n<p>Mot slutten av intervjuet spurte Aniston kj\u00e6resten om hun hadde gjort ham \u00abskikkelig flau\u00bb.<\/p>\n<p>        &#8211; Vi er s\u00e5 takknemlige \/\/ Foto:  Privat, Instagram \/\/ Stemme: AI \/\/ Klipp: Nico Aagaard<\/p>\n<p>&#8211; Veldig, svarte han.<\/p>\n<p>Under en p\u00e5f\u00f8lgende sp\u00f8rsm\u00e5lsrunde sa Aniston at hun jobber med \u00e5 overvinne en \u00abveldig dyp frykt for \u00e5 snakke offentlig\u00bb. Hun fortalte at Curtis hjelper henne med dette ved \u00e5 la henne lede arrangementet.<\/p>\n<p>Da hun ble spurt om hvordan hun h\u00e5ndterer stress, svarte hun at hun tar fem dype pust og mediterer.<\/p>\n<p>Jennifer Aniston og Jim Curtis bekreftet forholdet p\u00e5 Instagram i\u00a0 november i fjor.<\/p>\n","protected":false},"excerpt":{"rendered":"Jennifer Aniston: Under kj\u00e6restens boklansering kom Jennifer Aniston med en sp\u00f8k som fikk publikum til \u00e5 le h\u00f8yt.&hellip;\n","protected":false},"author":2,"featured_media":343984,"comment_status":"","ping_status":"","sticky":false,"template":"","format":"standard","meta":{"footnotes":"","_share_on_mastodon":"0"},"categories":[58],"tags":[71,1286,5001,479,2543,30,28,29,72],"class_list":["post-343983","post","type-post","status-publish","format-standard","has-post-thumbnail","category-underholdning","tag-entertainment","tag-jennifer-aniston","tag-jim-curtis","tag-kjendis","tag-kjendisdesken","tag-no","tag-norge","tag-norway","tag-underholdning"],"share_on_mastodon":{"url":"https:\/\/pubeurope.com\/@no\/117212814690005491","error":""},"_links":{"self":[{"href":"https:\/\/www.europesays.com\/no\/wp-json\/wp\/v2\/posts\/343983","targetHints":{"allow":["GET"]}}],"collection":[{"href":"https:\/\/www.europesays.com\/no\/wp-json\/wp\/v2\/posts"}],"about":[{"href":"https:\/\/www.europesays.com\/no\/wp-json\/wp\/v2\/types\/post"}],"author":[{"embeddable":true,"href":"https:\/\/www.europesays.com\/no\/wp-json\/wp\/v2\/users\/2"}],"replies":[{"embeddable":true,"href":"https:\/\/www.europesays.com\/no\/wp-json\/wp\/v2\/comments?post=343983"}],"version-history":[{"count":0,"href":"https:\/\/www.europesays.com\/no\/wp-json\/wp\/v2\/posts\/343983\/revisions"}],"wp:featuredmedia":[{"embeddable":true,"href":"https:\/\/www.europesays.com\/no\/wp-json\/wp\/v2\/media\/343984"}],"wp:attachment":[{"href":"https:\/\/www.europesays.com\/no\/wp-json\/wp\/v2\/media?parent=343983"}],"wp:term":[{"taxonomy":"category","embeddable":true,"href":"https:\/\/www.europesays.com\/no\/wp-json\/wp\/v2\/categories?post=343983"},{"taxonomy":"post_tag","embeddable":true,"href":"https:\/\/www.europesays.com\/no\/wp-json\/wp\/v2\/tags?post=343983"}],"curies":[{"name":"wp","href":"https:\/\/api.w.org\/{rel}","templated":true}]}}