{"id":343993,"date":"2026-09-04T12:47:16","date_gmt":"2026-09-04T12:47:16","guid":{"rendered":"https:\/\/www.europesays.com\/no\/343993\/"},"modified":"2026-09-04T12:47:16","modified_gmt":"2026-09-04T12:47:16","slug":"virker-desperat","status":"publish","type":"post","link":"https:\/\/www.europesays.com\/no\/343993\/","title":{"rendered":"&#8211; Virker desperat"},"content":{"rendered":"<p class=\"subtitle \" style=\"\">Det er blandede reaksjoner rundt at det skal arrangeres ski-VM hvert \u00e5r.<\/p>\n<p>\n    FOLKEHAV: Vanvittig med folk da det var femmil i Trondheim-VM i 2025. N\u00e5 blir det mesterskap hver sesong! Foto: AP Photo\/Matthias Schrader\n  <\/p>\n<p><a href=\"https:\/\/www.dagbladet.no\/sport\/vil-arrangere-ski-vm-hvert-ar\/85106435\" rel=\"nofollow noopener\" target=\"_blank\">Torsdag<\/a> annonserte det internasjonale skiforbundet (FIS) at fra og med 2032 skal det arrangeres ski-VM hvert \u00e5r utenom OL-\u00e5r. Vanligvis har VM blitt arrangert annenhvert \u00e5r.\u00a0<\/p>\n<p>Adressa-kommentator Birger L\u00f8faldli applauderer ikke.<\/p>\n<p>&#8211; Jeg syns at dette virker desperat. Det er ikke noe tvil om at skisporten sliter med oppmerksomhet, og da er det lett \u00e5 ty til noe enkelt: p\u00f8se p\u00e5 med flere store skirenn. Jeg er redd for at det vanner ut produktet, at det blir mindre gjevt og mindre stas, sier han til Dagbladet.<\/p>\n<p>    <a itemprop=\"url\" href=\"https:\/\/www.dagbladet.no\/sport\/vil-arrangere-ski-vm-hvert-ar\/85106435\" rel=\"nofollow noopener\" target=\"_blank\"><\/p>\n<p>        <img loading=\"lazy\" decoding=\"async\" src=\"https:\/\/www.europesays.com\/no\/wp-content\/uploads\/2026\/09\/1788526034_802_85028071.webp\" width=\"180\" height=\"81\" alt=\"\" class=\"lazyload\" style=\"--aspect-ratio-image: 2.22; \"\/><\/p>\n<p>        Vil arrangere ski-VM hvert \u00e5r<\/p>\n<p>    <\/a><\/p>\n<p>&#8211; Jeg er redd for at det svekker produktet til ski-VM. Vi ser sk\u00f8yter og skiskyting, det g\u00e5r nesten i ett. Det er vanskelig \u00e5 skille mesterskap.<\/p>\n<p>Tr\u00f8nderen sier at tanken om julaften hver dag h\u00f8res artig ut, men at det p\u00e5 sikt ikke blir det store.<\/p>\n<p>&#8211; Mange i Norge husker \u00f8yeblikk fra ski-VM. Det skjer ikke ofte og er stort n\u00e5r det skjer og man kan ha forventninger. Jeg pr\u00f8vde det samme med skiskyting og slet med \u00e5 finne like store \u00f8yeblikk og minner.<\/p>\n<p>    Kalender framover, nordiske grener<\/p>\n<p>2027: VM i Falun<\/p>\n<p>2028: Siste (trolige) mesterskapsfrie \u00e5r<\/p>\n<p>2029: VM i Lahti<\/p>\n<p>2030: OL i de franske alper<\/p>\n<p>2031: VM i Oberstdorf<\/p>\n<p>2032: VM<\/p>\n<p>2033: VM<\/p>\n<p>2034: OL i Utah<\/p>\n<p>      Vis mer<br \/>\n      Vis mindre<\/p>\n<p>Han fortsetter:<\/p>\n<p>&#8211; Det har v\u00e6rt mye fokus p\u00e5 Fifa og de har f\u00e5tt rettmessig kritikk, men de skal ha for at de har vernet om sitt VM. Det som skjedde i sommer med den euforien vi s\u00e5, det hadde ikke skjedd med VM hvert \u00e5r.<\/p>\n<p>Usikker Kl\u00e6bo\t<\/p>\n<p>Langrennskonge Johannes H\u00f8sflot Kl\u00e6bo er skeptisk.<\/p>\n<p>&#8211; Et VM skal v\u00e6re sjeldent nok til \u00e5 bety noe. Jeg er ikke overbevist om at skiskyting gj\u00f8r det riktig med \u00e5rlig VM. Det kan redusere verdien av verdensmesterskapet, sier Kl\u00e6bo til\u00a0<a href=\"https:\/\/www.nrk.no\/sport\/vm-beskjed_-skal-arrangere-mesterskap-hvert-eneste-ar-1.18013272\" rel=\"nofollow noopener\" target=\"_blank\">NRK.<\/a> <\/p>\n<p>&#8211; Jeg liker jo at det tenkes nytt, og normalt sett heier jeg p\u00e5 endringer. Likevel er min f\u00f8rste tanke at jeg er skeptisk til et \u00e5rlig VM, sier skikongen.<\/p>\n<p>        <img loading=\"lazy\" decoding=\"async\" src=\"https:\/\/www.europesays.com\/no\/wp-content\/uploads\/2026\/09\/83727061.webp\" width=\"686\" height=\"460\" alt=\"\" class=\"\" style=\"--aspect-ratio-image: 1.49; \"\/><\/p>\n<p>\n        VM-KONGE: I 2025 vant Johannes H\u00f8sflot Kl\u00e6bo seks av seks mulige gullmedaljer i Trondheim. Her fra femmila. Foto: Bj\u00f8rn Langsem \/ Dagbladet\n    <\/p>\n<p>&#8211; Norden mot resten av verden\t<\/p>\n<p>Nevnte L\u00f8faldli frykter for hvordan dette vil p\u00e5virke verdenscup og Tour de Ski. Det samme gj\u00f8r NRK-ekspert Torgeir Bj\u00f8rn, men han er positiv til innf\u00f8ringen fra FIS.<\/p>\n<p>&#8211;\u00a0Jeg tror det er riktig vei \u00e5 g\u00e5. Det er s\u00e6rlig med tanke p\u00e5 det internasjonale bildet. I Norge, Sverige og Finland klarer vi oss uten mesterskap, men ute i resten av Europa trenger man et VM eller OL for \u00e5 holde interessen oppe, sier Bj\u00f8rn til Dagbladet.<\/p>\n<p>        <img loading=\"lazy\" decoding=\"async\" itemprop=\"image\" src=\"https:\/\/www.europesays.com\/no\/wp-content\/uploads\/2026\/09\/82798525.webp\" width=\"180\" height=\"180\" alt=\"\"\/><\/p>\n<p>                    Torgeir Bj\u00f8rn<br \/>\n                        Torgeir<br \/>\n                        Bj\u00f8rn<\/p>\n<p>NRK-ekspert<\/p>\n<p>&#8211; Norden mot resten av verden. Norden trenger ikke mesterskap, men resten av verden trenger det.<\/p>\n<p> &#8211; Utvannes det ikke med VM hvert \u00e5r?<\/p>\n<p>&#8211; Dilemmaet er selvf\u00f8lgelig om det blir inflasjon med hyppigere avholdte mesterskap. Men for land i Mellom-Europa er ikke verdenscup stort nok i seg selv. Da er det VM som kan skape medieinteresse og v\u00e6re kommersiell gunstig. Dermed \u00f8ker det skisportens utbredelse i en del land. <\/p>\n<p>        TRONDHEIM: Johannes H\u00f8sflot Kl\u00e6bo sang med p\u00e5 \u00abDet g\u00e5r likar no\u00bb av DDE p\u00e5 scenen foran folkehavet sammen med Nicolay Ramm. Video: Kristoffer L\u00f8k\u00e5s<\/p>\n<p>Bj\u00f8rn p\u00e5peker at nyheten er bra for kombinertut\u00f8verne som ikke er en del av OL-programmet lenger.<\/p>\n<p>FIS har sagt at de ser p\u00e5 en mulighet for VM allerede i 2028 &#8211; \u00e5ret etter det planlagte mesterskapet i Falun.<\/p>\n<p>&#8211; Jeg er redd for at skipublikummet blir mette p\u00e5 mesterskap, sier L\u00f8faldli i Adressa.<\/p>\n<p>    <a itemprop=\"url\" href=\"https:\/\/www.dagbladet.no\/sport\/frister-putin\/85107114\" rel=\"nofollow noopener\" target=\"_blank\"><\/p>\n<p>        <img loading=\"lazy\" decoding=\"async\" src=\"https:\/\/www.europesays.com\/no\/wp-content\/uploads\/2026\/09\/85107615.webp\" width=\"147\" height=\"98\" alt=\"\" class=\"lazyload\" style=\"--aspect-ratio-image: 1.50; \"\/><\/p>\n<p>        Frister Putin<\/p>\n<p>    <\/a><\/p>\n<p>Positive eksperter\t<\/p>\n<p>Svenske Teodor Peterson i Viaplay er positiv:<\/p>\n<p>&#8211; Det er positivt for ut\u00f8verne \u00e5 f\u00e5 flere sjanser til \u00e5 vinne mesterskapsmedaljer. Jeg tror ikke verdien av en VM-medalje blir mindre p\u00e5 grunn av det blir flere VM. Utfordringen blir \u00e5 gj\u00f8re verdenscupen mer interessant, sier ekspert Peterson if\u00f8lge <a href=\"https:\/\/www.expressen.se\/sport\/langdskidor\/skid-vm-gors-om-tar-efter-skidskyttet\/\" rel=\"nofollow noopener\" target=\"_blank\">Expressen.<\/a><\/p>\n<p>NRK-ekspert Fredrik Aukland sier ogs\u00e5 til <a href=\"https:\/\/www.nrk.no\/sport\/vm-beskjed_-skal-arrangere-mesterskap-hvert-eneste-ar-1.18013272\" rel=\"nofollow noopener\" target=\"_blank\">egen kanal<\/a> at han tror langrenn vil merke en positiv effekt.<\/p>\n","protected":false},"excerpt":{"rendered":"Det er blandede reaksjoner rundt at det skal arrangeres ski-VM hvert \u00e5r. FOLKEHAV: Vanvittig med folk da det&hellip;\n","protected":false},"author":2,"featured_media":343994,"comment_status":"","ping_status":"","sticky":false,"template":"","format":"standard","meta":{"footnotes":"","_share_on_mastodon":"0"},"categories":[59],"tags":[398,30,28,29,356,83,82],"class_list":["post-343993","post","type-post","status-publish","format-standard","has-post-thumbnail","category-sport","tag-langrenn","tag-no","tag-norge","tag-norway","tag-ski-vm","tag-sport","tag-sports"],"share_on_mastodon":{"url":"https:\/\/pubeurope.com\/@no\/117212849466503780","error":""},"_links":{"self":[{"href":"https:\/\/www.europesays.com\/no\/wp-json\/wp\/v2\/posts\/343993","targetHints":{"allow":["GET"]}}],"collection":[{"href":"https:\/\/www.europesays.com\/no\/wp-json\/wp\/v2\/posts"}],"about":[{"href":"https:\/\/www.europesays.com\/no\/wp-json\/wp\/v2\/types\/post"}],"author":[{"embeddable":true,"href":"https:\/\/www.europesays.com\/no\/wp-json\/wp\/v2\/users\/2"}],"replies":[{"embeddable":true,"href":"https:\/\/www.europesays.com\/no\/wp-json\/wp\/v2\/comments?post=343993"}],"version-history":[{"count":0,"href":"https:\/\/www.europesays.com\/no\/wp-json\/wp\/v2\/posts\/343993\/revisions"}],"wp:featuredmedia":[{"embeddable":true,"href":"https:\/\/www.europesays.com\/no\/wp-json\/wp\/v2\/media\/343994"}],"wp:attachment":[{"href":"https:\/\/www.europesays.com\/no\/wp-json\/wp\/v2\/media?parent=343993"}],"wp:term":[{"taxonomy":"category","embeddable":true,"href":"https:\/\/www.europesays.com\/no\/wp-json\/wp\/v2\/categories?post=343993"},{"taxonomy":"post_tag","embeddable":true,"href":"https:\/\/www.europesays.com\/no\/wp-json\/wp\/v2\/tags?post=343993"}],"curies":[{"name":"wp","href":"https:\/\/api.w.org\/{rel}","templated":true}]}}