{"id":344005,"date":"2026-09-04T12:59:12","date_gmt":"2026-09-04T12:59:12","guid":{"rendered":"https:\/\/www.europesays.com\/no\/344005\/"},"modified":"2026-09-04T12:59:12","modified_gmt":"2026-09-04T12:59:12","slug":"final-fantasy-vii-revelation-krever-en-digital-nedlasting-for-alle-fysiske-utgaver","status":"publish","type":"post","link":"https:\/\/www.europesays.com\/no\/344005\/","title":{"rendered":"Final Fantasy VII: Revelation krever en digital nedlasting for alle fysiske utgaver"},"content":{"rendered":"<p>Under Sonys arrangementer i g\u00e5r <a href=\"https:\/\/www.gamereactor.no\/final-fantasy-vii-revelation-det-er-bekreftet-at-spillet-lanseres-8-april-2138783\/\" title=\"Final Fantasy VII: Revelation Det er bekreftet at spillet lanseres 8. april\" rel=\"nofollow noopener\" target=\"_blank\">fikk vi vite<\/a> n\u00e5r \u00ab Final Fantasy VII: Revelation skal lanseres p\u00e5 PC, PlayStation 5, Switch 2 og Xbox Series S\/X. Og for de som \u00f8nsker \u00e5 stille spillet frem i bokhyllen, vil det ogs\u00e5 v\u00e6re tilgjengelige fysiske utgaver for konsollene.<\/p>\n<p>Men\u2026 det er en hake. De fysiske eksemplarene vil ikke v\u00e6re spesielt fysiske. For Switch 2 vil spillet leveres p\u00e5 et spilln\u00f8kkelkort, noe som, som vanlig, betyr at du m\u00e5 laste ned spillet. Og <a href=\"https:\/\/www.square-enix-games.com\/en_US\/news\/final-fantasy-vii-revelation-launches-april-8-2027\" target=\"_blank\" rel=\"nofollow noopener\">Square Enix presiserer<\/a> at selv de som kj\u00f8per platen til PlayStation 5 eller Xbox Series S\/X, vil befinne seg i nesten samme situasjon:<\/p>\n<p>\u00abDet kreves en internettforbindelse for \u00e5 laste ned tilleggsdata for \u00e5 kunne spille den fysiske versjonen av spillet.\u00bb<\/p>\n<p>Kort sagt: Hvis du vil spille det om ti eller tjue \u00e5r og st\u00f8ver av platen din, men oppdager at serverne er stengt ned, har du uflaks \u2013 med mindre du allerede har lastet ned spillet. En l\u00f8sning vi mistenker at ikke alle vil v\u00e6re helt forn\u00f8yde med.<\/p>\n<blockquote class=\"bluesky-embed\" data-bluesky-uri=\"at:\/\/did:plc:knj5sw5al3sukl6vhkpi7637\/app.bsky.feed.post\/3mumvg64lws2b\" data-bluesky-cid=\"bafyreiannhgmu2jknfwv7qqpa2ortzlym5ltrxc2kbacnnvdg5daar2aqy\"\/><p><img loading=\"lazy\" decoding=\"async\" id=\"img-2139023-4975973\" data-fullsize=\"\/media\/59\/_4975973b.jpg\" data-lazy=\"\" src=\"https:\/\/www.gamereactor.nohttps:\/\/www.gamereactor.no\/media\/59\/_4975973_650x.jpg\" width=\"650\" onclick=\"if (!window.__cfRLUnblockHandlers) return false; gallery_openmodal('2139023','4975973',false,'aa3f1b9374b921839be33e33cf44f4cd');\" height=\"366\" alt=\"Final Fantasy VII: Revelation\" class=\"rwd_col_content lazy\" data-cf-modified-2e76803aa676783fbb42bd00-=\"\"\/><\/p>\n","protected":false},"excerpt":{"rendered":"Under Sonys arrangementer i g\u00e5r fikk vi vite n\u00e5r \u00ab Final Fantasy VII: Revelation skal lanseres p\u00e5 PC,&hellip;\n","protected":false},"author":2,"featured_media":344006,"comment_status":"","ping_status":"","sticky":false,"template":"","format":"standard","meta":{"footnotes":"","_share_on_mastodon":"0"},"categories":[57],"tags":[30,28,29,65,63,64,66,70,69,67,68],"class_list":["post-344005","post","type-post","status-publish","format-standard","has-post-thumbnail","category-vitenskap-og-teknologi","tag-no","tag-norge","tag-norway","tag-science","tag-science-and-technology","tag-scienceandtechnology","tag-technology","tag-teknologi","tag-vitenskap","tag-vitenskap-og-teknologi","tag-vitenskapteknologi"],"share_on_mastodon":{"url":"https:\/\/pubeurope.com\/@no\/117212897175056266","error":""},"_links":{"self":[{"href":"https:\/\/www.europesays.com\/no\/wp-json\/wp\/v2\/posts\/344005","targetHints":{"allow":["GET"]}}],"collection":[{"href":"https:\/\/www.europesays.com\/no\/wp-json\/wp\/v2\/posts"}],"about":[{"href":"https:\/\/www.europesays.com\/no\/wp-json\/wp\/v2\/types\/post"}],"author":[{"embeddable":true,"href":"https:\/\/www.europesays.com\/no\/wp-json\/wp\/v2\/users\/2"}],"replies":[{"embeddable":true,"href":"https:\/\/www.europesays.com\/no\/wp-json\/wp\/v2\/comments?post=344005"}],"version-history":[{"count":0,"href":"https:\/\/www.europesays.com\/no\/wp-json\/wp\/v2\/posts\/344005\/revisions"}],"wp:featuredmedia":[{"embeddable":true,"href":"https:\/\/www.europesays.com\/no\/wp-json\/wp\/v2\/media\/344006"}],"wp:attachment":[{"href":"https:\/\/www.europesays.com\/no\/wp-json\/wp\/v2\/media?parent=344005"}],"wp:term":[{"taxonomy":"category","embeddable":true,"href":"https:\/\/www.europesays.com\/no\/wp-json\/wp\/v2\/categories?post=344005"},{"taxonomy":"post_tag","embeddable":true,"href":"https:\/\/www.europesays.com\/no\/wp-json\/wp\/v2\/tags?post=344005"}],"curies":[{"name":"wp","href":"https:\/\/api.w.org\/{rel}","templated":true}]}}