{"id":344009,"date":"2026-09-04T13:02:16","date_gmt":"2026-09-04T13:02:16","guid":{"rendered":"https:\/\/www.europesays.com\/no\/344009\/"},"modified":"2026-09-04T13:02:16","modified_gmt":"2026-09-04T13:02:16","slug":"kong-harald-ikke-fotografert-i-apen-kiste-bekrefter-slottet","status":"publish","type":"post","link":"https:\/\/www.europesays.com\/no\/344009\/","title":{"rendered":"Kong Harald: Ikke fotografert i \u00e5pen kiste, bekrefter Slottet"},"content":{"rendered":"<p class=\"kicker \" style=\"\">OBS: Artikkelen inneholder bilde av d\u00f8de kongelige<\/p>\n<p class=\"subtitle \" style=\"\">Historisk sett har avd\u00f8de kongelige i Norge blitt fotografert etter sin d\u00f8d. Kong Harald er ikke blitt det, opplyser Slottet til Dagbladet.<\/p>\n<p>\n    FARVEL: Kong Harald er d\u00f8de fredag for ei uke siden, 89 \u00e5r gammel. Her vinker han til framm\u00f8tte fra Slottsbalkongen under gardens dag i august 2024. Foto: Lars Eivind Bones \/ Dagbladet\n  <\/p>\n<p>For ei uke siden d\u00f8de kong Harald (89) p\u00e5 Rikshospitalet i Oslo. I tida etter har et bredt spekter av kongelige tradisjoner blitt gjennomf\u00f8rt.\u00a0<\/p>\n<p class=\"font-weight-bold m-font-weight-bold\" data-lab-font_weight=\"font-weight-bold\">N\u00e5, bare noen dager f\u00f8r kongen skal stedes til endelige hvile <a href=\"https:\/\/borsen.dagbladet.no\/nyheter\/sarkofagen-er-klar\/85101199\" rel=\"nofollow noopener\" target=\"_blank\">i en sarkofag p\u00e5 Det kongelige mausoleet<\/a>, lar \u00e9n tradisjon fremdeles vente p\u00e5 seg.\u00a0<\/p>\n<p>For ved tidligere kongelige d\u00f8dsfall i Norge, har medlemmer av kongefamilien tradisjonelt blitt fotografert etter deres d\u00f8d.\u00a0<\/p>\n<p>Det skjedde b\u00e5de da kronprinsesse M\u00e4rtha (53), kong Haakon VII (85) og kong Olav V (87) hadde g\u00e5tt bort i henholdsvis 1954, 1957 og\u00a01991.\u00a0<\/p>\n<p>        <img loading=\"lazy\" decoding=\"async\" src=\"https:\/\/www.europesays.com\/no\/wp-content\/uploads\/2026\/09\/85111055.webp\" width=\"688\" height=\"393\" alt=\"\" class=\"\" style=\"--aspect-ratio-image: 1.75; \"\/><\/p>\n<p>\n        LANG FOTOTRADISJON: Avd\u00f8de kong Olav p\u00e5 s\u00e5kalt lit de parade p\u00e5 Slottet i 1991. Han d\u00f8de torsdag 17. januar det \u00e5ret, 87 \u00e5r gammel. Foto: Bj\u00f8rn-Owe Holmberg \/ NTB\n    <\/p>\n<p class=\"font-weight-bold m-font-weight-bold\" data-lab-font_weight=\"font-weight-bold\">Slik blir det ikke med kong Harald, f\u00e5r Dagbladet opplyst av Slottet.\u00a0<\/p>\n<p class=\"font-weight-normal m-font-weight-normal\" data-lab-font_weight=\"font-weight-normal\">&#8211;\u00a0Det er ikke tatt noen bilder av kong Haralds kiste mens den har v\u00e6rt \u00e5pen, skriver pressekontakt Sara\u00a0Svanemyr ved Slottet i en e-post til Dagbladet.<\/p>\n<p>    <a itemprop=\"url\" href=\"https:\/\/www.dagbladet.no\/kjendis\/slik-blir-kong-haralds-gravferd\/85107778\" rel=\"nofollow noopener\" target=\"_blank\"><\/p>\n<p>        <img loading=\"lazy\" decoding=\"async\" src=\"https:\/\/www.europesays.com\/no\/wp-content\/uploads\/2026\/09\/85107796.webp\" width=\"180\" height=\"81\" alt=\"\" class=\"lazyload\" style=\"--aspect-ratio-image: 2.22; \"\/><\/p>\n<p>        Slik blir kong Haralds gravferd<\/p>\n<p>    <\/a><\/p>\n<p>Ikke blitt spurt\t<\/p>\n<p>Det er vanligvis bildebyr\u00e5et NTB som har f\u00e5tt det tradisjonelle fotooppdraget. Den invitasjonen kom ikke etter kong Haralds d\u00f8d, skrev\u00a0<a href=\"https:\/\/www.m24.no\/christina-dorthellinger-nygaard-det-kongelige-slott-kong-harald\/ntb-tok-historiske-bilder-av-kong-haakon-og-kong-olav-na-har-de-ikke-blitt-spurt\/947003\" rel=\"nofollow noopener\" target=\"_blank\">Medier24<\/a>\u00a0fredag formiddag.\u00a0<\/p>\n<p class=\"font-weight-bold m-font-weight-bold\" data-lab-font_weight=\"font-weight-bold\">&#8211; Hadde vi blitt spurt, hadde vi gjort det, sier NTBs nyhetsredakt\u00f8r Christina Dorthellinger Nygaard til Medier24, og fortsetter:<\/p>\n<p>&#8211; Samtidig er det viktig \u00e5 p\u00e5peke at vi som presse har f\u00e5tt enormt mange tilganger i dette tronskiftet. NRK fikk for f\u00f8rste gang levende bilder av at kongen ble fraktet p\u00e5 katafalk gjennom salene, og vi har f\u00e5tt langt flere tilganger og rom denne gangen enn tidligere.<\/p>\n<p>Dagbladet har stilt flere sp\u00f8rsm\u00e5l til Slottet, deriblant:\u00a0<\/p>\n<ul>\n<li>\n<p>Hvorfor\u00a0er ikke\u00a0NTB spurt, slik de\u00a0er blitt\u00a0ved tidligere konged\u00f8dsfall?<\/p>\n<\/li>\n<li>\n<p>Hvem\u00a0har eventuelt tatt bildene av avd\u00f8de kong Harald?<\/p>\n<\/li>\n<li>\n<p>Er det endret policy for dokumentasjon av avd\u00f8de konger?<\/p>\n<\/li>\n<\/ul>\n<p>Disse er forel\u00f8pig ikke blitt besvart.\u00a0<\/p>\n<p>        <img loading=\"lazy\" decoding=\"async\" src=\"https:\/\/www.europesays.com\/no\/wp-content\/uploads\/2026\/09\/85110130.webp\" width=\"686\" height=\"975\" alt=\"\" class=\"\" style=\"--aspect-ratio-image: 0.70; \"\/><\/p>\n<p>\n        POST MORTEM: Slik s\u00e5 Dagbladets forside ut 19. januar 1991, to dager etter kong Olavs d\u00f8d.\n    <\/p>\n<p>&#8211; Synliggj\u00f8re rett person\t<\/p>\n<p>I et eldre intervju med <a href=\"https:\/\/www.vg.no\/nyheter\/i\/yvM132\/det-siste-bildet\" rel=\"nofollow noopener\" target=\"_blank\">VG<\/a> har Sven Gjeruldsen, som var assisterende kommunikasjonssjef ved Slottet og arbeidet tett p\u00e5 de kongelige i 25 \u00e5r, forklart at fototradisjonen har lange r\u00f8tter i Norge.<\/p>\n<p>De d\u00f8de ble fotografert s\u00e5 raskt som mulig, enten samme dag eller like etter.\u00a0<\/p>\n<p>    <a itemprop=\"url\" href=\"https:\/\/www.dagbladet.no\/kongelig\/tok-farvel-med-lillebror\/85105579\" rel=\"nofollow noopener\" target=\"_blank\"><\/p>\n<p>        <img loading=\"lazy\" decoding=\"async\" src=\"https:\/\/www.europesays.com\/no\/wp-content\/uploads\/2026\/09\/1788526936_299_85105532.webp\" width=\"180\" height=\"81\" alt=\"\" class=\"lazyload\" style=\"--aspect-ratio-image: 2.22; \"\/><\/p>\n<p>        Tok farvel med lillebror<\/p>\n<p>    <\/a><\/p>\n<p class=\"font-weight-bold m-font-weight-bold\" data-lab-font_weight=\"font-weight-bold\">Ogs\u00e5 kong Olavs far, Haakon, ble fotografert post mortem. Det samme ble Oscar II, farfar til kronprinsesse M\u00e4rtha og grandonkel til kong Haakon, if\u00f8lge avisa. \u00a0<\/p>\n<p>&#8211; Det er en gammel tradisjon i Europa at monarker blir fotografert etter \u00e5 ha avg\u00e5tt ved d\u00f8den. F\u00f8r fotografiets tid ble dette ofte gjengitt i maleri eller tegningsform. Bakgrunnen skal v\u00e6re at man p\u00e5 den m\u00e5ten synliggjorde at det var rett person som var g\u00e5tt bort. Tilsvarende ble gjort i Norge da kong Haakon og kong Olav gikk bort henholdsvis i 1957 og 1991, sa Gjeruldsen i 2013.\u00a0<\/p>\n","protected":false},"excerpt":{"rendered":"OBS: Artikkelen inneholder bilde av d\u00f8de kongelige Historisk sett har avd\u00f8de kongelige i Norge blitt fotografert etter sin&hellip;\n","protected":false},"author":2,"featured_media":344010,"comment_status":"","ping_status":"","sticky":false,"template":"","format":"standard","meta":{"footnotes":"","_share_on_mastodon":"0"},"categories":[10],"tags":[20,21,24,25,4361,15,2539,26069,10089,76,22,23,26375,13,30,28,29,14,16,26,27],"class_list":["post-344009","post","type-post","status-publish","format-standard","has-post-thumbnail","category-norge","tag-breaking-news","tag-breakingnews","tag-featured-news","tag-featurednews","tag-fotografi","tag-headlines","tag-innenriks","tag-kong-harald-dod","tag-kong-olav","tag-kongelig","tag-latest-news","tag-latestnews","tag-likskue","tag-news","tag-no","tag-norge","tag-norway","tag-nyheter","tag-overskrifter","tag-top-stories","tag-topstories"],"share_on_mastodon":{"url":"https:\/\/pubeurope.com\/@no\/117212909219081169","error":""},"_links":{"self":[{"href":"https:\/\/www.europesays.com\/no\/wp-json\/wp\/v2\/posts\/344009","targetHints":{"allow":["GET"]}}],"collection":[{"href":"https:\/\/www.europesays.com\/no\/wp-json\/wp\/v2\/posts"}],"about":[{"href":"https:\/\/www.europesays.com\/no\/wp-json\/wp\/v2\/types\/post"}],"author":[{"embeddable":true,"href":"https:\/\/www.europesays.com\/no\/wp-json\/wp\/v2\/users\/2"}],"replies":[{"embeddable":true,"href":"https:\/\/www.europesays.com\/no\/wp-json\/wp\/v2\/comments?post=344009"}],"version-history":[{"count":0,"href":"https:\/\/www.europesays.com\/no\/wp-json\/wp\/v2\/posts\/344009\/revisions"}],"wp:featuredmedia":[{"embeddable":true,"href":"https:\/\/www.europesays.com\/no\/wp-json\/wp\/v2\/media\/344010"}],"wp:attachment":[{"href":"https:\/\/www.europesays.com\/no\/wp-json\/wp\/v2\/media?parent=344009"}],"wp:term":[{"taxonomy":"category","embeddable":true,"href":"https:\/\/www.europesays.com\/no\/wp-json\/wp\/v2\/categories?post=344009"},{"taxonomy":"post_tag","embeddable":true,"href":"https:\/\/www.europesays.com\/no\/wp-json\/wp\/v2\/tags?post=344009"}],"curies":[{"name":"wp","href":"https:\/\/api.w.org\/{rel}","templated":true}]}}