{"id":344017,"date":"2026-09-04T13:10:24","date_gmt":"2026-09-04T13:10:24","guid":{"rendered":"https:\/\/www.europesays.com\/no\/344017\/"},"modified":"2026-09-04T13:10:24","modified_gmt":"2026-09-04T13:10:24","slug":"eu-gir-200-millioner-euro-til-gronland","status":"publish","type":"post","link":"https:\/\/www.europesays.com\/no\/344017\/","title":{"rendered":"EU gir 200 millioner euro til Gr\u00f8nland"},"content":{"rendered":"<p class=\"kicker text-red color_mobile_text-red hasTextColor hasTextColorMobile\" style=\"\">Financial Times:<\/p>\n<p class=\"subtitle \" style=\"\">EU-kommisjonens leder Ursula von der Leyen ventes \u00e5 kunngj\u00f8re en finansieringspakke p\u00e5 200 millioner euro til Gr\u00f8nland under sitt bes\u00f8k i helgen.<\/p>\n<p>\n    If\u00f8lge Financial Times kommer EU-kommisjonens leder Ursula von der Leyen til \u00e5 kunngj\u00f8re en finansieringspakke p\u00e5 200 millioner euro til Gr\u00f8nland et bes\u00f8k til Nuuk i helgen. Foto: Evgeniy Maloletka \/ AP \/ NTB\n  <\/p>\n<p>Von der Leyen skal kunngj\u00f8re finansieringspakken for 2026 og 2027 under bes\u00f8ket s\u00f8ndag, skriver\u00a0<a href=\"https:\/\/www.ft.com\/content\/f8b57972-05a0-4566-9f3c-92b9558b33b0?syn-25a6b1a6=1\" target=\"_blank\" rel=\"nofollow noopener\">Financial Times<\/a>\u00a0, som viser til to kilder som har blitt informert om turen.<\/p>\n<p>Pengene skal investeres i kritiske r\u00e5materialer, fornybar energi, undersj\u00f8iske kabler, satellittforbindelser og datasentre, if\u00f8lge de to tjenestemennene.<\/p>\n<p>En del av midlene skal ogs\u00e5 g\u00e5 til den gr\u00f8nlandske regjeringen for \u00e5 forbedre administrasjonen.<\/p>\n<p>Pengene kommer i tillegg til eksisterende 225 millioner euro som allerede er tildelt Gr\u00f8nland fra det europeiske fellesbudsjettet for 2021 til 2027.<\/p>\n<p>If\u00f8lge avisen skal von der Leyen ogs\u00e5 undertegne en erkl\u00e6ring som tar sikte p\u00e5 \u00e5 styrke de \u00f8konomiske b\u00e5ndene mellom EU og den arktiske \u00f8ya.<\/p>\n","protected":false},"excerpt":{"rendered":"Financial Times: EU-kommisjonens leder Ursula von der Leyen ventes \u00e5 kunngj\u00f8re en finansieringspakke p\u00e5 200 millioner euro til&hellip;\n","protected":false},"author":2,"featured_media":344018,"comment_status":"","ping_status":"","sticky":false,"template":"","format":"standard","meta":{"footnotes":"","_share_on_mastodon":"0"},"categories":[12],"tags":[20,21,279,24,25,2112,15,22,23,13,30,28,29,14,16,572,26,27,42,43,44,45],"class_list":["post-344017","post","type-post","status-publish","format-standard","has-post-thumbnail","category-verden","tag-breaking-news","tag-breakingnews","tag-eu","tag-featured-news","tag-featurednews","tag-gronland","tag-headlines","tag-latest-news","tag-latestnews","tag-news","tag-no","tag-norge","tag-norway","tag-nyheter","tag-overskrifter","tag-okonomi","tag-top-stories","tag-topstories","tag-verden","tag-world","tag-world-news","tag-worldnews"],"share_on_mastodon":{"url":"https:\/\/pubeurope.com\/@no\/117212939875290886","error":""},"_links":{"self":[{"href":"https:\/\/www.europesays.com\/no\/wp-json\/wp\/v2\/posts\/344017","targetHints":{"allow":["GET"]}}],"collection":[{"href":"https:\/\/www.europesays.com\/no\/wp-json\/wp\/v2\/posts"}],"about":[{"href":"https:\/\/www.europesays.com\/no\/wp-json\/wp\/v2\/types\/post"}],"author":[{"embeddable":true,"href":"https:\/\/www.europesays.com\/no\/wp-json\/wp\/v2\/users\/2"}],"replies":[{"embeddable":true,"href":"https:\/\/www.europesays.com\/no\/wp-json\/wp\/v2\/comments?post=344017"}],"version-history":[{"count":0,"href":"https:\/\/www.europesays.com\/no\/wp-json\/wp\/v2\/posts\/344017\/revisions"}],"wp:featuredmedia":[{"embeddable":true,"href":"https:\/\/www.europesays.com\/no\/wp-json\/wp\/v2\/media\/344018"}],"wp:attachment":[{"href":"https:\/\/www.europesays.com\/no\/wp-json\/wp\/v2\/media?parent=344017"}],"wp:term":[{"taxonomy":"category","embeddable":true,"href":"https:\/\/www.europesays.com\/no\/wp-json\/wp\/v2\/categories?post=344017"},{"taxonomy":"post_tag","embeddable":true,"href":"https:\/\/www.europesays.com\/no\/wp-json\/wp\/v2\/tags?post=344017"}],"curies":[{"name":"wp","href":"https:\/\/api.w.org\/{rel}","templated":true}]}}