{"id":344041,"date":"2026-09-04T13:39:21","date_gmt":"2026-09-04T13:39:21","guid":{"rendered":"https:\/\/www.europesays.com\/no\/344041\/"},"modified":"2026-09-04T13:39:21","modified_gmt":"2026-09-04T13:39:21","slug":"mesternes-mester-tilbake-drama-skader-og-hemmelige-kontrakter-bak-nrk-suksessen","status":"publish","type":"post","link":"https:\/\/www.europesays.com\/no\/344041\/","title":{"rendered":"Mesternes mester tilbake: Drama, skader og hemmelige kontrakter bak NRK-suksessen"},"content":{"rendered":"<p class=\"kicker \" style=\"\">\u00abMesternes mester\u00bb tilbake med ny vri<\/p>\n<p class=\"subtitle font-weight-normal m-font-weight-normal\" style=\"\">Det popul\u00e6re NRK-programmet har bydd p\u00e5 h\u00f8ye topper og dype daler. N\u00e5 er suksessen tilbake &#8211; i ny drakt.<\/p>\n<p>\n    LAGKAMP: Programleder Aksel Lund Svindal (43) kan n\u00e5 presentere en helt ny vri p\u00e5 seersukssen \u00abMesternes mester team\u00bb. Her st\u00e5r han foran de seks makkerparene. Hvitt lag: Kjersti Grini (54) og Steffen Iversen (49). Bl\u00e5tt lag: Liv Grete Skjelbreid (52) og Emil Hegle Svendsen (41). R\u00f8dt lag: Solveig Gulbrandsen (45) og Marco Elsafadi (49). Turkis lag: Helene Spilling (30) og Stig-Andr\u00e9 Berge (43). Gult lag: Astrid L\u00f8demel (54) og Frode Grod\u00e5s (61). Oransje lag: Johanne Killi (28) og Emil Lybekk (33). Foto: NRK\n  <\/p>\n<p>Programmet har opplevd enorm suksess, men ogs\u00e5 stygge skader, ekle ulykker &#8211; og skandaler. Siden 2009 har Norges st\u00f8rste idrettshelter kjempet mot hverandre i \u00abMesternes mester\u00bb.\u00a0<\/p>\n<p>N\u00e5 er NRK-suksessen tilbake &#8211; en uke forsinket p\u00e5 grunn av kong Haralds bortgang forrige fredag.<\/p>\n<p>I \u00e5r er dessuten konseptet snudd p\u00e5 hodet \u2013 for f\u00f8rste gang skal nemlig ingen kjempe alene. I \u00abMesternes mester team\u00bb vender tolv tidligere deltakere tilbake \u2013 denne gangen i seks makkerpar.<\/p>\n<p>        <img loading=\"lazy\" decoding=\"async\" src=\"https:\/\/www.europesays.com\/no\/wp-content\/uploads\/2026\/09\/85034681.webp\" width=\"667\" height=\"574\" alt=\"\" class=\"\" style=\"--aspect-ratio-image: 1.16; \"\/><\/p>\n<p>\n        STYGG SYKKElVELT: Odd S\u00f8rli (71) landet p\u00e5 hodet og skulderen under \u00abMesternes mester\u00bb og m\u00e5tte gi seg. Skadene ga ham smerter i to \u00e5r. Foto: Erlend Haugen\n    <\/p>\n<p>Opp gjennom \u00e5rene har familieprogrammet rommet langt mer enn prestasjoner, t\u00e5rer og varme vennskap.<\/p>\n<p class=\"font-weight-bold m-font-weight-bold\" data-lab-font_weight=\"font-weight-bold\">Det har v\u00e6rt politianmeldelse, konflikter, skader, alkoholbr\u00e5k, hemmelige kontrakter og branndrama \u2013 som n\u00f8dvendigvis ikke har n\u00e5dd offentligheten.<\/p>\n<p>        <img loading=\"lazy\" decoding=\"async\" src=\"https:\/\/www.europesays.com\/no\/wp-content\/uploads\/2026\/09\/85034691.webp\" width=\"686\" height=\"1029\" alt=\"\" class=\"\" style=\"--aspect-ratio-image: 0.67; \"\/><\/p>\n<p>\n        VONDT: Tidligere landslagsspiller Erik Sol\u00e9r (66) p\u00e5dro seg brist i ribbeina under \u00abMesternes mester\u00bb-innspillingen, men fortsatte konkurransen. Foto: Erlend Haugen\n    <\/p>\n<p>I en av sesongene oppsto det en alvorlig konflikt mellom deltagerne der en av dem gikk til politiet med grove p\u00e5stander om hendelser som skal ha skjedd under oppholdet.<\/p>\n<p>        <img loading=\"lazy\" decoding=\"async\" src=\"https:\/\/www.europesays.com\/no\/wp-content\/uploads\/2026\/09\/85034713.webp\" width=\"667\" height=\"507\" alt=\"\" class=\"\" style=\"--aspect-ratio-image: 1.32; \"\/><\/p>\n<p>\n        STERKT \u00d8YEBLIKK: Ole \u00abLukk\u00f8ye\u00bb Klemetsen fikk under den aller f\u00f8rste \u00abMesternes mester\u00bb-innspillingen beskjed om at faren John var d\u00f8d. Han trakk seg fra konkurransen og reiste hjem. Foto: NRK\n    <\/p>\n<p>Se og H\u00f8r har valgt \u00e5 anonymisere de involverte. Anmeldelsen gjaldt forhold utenfor selve konkurransene, og saken skapte betydelig uro i kj\u00f8lvannet av innspillingen.<\/p>\n<p>P\u00e5standene var alvorlige, men politiet henla saken og ingen ble d\u00f8mt eller straffet. <\/p>\n<p>        <img loading=\"lazy\" decoding=\"async\" src=\"https:\/\/www.europesays.com\/no\/wp-content\/uploads\/2026\/09\/85034722.webp\" width=\"667\" height=\"587\" alt=\"\" class=\"\" style=\"--aspect-ratio-image: 1.14; \"\/><\/p>\n<p>\n        SKADET H\u00c5NDEN: Genette V\u00e5ge (29) skadet h\u00e5nden under nattesten i \u00abMesternes mester\u00bb i 2021 og m\u00e5tte rett p\u00e5 sykehus. Hun gikk med skinne i to m\u00e5neder etterp\u00e5. Foto: Tor Lindseth\n    <\/p>\n<p>Programmene har ogs\u00e5 bydd p\u00e5 smertefulle \u00f8yeblikk. I den aller f\u00f8rste sesongen deltok Ole \u00abLukk\u00f8ye\u00bb Klemetsen (54). Midtveis i innspillingen fikk han beskjed om at faren, John Klemetsen, var d\u00f8d. Ole valgte da \u00e5 trekke seg fra konkurransen og reise hjem.<\/p>\n<p>    <a itemprop=\"url\" href=\"https:\/\/www.seher.no\/kongelig\/ukjent-klipp-vekker-oppsikt\/85031564\" rel=\"nofollow noopener\" target=\"_blank\"><\/p>\n<p>        <img loading=\"lazy\" decoding=\"async\" src=\"https:\/\/www.europesays.com\/no\/wp-content\/uploads\/2026\/09\/85031674.webp\" width=\"180\" height=\"81\" alt=\"\" class=\"lazyload\" style=\"--aspect-ratio-image: 2.22; \"\/><\/p>\n<p>        Ukjent klipp vekker oppsikt<\/p>\n<p>    <\/a><\/p>\n<p>Programleder Dag Erik Pedersen, som gikk bort i 2024, omtalte senere nattintervjuet med Ole etter d\u00f8dsbudskapet som det vanskeligste intervjuet han gjorde i serien.<\/p>\n<p>        <img loading=\"lazy\" decoding=\"async\" src=\"https:\/\/www.europesays.com\/no\/wp-content\/uploads\/2026\/09\/85034735.webp\" width=\"688\" height=\"393\" alt=\"\" class=\"\" style=\"--aspect-ratio-image: 1.75; \"\/><\/p>\n<p>\n        RYGGEN SA STOPP: Sk\u00f8yteprofil Frode R\u00f8nning (67) fikk en t\u00f8ff avslutning p\u00e5 \u00abMesternes mester\u00bb i 2011, da ryggen satte en stopper for videre kamp. Foto: Morten Eik\n    <\/p>\n<p>\u00abMesternes mester\u00bb har ogs\u00e5 f\u00e5tt kritikk for alkoholbruken. Rusorganisasjoner reagerte p\u00e5 at tidligere toppidrettsut\u00f8vere ble vist med vin til middag, og mente det koblet alkohol og idrett p\u00e5 en uheldig m\u00e5te. <\/p>\n<p>        <img loading=\"lazy\" decoding=\"async\" src=\"https:\/\/www.europesays.com\/no\/wp-content\/uploads\/2026\/09\/85034746.webp\" width=\"688\" height=\"393\" alt=\"\" class=\"\" style=\"--aspect-ratio-image: 1.75; \"\/><\/p>\n<p>\n        SYKEHUS OG OPERASJON: Odd-Bj\u00f8rn Hjelmeset (54) trosset sterke smerter, men endte p\u00e5 sykehus under \u00abMesternes mester\u00bb. F\u00e5 dager etter hjemkomsten m\u00e5tte langrennsprofilen opereres. Foto: NRK\n    <\/p>\n<p>NRK avviste at det foregikk drikkepress, og understreket at deltakerne selv kunne velge mellom vin, vann og brus.<\/p>\n<p>Naturkreftene har ogs\u00e5 flere ganger satt innspillingen p\u00e5 pr\u00f8ve.<\/p>\n<p>        <img loading=\"lazy\" decoding=\"async\" src=\"https:\/\/www.europesays.com\/no\/wp-content\/uploads\/2026\/09\/85034798.webp\" width=\"686\" height=\"515\" alt=\"\" class=\"\" style=\"--aspect-ratio-image: 1.33; \"\/><\/p>\n<p>\n        FARETRUENDE<br \/>\nN\u00c6R: &#8211; Det var ubehagelig \u00e5 ha flammene s\u00e5 tett<br \/>\np\u00e5, sa Dag Erik Pedersen<br \/>\nda han var programleder<br \/>\ni Monaco i 2016. Han<br \/>\ntok selv dette bildet fra<br \/>\nbrannen. Foto: Dag Erik Pedersen\n    <\/p>\n<p>I 2016 br\u00f8t det ut en voldsom skogbrann i Menton utenfor Monaco. Flammene raste rundt 300 meter fra deltakerhuset, og r\u00f8yken la seg som en vegg i omr\u00e5det.<\/p>\n<p>    <a itemprop=\"url\" href=\"https:\/\/www.seher.no\/kjendis\/john-irvin-er-dod\/85032803\" rel=\"nofollow noopener\" target=\"_blank\"><\/p>\n<p>        <img loading=\"lazy\" decoding=\"async\" src=\"https:\/\/www.europesays.com\/no\/wp-content\/uploads\/2026\/09\/85032749.webp\" width=\"180\" height=\"81\" alt=\"\" class=\"lazyload\" style=\"--aspect-ratio-image: 2.22; \"\/><\/p>\n<p>        John Irvin er d\u00f8d<\/p>\n<p>    <\/a><\/p>\n<p>\u00a0\u2013 Vi m\u00e5tte komme oss unna! Flere ganger kjente vi p\u00e5 usikkerheten, den l\u00e5 som et sp\u00f8kelse over oss. Det var ubehagelig \u00e5 ha flammene s\u00e5 tett p\u00e5, fortalte Dag Erik Pedersen til Se og H\u00f8r den gangen.<\/p>\n<p>        <img loading=\"lazy\" decoding=\"async\" src=\"https:\/\/www.europesays.com\/no\/wp-content\/uploads\/2026\/09\/85034819.webp\" width=\"686\" height=\"652\" alt=\"\" class=\"\" style=\"--aspect-ratio-image: 1.05; \"\/><\/p>\n<p>\n        GA IKKE OPP: Nadya Khamitskaya Andersen (43) fikk dype s\u00e5r i arm og l\u00e5r etter et sykkelvelt under \u00abMesternes mester\u00bb. Skadene m\u00e5tte sys, men hun fortsatte konkurransen. Foto: Privat\n    <\/p>\n<p>\u00a0\u00c5ret etter f\u00f8rte flom og voldsomt regnv\u00e6r i Hellas til store \u00f8deleggelser. Tre mennesker mistet livet. Deltakerhuset var uten vann og str\u00f8m og flere konkurranser m\u00e5tte flyttes.<\/p>\n<p>I 2017 ble innspillingen i Portugal preget av skogbranner som kostet over 60 mennesker livet. Selv om deltakerne var i sikkerhet, gjorde tragedien sterkt inntrykk.<\/p>\n<p>        <img loading=\"lazy\" decoding=\"async\" src=\"https:\/\/www.europesays.com\/no\/wp-content\/uploads\/2026\/09\/85034838.webp\" width=\"686\" height=\"460\" alt=\"\" class=\"\" style=\"--aspect-ratio-image: 1.49; \"\/><\/p>\n<p>\n        BR\u00c5STOPP: \u00d8ystein \u00abP\u00f8lsa\u00bb Pettersen<br \/>\nr\u00f8k ut allerede i f\u00f8rste episode i 2021 etter en<br \/>\nsmertefull avrivning i leggen. Foto: Tor Lindseth\n    <\/p>\n<p>To \u00e5r senere ble det ogs\u00e5 dramatikk \u2013 da under innspillingen i Zadar i Kroatia. Denne gangen var det ikke naturen, men frykten for brann som skapte uro.<\/p>\n<p>        HIPP HURRA: Etter et \u00e5r fylt med skandaler, rettssak og lungetransplantasjon, er det kanskje ikke s\u00e5 rart at kronprinsesse Mette-Marit har en mer dempet 53-\u00e5rsfeiring. Men kronprinsfamilien svikter aldri n\u00e5r det kommer til bursdager. Video: NTB \/\/ Foto: NRK \/ US Department of Justice \/ NTB \/ Se og H\u00f8r &#8211; Andreas Fadum \/ All Over \/ Tom Hansen \/\/ Programleder: Caroline Vagle \/\/ Klipp: H\u00e5vard Bj\u00f8rnerem<\/p>\n<p>Tre ganger p\u00e5 kort tid gikk brannalarmen p\u00e5 hotellet, og deltakerne m\u00e5tte evakueres. Flere reagerte kraftig p\u00e5 det de mente var skandal\u00f8se sikkerhetsrutiner.<\/p>\n<p>\u2013 Det var p\u00e5 med kl\u00e6r og rett ut, fortalte tidligere h\u00e5ndballspiller Kari Mette Johansen (47) til Se og H\u00f8r.<\/p>\n<p>        <img loading=\"lazy\" decoding=\"async\" src=\"https:\/\/www.europesays.com\/no\/wp-content\/uploads\/2026\/09\/85034849.webp\" width=\"686\" height=\"666\" alt=\"\" class=\"\" style=\"--aspect-ratio-image: 1.03; \"\/><\/p>\n<p>\n        SLO HODET: Steffen Iversen endte p\u00e5 sykehus<br \/>\nsist han deltok. N\u00e5 er han tilbake igjen! Foto: NRK\n    <\/p>\n<p>Til slutt ville ikke deltakerne bo der lenger \u2013 de krevde \u00e5 bli flyttet. NRK tok bekymringen p\u00e5 alvor og skaffet hele \u00abMesternes mester\u00bb-gjengen et nytt sted \u00e5 bo.<\/p>\n<p>Bak TV-eventyret har det ogs\u00e5 ligget strenge forpliktelser. I 2018 kunne Se og H\u00f8r avsl\u00f8re innholdet i den hemmelige deltakerkontrakten.<\/p>\n<p>For opptil tre ukers tilgjengelighet kunne honoraret komme opp i 100 000 kroner \u2013 mot omfattende forpliktelser.<\/p>\n<p>    <a itemprop=\"url\" href=\"https:\/\/www.seher.no\/kjendis\/overnaturlige-skrekk-historier-horer-barn-grate\/85011785\" rel=\"nofollow noopener\" target=\"_blank\"><\/p>\n<p>        <img loading=\"lazy\" decoding=\"async\" src=\"https:\/\/www.europesays.com\/no\/wp-content\/uploads\/2026\/09\/85011793.webp\" width=\"180\" height=\"81\" alt=\"\" class=\"lazyload\" style=\"--aspect-ratio-image: 2.22; \"\/><\/p>\n<p>        Overnaturlige skrekk-historier: &#8211; H\u00f8rer barn gr\u00e5te <\/p>\n<p>    <\/a><\/p>\n<p>Deltakerne m\u00e5tte blant annet ha ulykkes- og livsforsikring, f\u00f8lge produksjonens instrukser og avst\u00e5 fra egne sponsoravtaler. De som r\u00f8k ut kunne reise hjem, men m\u00e5tte returnere til finalen. <\/p>\n<p>Kontrakten slo ogs\u00e5 fast at deltakerne ikke skulle uttale seg til pressen om produksjonen \u2013 heller ikke etter at avtalen var avsluttet.<\/p>\n<p>Ved vesentlig kontraktsbrudd kunne honoraret kreves tilbake, og deltakeren risikerte ogs\u00e5 \u00e5 m\u00e5tte dekke produksjonens \u00f8konomiske tap.<\/p>\n<p>Hard kost\t<\/p>\n<p>Gjennom \u00e5rene har flere \u00abMesternes mester\u00bb-deltakere f\u00e5tt kjenne konkurransene brutalt p\u00e5 kroppen.<\/p>\n<p>I 2011-sesongen m\u00e5tte Frode R\u00f8nning (67) trekke seg p\u00e5 grunn av kraftige ryggsmerter. I 2017-sesongen veltet Odd S\u00f8rli (71) stygt p\u00e5 sykkel, landet p\u00e5 hodet og skulderen og m\u00e5tte gi seg. Han fortalte senere at han hadde smerter i to \u00e5r.<\/p>\n<p>P\u00e5 sykehus\t<\/p>\n<p>\u00a0Odd-Bj\u00f8rn Hjelmeset (54) gjennomf\u00f8rte store deler av 2020-sesongen med sterke smerter og havnet p\u00e5 sykehus under oppholdet. F\u00e5 dager etter hjemkomsten m\u00e5tte den tidligere langrennsstjernen opereres.<\/p>\n<p>    <a itemprop=\"url\" href=\"https:\/\/www.seher.no\/kjendis\/faren-dode-blir-steinrik\/85033572\" rel=\"nofollow noopener\" target=\"_blank\"><\/p>\n<p>        <img loading=\"lazy\" decoding=\"async\" src=\"https:\/\/www.europesays.com\/no\/wp-content\/uploads\/2026\/09\/85033351.webp\" width=\"180\" height=\"81\" alt=\"\" class=\"lazyload\" style=\"--aspect-ratio-image: 2.22; \"\/><\/p>\n<p>        Faren d\u00f8de: &#8211; Blir styrtrik<\/p>\n<p>    <\/a><\/p>\n<p>I 2022 fikk Nadya Khamitskaya Andersen (43) et stygt m\u00f8te med sykkel\u00f8velsen. Hun fikk dype s\u00e5r i arm og l\u00e5r som m\u00e5tte sys, men fortsatte konkurransen.<\/p>\n<p>I 2021-sesongen m\u00e5tte \u00d8ystein \u00abP\u00f8lsa\u00bb Pettersen (43) ut tidlig med en leggskade. \u00c5ret etter fikk han gj\u00f8re comeback i programmet \u2013 noe som aldri tidligere hadde skjedd.<\/p>\n<p>I 2018 satte ryggen en stopper for Steffen Iversen (49). Under samme opphold m\u00e5tte han ogs\u00e5 p\u00e5 sykehus etter \u00e5 ha sl\u00e5tt hodet i bunnen av et basseng.<\/p>\n<p>N\u00e5 f\u00e5r Steffen Iversen en ny mulighet n\u00e5r han vender tilbake i \u00abMesternes mester team\u00bb.<\/p>\n<p>Holder ryggen?<\/p>\n","protected":false},"excerpt":{"rendered":"\u00abMesternes mester\u00bb tilbake med ny vri Det popul\u00e6re NRK-programmet har bydd p\u00e5 h\u00f8ye topper og dype daler. N\u00e5&hellip;\n","protected":false},"author":2,"featured_media":344042,"comment_status":"","ping_status":"","sticky":false,"template":"","format":"standard","meta":{"footnotes":"","_share_on_mastodon":"0"},"categories":[59],"tags":[4104,479,2984,30,28,29,83,82],"class_list":["post-344041","post","type-post","status-publish","format-standard","has-post-thumbnail","category-sport","tag-eksklusivt","tag-kjendis","tag-mesternes-mester","tag-no","tag-norge","tag-norway","tag-sport","tag-sports"],"share_on_mastodon":{"url":"https:\/\/pubeurope.com\/@no\/117213054962953785","error":""},"_links":{"self":[{"href":"https:\/\/www.europesays.com\/no\/wp-json\/wp\/v2\/posts\/344041","targetHints":{"allow":["GET"]}}],"collection":[{"href":"https:\/\/www.europesays.com\/no\/wp-json\/wp\/v2\/posts"}],"about":[{"href":"https:\/\/www.europesays.com\/no\/wp-json\/wp\/v2\/types\/post"}],"author":[{"embeddable":true,"href":"https:\/\/www.europesays.com\/no\/wp-json\/wp\/v2\/users\/2"}],"replies":[{"embeddable":true,"href":"https:\/\/www.europesays.com\/no\/wp-json\/wp\/v2\/comments?post=344041"}],"version-history":[{"count":0,"href":"https:\/\/www.europesays.com\/no\/wp-json\/wp\/v2\/posts\/344041\/revisions"}],"wp:featuredmedia":[{"embeddable":true,"href":"https:\/\/www.europesays.com\/no\/wp-json\/wp\/v2\/media\/344042"}],"wp:attachment":[{"href":"https:\/\/www.europesays.com\/no\/wp-json\/wp\/v2\/media?parent=344041"}],"wp:term":[{"taxonomy":"category","embeddable":true,"href":"https:\/\/www.europesays.com\/no\/wp-json\/wp\/v2\/categories?post=344041"},{"taxonomy":"post_tag","embeddable":true,"href":"https:\/\/www.europesays.com\/no\/wp-json\/wp\/v2\/tags?post=344041"}],"curies":[{"name":"wp","href":"https:\/\/api.w.org\/{rel}","templated":true}]}}