{"id":344077,"date":"2026-09-04T14:29:18","date_gmt":"2026-09-04T14:29:18","guid":{"rendered":"https:\/\/www.europesays.com\/no\/344077\/"},"modified":"2026-09-04T14:29:18","modified_gmt":"2026-09-04T14:29:18","slug":"prins-harry-tilbake-i-storbritannia-na-skal-dronning-camilla-mekle","status":"publish","type":"post","link":"https:\/\/www.europesays.com\/no\/344077\/","title":{"rendered":"Prins Harry tilbake i Storbritannia: N\u00e5 skal dronning Camilla mekle"},"content":{"rendered":"<p class=\"kicker t20\" style=\"\">Dronning Camilla:<\/p>\n<p class=\"subtitle \" style=\"\">Prins Harry gikk knallhardt ut mot stemoren og kalte henne \u00abfarlig\u00bb. N\u00e5 skal Camilla fors\u00f8ke \u00e5 skape fred i den splittede kongefamilien.<\/p>\n<p>\n    ONDT BLOD: Mange t\u00e5rer har rent i havet siden kong Charles feiret 70-\u00e5rsdag i 2018. Harry har kalt stemoren \u00abfarlig\u00bb. N\u00e5 er det ironisk nok dronning Camilla som skal pr\u00f8ve \u00e5 megle mellom far og s\u00f8nn &#8211; og svigerdatter Meghan. Foto: NTB\n  <\/p>\n<p>Forrige uke startet et helt nytt kapittel for prins Harry (41) og hertuginne Meghan (45).<\/p>\n<p>Sist onsdag landet paret p\u00e5 Birmingham lufthavn etter \u00e5 ha reist fra California. Med p\u00e5 flyttelasset var ogs\u00e5 prins Archie (7) og prinsesse Lilibet (5), som skal begynne p\u00e5 skole i Storbritannia i september.<\/p>\n<p>        \u00abSKAL VI DANSE\u00bb: En av deltakerne nekter \u00e5 gj\u00f8re dette under programmet. Video: Nora Skavhaug\/R\u00f8d L\u00f8per, Tiktok\/@timkristian, Tiktok\/@tv2norge<\/p>\n<p>Familien skal bo i en privat bolig utenfor London, samtidig som de beholder hjemmet i Montecito i California. Returen betyr heller ikke at Harry og Meghan vender tilbake som arbeidende kongelige.<\/p>\n<p>    <a itemprop=\"url\" href=\"https:\/\/www.seher.no\/kongelig\/dromte-om-camilla-hele-tiden\/84955689\" rel=\"nofollow noopener\" target=\"_blank\"><\/p>\n<p>        <img loading=\"lazy\" decoding=\"async\" src=\"https:\/\/www.europesays.com\/no\/wp-content\/uploads\/2026\/09\/84955978.webp\" width=\"180\" height=\"81\" alt=\"\" class=\"lazyload\" style=\"--aspect-ratio-image: 2.22; \"\/><\/p>\n<p>         &#8211; Dr\u00f8mte om Camilla hele tiden<\/p>\n<p>    <\/a><\/p>\n<p>Men fysisk n\u00e6rhet til resten av kongefamilien gir samtidig nye muligheter for \u00e5 reparere noen av de dype s\u00e5rene som har oppst\u00e5tt de siste seks \u00e5rene.<\/p>\n<p>Og n\u00e5 vekker det oppsikt hvem som kan f\u00e5 rollen som fredsmekler.<\/p>\n<p>Camilla kan bli n\u00f8kkelen\t<\/p>\n<p>If\u00f8lge spanske Lecturas, som viser til britiske Mirror, kan dronning Camilla bli en viktig brikke dersom Harry skal komme n\u00e6rmere sin far, kong Charles (77).<\/p>\n<p>        <img loading=\"lazy\" decoding=\"async\" src=\"https:\/\/www.europesays.com\/no\/wp-content\/uploads\/2026\/09\/85077598.webp\" width=\"667\" height=\"728\" alt=\"\" class=\"\" style=\"--aspect-ratio-image: 0.92; \"\/><\/p>\n<p>\n        UVISS FREMTID: Prins Harry har tidligere langet ut mot sin stemor og kalt henne \u00abfarlig\u00bb. N\u00e5 har Meghan og Harry returnert til Storbritannia. Foto: NTB\n    <\/p>\n<p>En anonym kilde n\u00e6r kongefamilien hevder at dronningen \u00f8nsker ro rundt ektemannen og er opptatt av at han skal kunne ha et godt forhold til b\u00e5de s\u00f8nnen og barnebarna.<\/p>\n<p>\u2013 Camilla tror sterkt p\u00e5 harmoni og er sv\u00e6rt dyktig til \u00e5 se det store bildet, sier kilden, skriver <a href=\"https:\/\/www.lecturas.com\/realeza\/camilla-figura-clave-regreso-harry-y-meghan-reina-ejerce-influencia-increiblemente-tranquilizadora-sobre-rey_197570\" rel=\"nofollow noopener\" target=\"_blank\">Lecturas<\/a>.<\/p>\n<p>Charles skal \u00f8nske \u00e5 ha Harry og familien tettere p\u00e5 seg, og forholdet mellom far og s\u00f8nn har den siste tiden vist tegn til bedring.\u00a0<\/p>\n<p>    <a itemprop=\"url\" href=\"https:\/\/www.seher.no\/kongelig\/skapte-uro-buet-pa-kongefamilien\/84772914\" rel=\"nofollow noopener\" target=\"_blank\"><\/p>\n<p>        <img loading=\"lazy\" decoding=\"async\" src=\"https:\/\/www.europesays.com\/no\/wp-content\/uploads\/2026\/09\/84771947.webp\" width=\"180\" height=\"81\" alt=\"\" class=\"lazyload\" style=\"--aspect-ratio-image: 2.22; \"\/><\/p>\n<p>        Skapte uro: Buet p\u00e5 kongefamilien<\/p>\n<p>    <\/a><\/p>\n<p>I juli m\u00f8ttes Harry, Meghan og barna kong Charles og dronning Camilla p\u00e5 Highgrove. Det var f\u00f8rste gang Charles hadde m\u00f8tt de to yngste barnebarna p\u00e5 flere \u00e5r.<\/p>\n<p>        HYGGELIG GJENSYN: Etter kreftbehandlingen er prinsesse Kate \u00e5 se for f\u00f8rste gang p\u00e5 et statsbes\u00f8k, men skal vi tro bildene var det ikke bare prins William som ville fl\u00f8rte litt. Video: Instagram \/ @princeandprincessofwales \/\/ Foto: NTB \/\/ Reporter: H\u00e5vard Bj\u00f8rnerem<\/p>\n<p>If\u00f8lge <a href=\"https:\/\/people.com\/meghan-markle-prince-harry-set-to-arrive-uk-today-after-announcing-move-back-12064139?\" rel=\"nofollow noopener\" target=\"_blank\">People<\/a> h\u00e5per kongen ogs\u00e5 at Harrys retur p\u00e5 sikt kan bidra til \u00e5 lege bruddet mellom s\u00f8nnene hans.<\/p>\n<p>Gikk til frontalangrep\t<\/p>\n<p>At nettopp Camilla trekkes frem som en mulig brobygger, er mildt sagt oppsiktsvekkende.<\/p>\n<p>For forholdet mellom Harry og stemoren har v\u00e6rt alt annet enn ukomplisert.<\/p>\n<p>        <img loading=\"lazy\" decoding=\"async\" src=\"https:\/\/www.europesays.com\/no\/wp-content\/uploads\/2026\/09\/85065020.webp\" width=\"667\" height=\"661\" alt=\"\" class=\"\" style=\"--aspect-ratio-image: 1.01; \"\/><\/p>\n<p>\n        D\u00c5PSBILDE: Den en gang s\u00e5 lykkelige familien fotografert p\u00e5 Windsor i 2019. N\u00e5 er Sussex-paret tilbake, og st\u00e5r foran mange utfordringer. Foto: NTBT\n    <\/p>\n<p>Da prinsen lanserte den eksplosive selvbiografien \u00abSpare\u00bb i 2023, fortalte han at b\u00e5de han og prins William (44) hadde bedt faren om ikke \u00e5 gifte seg med Camilla.<\/p>\n<p>Harry gikk enda lenger i et intervju med CBS-programmet \u00ab60 Minutes\u00bb.<\/p>\n<p>    <a itemprop=\"url\" href=\"https:\/\/www.seher.no\/kongelig\/onsker-det-ikke\/85050836\" rel=\"nofollow noopener\" target=\"_blank\"><\/p>\n<p>        <img loading=\"lazy\" decoding=\"async\" src=\"https:\/\/www.europesays.com\/no\/wp-content\/uploads\/2026\/09\/1788532157_220_85054173.webp\" width=\"180\" height=\"81\" alt=\"\" class=\"lazyload\" style=\"--aspect-ratio-image: 2.22; \"\/><\/p>\n<p>        &#8211; \u00d8nsker det ikke<\/p>\n<p>    <\/a><\/p>\n<p>Der omtalte han Camilla som \u00abfarlig\u00bb og hevdet at behovet hennes for \u00e5 rehabilitere sitt eget omd\u00f8mme hadde f\u00f8rt til et tett forhold til deler av britisk presse. Han anklaget henne ogs\u00e5 for \u00e5 ha ofret ham p\u00e5 sitt eget \u00abPR-alter\u00bb.<\/p>\n<p>Harry har imidlertid ogs\u00e5 moderert kritikken.<\/p>\n<p>I et annet intervju understreket han at han ikke betraktet Camilla som en \u00abond stemor\u00bb, og sa at de var h\u00f8flige overfor hverandre n\u00e5r de m\u00f8ttes.<\/p>\n<p>    <a itemprop=\"url\" href=\"https:\/\/www.seher.no\/kongelig\/det-ultimate-sviket\/85011204\" rel=\"nofollow noopener\" target=\"_blank\"><\/p>\n<p>        <img loading=\"lazy\" decoding=\"async\" src=\"https:\/\/www.europesays.com\/no\/wp-content\/uploads\/2026\/09\/85011430.webp\" width=\"180\" height=\"81\" alt=\"\" class=\"lazyload\" style=\"--aspect-ratio-image: 2.22; \"\/><\/p>\n<p>        Det ultimate sviket<\/p>\n<p>    <\/a><\/p>\n<p>William er den store hindringen\t<\/p>\n<p>Mens forholdet til kong Charles ser ut til \u00e5 ha blitt bedre, er situasjonen mellom br\u00f8drene langt vanskeligere.<\/p>\n<p>        HYGGELIG GJENSYN: Etter kreftbehandlingen er prinsesse Kate \u00e5 se for f\u00f8rste gang p\u00e5 et statsbes\u00f8k, men skal vi tro bildene var det ikke bare prins William som ville fl\u00f8rte litt. Video: Instagram \/ @princeandprincessofwales \/\/ Foto: NTB \/\/ Reporter: H\u00e5vard Bj\u00f8rnerem<\/p>\n<p>Harry og prins William skal fortsatt ikke ha kontakt, og forholdet mellom dem er fastl\u00e5st til tross for Harrys tilbakekomst.\u00a0<\/p>\n<p>William vil trolig aldri tilgi Harry og Meghans angrep p\u00e5 prinsesse Kate.<\/p>\n","protected":false},"excerpt":{"rendered":"Dronning Camilla: Prins Harry gikk knallhardt ut mot stemoren og kalte henne \u00abfarlig\u00bb. N\u00e5 skal Camilla fors\u00f8ke \u00e5&hellip;\n","protected":false},"author":2,"featured_media":344078,"comment_status":"","ping_status":"","sticky":false,"template":"","format":"standard","meta":{"footnotes":"","_share_on_mastodon":"0"},"categories":[58],"tags":[3868,4104,71,1299,3994,76,30,28,29,75,4636,72],"class_list":["post-344077","post","type-post","status-publish","format-standard","has-post-thumbnail","category-underholdning","tag-dronning-camilla","tag-eksklusivt","tag-entertainment","tag-hertuginne-meghan","tag-kong-charles","tag-kongelig","tag-no","tag-norge","tag-norway","tag-prins-harry","tag-prins-william","tag-underholdning"],"share_on_mastodon":{"url":"https:\/\/pubeurope.com\/@no\/117213251226662704","error":""},"_links":{"self":[{"href":"https:\/\/www.europesays.com\/no\/wp-json\/wp\/v2\/posts\/344077","targetHints":{"allow":["GET"]}}],"collection":[{"href":"https:\/\/www.europesays.com\/no\/wp-json\/wp\/v2\/posts"}],"about":[{"href":"https:\/\/www.europesays.com\/no\/wp-json\/wp\/v2\/types\/post"}],"author":[{"embeddable":true,"href":"https:\/\/www.europesays.com\/no\/wp-json\/wp\/v2\/users\/2"}],"replies":[{"embeddable":true,"href":"https:\/\/www.europesays.com\/no\/wp-json\/wp\/v2\/comments?post=344077"}],"version-history":[{"count":0,"href":"https:\/\/www.europesays.com\/no\/wp-json\/wp\/v2\/posts\/344077\/revisions"}],"wp:featuredmedia":[{"embeddable":true,"href":"https:\/\/www.europesays.com\/no\/wp-json\/wp\/v2\/media\/344078"}],"wp:attachment":[{"href":"https:\/\/www.europesays.com\/no\/wp-json\/wp\/v2\/media?parent=344077"}],"wp:term":[{"taxonomy":"category","embeddable":true,"href":"https:\/\/www.europesays.com\/no\/wp-json\/wp\/v2\/categories?post=344077"},{"taxonomy":"post_tag","embeddable":true,"href":"https:\/\/www.europesays.com\/no\/wp-json\/wp\/v2\/tags?post=344077"}],"curies":[{"name":"wp","href":"https:\/\/api.w.org\/{rel}","templated":true}]}}