{"id":344083,"date":"2026-09-04T14:42:14","date_gmt":"2026-09-04T14:42:14","guid":{"rendered":"https:\/\/www.europesays.com\/no\/344083\/"},"modified":"2026-09-04T14:42:14","modified_gmt":"2026-09-04T14:42:14","slug":"den-svenske-prinsesse-birgitta-har-skapt-mange-skandaler-na-vekker-hennes-siste-onske-oppsikt","status":"publish","type":"post","link":"https:\/\/www.europesays.com\/no\/344083\/","title":{"rendered":"Den svenske prinsesse Birgitta har skapt mange skandaler, n\u00e5 vekker hennes siste \u00f8nske oppsikt."},"content":{"rendered":"<p class=\"kicker \" style=\"\">Prinsesse Birgitta<\/p>\n<p class=\"subtitle t30\" style=\"\">Kong Carl Gustafs stores\u00f8ster var aldri redd for \u00e5 g\u00e5 sine egne veier. Da hun d\u00f8de, ble hennes siste \u00f8nske avsl\u00f8rt &#8211; det sjokkerte flere.\u00a0<\/p>\n<p>\n    D\u00d8DE: Prinsesse Birgitta elsket livet p\u00e5 Mallorca. Men da hun skulle planlegge sin egen begravelse, hadde hun et helt annet \u00f8nske.\n  <\/p>\n<p>  <img decoding=\"async\" class=\"pw-top-image\" src=\"https:\/\/www.europesays.com\/no\/wp-content\/uploads\/2026\/09\/1788532932_626_696x379_Sommerkampanje_PW_2026.png\" alt=\"Kampanje bilde\"\/><\/p>\n<p>    <img decoding=\"async\" src=\"https:\/\/graphics.dbstatic.no\/paywall\/logo\/shex.svg\" alt=\"shex logo\"\/><\/p>\n<p id=\"prod-description\"> Les avsl\u00f8rende saker og se eksklusive bilder fra kjendisverden<\/p>\n<p>SOMMERTILBUD<\/p>\n<p>\n              Fornyes til 99 kr pr. mnd.<\/p>\n<p>      Kj\u00f8p Se og H\u00f8r Pluss<\/p>\n<p>    <img decoding=\"async\" src=\"https:\/\/graphics.dbstatic.no\/paywall\/logo\/shex.svg\" alt=\"shex logo\"\/><\/p>\n<p id=\"prod-description\"> Tilbud kun for nye kunder.<\/p>\n<p>introtilbud<\/p>\n<p>\n              Fornyes til 99,- pr. mnd.<\/p>\n<p>      Ja takk, jeg vil pr\u00f8ve<\/p>\n<p>    <img decoding=\"async\" src=\"https:\/\/graphics.dbstatic.no\/paywall\/logo\/plto.svg\" alt=\"plto logo\"\/><\/p>\n<p id=\"prod-description\"> Dagbladet Pluss, Elbil24 PRO, KK Pluss og Se og H\u00f8r Pluss i samme pakke!<\/p>\n<p>Introtilbud<\/p>\n<p>\n              129 kr\/mnd etter f\u00f8rste m\u00e5ned<\/p>\n<p>      Kj\u00f8p PlussTotal<\/p>\n<p>        Betingelser<\/p>\n<p>            Det er en betingelse for \u00e5 benytte dette tilbudet at du aksepterer \u00e5 motta markedsf\u00f8ring for Dagbladet Pluss<br \/>\n            og andre publikasjoner fra Aller Media AS (&laquo;Aller Media&raquo;) via e-post eller SMS i en periode p\u00e5 inntil 8 uker<br \/>\n            fra du aksepterer tilbudet. Du kan n\u00e5r som helst reservere deg mot markedsf\u00f8ring fra Aller Media.<\/p>\n<p>        F\u00e5 gratis tilgang<br \/>\n         Aller Media behandler personopplysninger om deg n\u00e5r du logger<br \/>\n          inn p\u00e5 v\u00e5re nettsider og n\u00e5r du oppretter et gratisabonnement.<br \/>\n          Les mer i v\u00e5r <a href=\"https:\/\/personvern.aller.no\/personvern\" target=\"_blank\" rel=\"nofollow noopener\">personvernerkl\u00e6ring<\/a>.<\/p>\n<p>      <img decoding=\"async\" src=\"https:\/\/graphics.dbstatic.no\/paywall\/loading.svg\" alt=\"loading\"\/><br \/>\n      Behandler din bestilling<\/p>\n<p>      Bestilling vellykket<\/p>\n<p>Takk for din bestilling. Du vil motta en epost med bekreftelse og informasjon om ditt abonnement til email<\/p>\n<p>          Tilbake til innholdet<\/p>\n<p>      Betalingsfeil.<\/p>\n<p>Pr\u00f8v igjen eller kontakt kundeservice.<\/p>\n<p>\n         Pr\u00f8v ny betaling <\/p>\n<p>          Tilbake til innholdet<\/p>\n","protected":false},"excerpt":{"rendered":"Prinsesse Birgitta Kong Carl Gustafs stores\u00f8ster var aldri redd for \u00e5 g\u00e5 sine egne veier. Da hun d\u00f8de,&hellip;\n","protected":false},"author":2,"featured_media":344084,"comment_status":"","ping_status":"","sticky":false,"template":"","format":"standard","meta":{"footnotes":"","_share_on_mastodon":"0"},"categories":[12],"tags":[294,20,21,4104,24,25,26377,15,76,22,23,13,30,28,29,14,16,218,26378,1053,26,27,42,43,44,45],"class_list":["post-344083","post","type-post","status-publish","format-standard","has-post-thumbnail","category-verden","tag-begravelse","tag-breaking-news","tag-breakingnews","tag-eksklusivt","tag-featured-news","tag-featurednews","tag-haga-slott","tag-headlines","tag-kongelig","tag-latest-news","tag-latestnews","tag-news","tag-no","tag-norge","tag-norway","tag-nyheter","tag-overskrifter","tag-pluss","tag-prinsesse-birgitta","tag-skandale","tag-top-stories","tag-topstories","tag-verden","tag-world","tag-world-news","tag-worldnews"],"share_on_mastodon":{"url":"https:\/\/pubeurope.com\/@no\/117213302282910616","error":""},"_links":{"self":[{"href":"https:\/\/www.europesays.com\/no\/wp-json\/wp\/v2\/posts\/344083","targetHints":{"allow":["GET"]}}],"collection":[{"href":"https:\/\/www.europesays.com\/no\/wp-json\/wp\/v2\/posts"}],"about":[{"href":"https:\/\/www.europesays.com\/no\/wp-json\/wp\/v2\/types\/post"}],"author":[{"embeddable":true,"href":"https:\/\/www.europesays.com\/no\/wp-json\/wp\/v2\/users\/2"}],"replies":[{"embeddable":true,"href":"https:\/\/www.europesays.com\/no\/wp-json\/wp\/v2\/comments?post=344083"}],"version-history":[{"count":0,"href":"https:\/\/www.europesays.com\/no\/wp-json\/wp\/v2\/posts\/344083\/revisions"}],"wp:featuredmedia":[{"embeddable":true,"href":"https:\/\/www.europesays.com\/no\/wp-json\/wp\/v2\/media\/344084"}],"wp:attachment":[{"href":"https:\/\/www.europesays.com\/no\/wp-json\/wp\/v2\/media?parent=344083"}],"wp:term":[{"taxonomy":"category","embeddable":true,"href":"https:\/\/www.europesays.com\/no\/wp-json\/wp\/v2\/categories?post=344083"},{"taxonomy":"post_tag","embeddable":true,"href":"https:\/\/www.europesays.com\/no\/wp-json\/wp\/v2\/tags?post=344083"}],"curies":[{"name":"wp","href":"https:\/\/api.w.org\/{rel}","templated":true}]}}