{"id":344085,"date":"2026-09-04T14:43:15","date_gmt":"2026-09-04T14:43:15","guid":{"rendered":"https:\/\/www.europesays.com\/no\/344085\/"},"modified":"2026-09-04T14:43:15","modified_gmt":"2026-09-04T14:43:15","slug":"karasjok-nyhet-300-000-i-bot-etter-dodsfall","status":"publish","type":"post","link":"https:\/\/www.europesays.com\/no\/344085\/","title":{"rendered":"Karasjok, Nyhet | 300.000 i bot etter d\u00f8dsfall"},"content":{"rendered":"\n<p><a href=\"https:\/\/www.ifinnmark.no\/kvinne-funnet-dod-utenfor-sin-omsorgsbolig-i-karasjok\/s\/5-81-2168259\" rel=\"Follow nofollow noopener\" target=\"_blank\">Kvinnen i 90-\u00e5rene ble funnet utenfor omsorgsboligen sin i Karasjok<\/a>. Det var under 30 minusgrader gjennom natten kvinnen d\u00f8de.<\/p>\n<p>\u2013 P\u00e5talemyndigheten mener kommunen ikke organiserte tjenestene godt nok til at helsepersonellet kunne gi forsvarlig omsorg. Politiets etterforskning viser at kvinnen ikke fikk et omsorgstilbud som var tilpasset behovene hennes. Hun ble plassert i en omsorgsbolig der verken bemanningen eller alarmsystemene var tilstrekkelig tilpasset situasjonen hennes, sier fungerende p\u00e5taleleder Are Aarhus.<\/p>\n<p>Politiet opplyser videre at etterforskning har avdekket manglende oppl\u00e6ring og etterlevelse ved bruk av velferdsteknologi som for eksempel alarmsystemer, samt utilstrekkelig dokumentasjon fra kommunens side n\u00e5r det gjelder tekniske problemer knyttet til alarmsystemer som kunne ha hindret u\u00f8nsket vandring fra beboeren.<\/p>\n<p>If\u00f8lge politiet har kvinnen d\u00f8dd kort tid etter at hun hadde forlatt rommet sitt og g\u00e5tt utend\u00f8rs i vinterkulda, uten at noen oppdaget det eller at alarmsystemer fanget det opp.<\/p>\n<p>\u2013 P\u00e5talemyndighetens vurdering er at kommunens systemsvikt er straffbar, og har derfor gitt Karasjok kommune et forelegg p\u00e5 300 000 kroner, opplyser Aarhus.<\/p>\n<p>Kommunen har en frist p\u00e5 15 dager fra de mottar forelegget til \u00e5 bestemme seg for om de vedtar forelegget eller ei.<\/p>\n<p>Karasjok kommune har tidligere uttalt at de skal gjennomg\u00e5 rutinene de har rundt l\u00e5sing.<\/p>\n<p>\u2013 Dette er en ufattelig vond situasjon som vi m\u00e5 l\u00e6re av. Vi kan ikke endre det som har skjedd, men vi kan jobbe for at det aldri skjer igjen. Det er v\u00e5rt ansvar, sa assisterende <a href=\"https:\/\/www.ifinnmark.no\/eldre-kvinne-dode-sjekker-rutinene-for-lasing\/s\/5-81-2169722\" rel=\"Follow nofollow noopener\" target=\"_blank\">kommunedirekt\u00f8r Elisabeth Larsen i januar i fjor, kort tid etter d\u00f8dsfallet<\/a>.<\/p>\n","protected":false},"excerpt":{"rendered":"Kvinnen i 90-\u00e5rene ble funnet utenfor omsorgsboligen sin i Karasjok. Det var under 30 minusgrader gjennom natten kvinnen&hellip;\n","protected":false},"author":2,"featured_media":344086,"comment_status":"","ping_status":"","sticky":false,"template":"","format":"standard","meta":{"footnotes":"","_share_on_mastodon":"0"},"categories":[10],"tags":[36,20,21,576,24,25,15,4961,22,23,13,30,28,29,447,14,16,1510,26,27],"class_list":["post-344085","post","type-post","status-publish","format-standard","has-post-thumbnail","category-norge","tag-art","tag-breaking-news","tag-breakingnews","tag-dodsfall","tag-featured-news","tag-featurednews","tag-headlines","tag-karasjok","tag-latest-news","tag-latestnews","tag-news","tag-no","tag-norge","tag-norway","tag-nyhet","tag-nyheter","tag-overskrifter","tag-story","tag-top-stories","tag-topstories"],"share_on_mastodon":{"url":"https:\/\/pubeurope.com\/@no\/117213305715489538","error":""},"_links":{"self":[{"href":"https:\/\/www.europesays.com\/no\/wp-json\/wp\/v2\/posts\/344085","targetHints":{"allow":["GET"]}}],"collection":[{"href":"https:\/\/www.europesays.com\/no\/wp-json\/wp\/v2\/posts"}],"about":[{"href":"https:\/\/www.europesays.com\/no\/wp-json\/wp\/v2\/types\/post"}],"author":[{"embeddable":true,"href":"https:\/\/www.europesays.com\/no\/wp-json\/wp\/v2\/users\/2"}],"replies":[{"embeddable":true,"href":"https:\/\/www.europesays.com\/no\/wp-json\/wp\/v2\/comments?post=344085"}],"version-history":[{"count":0,"href":"https:\/\/www.europesays.com\/no\/wp-json\/wp\/v2\/posts\/344085\/revisions"}],"wp:featuredmedia":[{"embeddable":true,"href":"https:\/\/www.europesays.com\/no\/wp-json\/wp\/v2\/media\/344086"}],"wp:attachment":[{"href":"https:\/\/www.europesays.com\/no\/wp-json\/wp\/v2\/media?parent=344085"}],"wp:term":[{"taxonomy":"category","embeddable":true,"href":"https:\/\/www.europesays.com\/no\/wp-json\/wp\/v2\/categories?post=344085"},{"taxonomy":"post_tag","embeddable":true,"href":"https:\/\/www.europesays.com\/no\/wp-json\/wp\/v2\/tags?post=344085"}],"curies":[{"name":"wp","href":"https:\/\/api.w.org\/{rel}","templated":true}]}}