{"id":34410,"date":"2025-09-13T15:15:12","date_gmt":"2025-09-13T15:15:12","guid":{"rendered":"https:\/\/www.europesays.com\/no\/34410\/"},"modified":"2025-09-13T15:15:12","modified_gmt":"2025-09-13T15:15:12","slug":"110-000-marsjerer-mot-innvandring-i-londons-gater","status":"publish","type":"post","link":"https:\/\/www.europesays.com\/no\/34410\/","title":{"rendered":"110.000 marsjerer mot innvandring i Londons gater"},"content":{"rendered":"\n<p class=\"_lead_ew2ao_2 _lead_xtcu6_50 layout-component text-serif-m layout-normal text-serif-l layout-component layout-wide layout-padded _wide_17hqh_1 layout-padded\">Det br\u00f8t ut sammenst\u00f8t med politiet da demonstranter fors\u00f8kte \u00e5 bryte sperringene.<\/p>\n<p><img alt=\" Foto: Metropolitan Police \/ Pa Photos \/ NTB\" class=\"_image_qp4xg_65 layout-component layout-wide\" data-fullscreen- data-track-element-type=\"Article image fullscreen\" data-track-name=\"ImageFullscreen\" fetchpriority=\"high\" decoding=\"sync\" loading=\"eager\" height=\"2160\" itemprop=\"image\"  src=\"https:\/\/www.europesays.com\/no\/wp-content\/uploads\/2025\/09\/90e4cc69-b52c-424f-8d4c-85dc0272365f\"  style=\"object-position:0% 0%\" width=\"3840\"\/> Foto: Metropolitan Police \/ Pa Photos \/ NTB<\/p>\n<ul aria-hidden=\"true\" class=\"_images_1y6fe_106\">\n<li><a class=\"_link_1y6fe_111\" href=\"https:\/\/www.vg.no\/forfatter\/joern-e-kaalstad\" style=\"z-index:1\" title=\"J\u00f8rn E. Kaalstad\" rel=\"nofollow noopener\" target=\"_blank\"><img alt=\"Bilde av J\u00f8rn E. Kaalstad\" class=\"_image_1y6fe_88\" fetchpriority=\"low\" loading=\"lazy\" decoding=\"async\" itemprop=\"image\"  src=\"https:\/\/www.europesays.com\/no\/wp-content\/uploads\/2025\/09\/1757776508_475_669373df-e8fd-4864-880f-5035f6f30b0b\"  width=\"480\"\/><\/a><\/li>\n<\/ul>\n<p> Oppdatert l\u00f8rdag 13. september kl. 17:03    <\/p>\n<ul class=\"_list_ew2ao_3 _list_64s2r_85 _unordered_ew2ao_99 text-sans-m\">\n<li class=\"_item_ew2ao_30\">Sammenst\u00f8t med politiet oppsto da demonstranter fors\u00f8kte \u00e5 bryte sperringer under h\u00f8yreorientert marsj i London.<\/li>\n<li class=\"_item_ew2ao_30\">Demonstrasjonen ledet av Tommy Robinson hadde over 110.000 deltakere if\u00f8lge politiet.<\/li>\n<li class=\"_item_ew2ao_30\">Motdemonstranter fra \u00abStand Up to Racism\u00bb hadde 5.000 deltakere og ropte slagord mot rasisme.<\/li>\n<\/ul>\n<p>Vis mer <\/p>\n<p class=\"_paragraph_ew2ao_4 _paragraph_xtcu6_10 layout-component text-serif-m layout-normal text-serif-m layout-padded\">Den h\u00f8yreorientert aktivisten Tommy Robinson ledet l\u00f8rdag det som kan v\u00e6re Storbritannias st\u00f8rste ytre h\u00f8yre-demonstrasjon noensinne gjennom London. <\/p>\n<p class=\"_paragraph_ew2ao_4 _paragraph_xtcu6_10 layout-component text-serif-m layout-normal text-serif-m layout-padded\">Politiet ansl\u00e5r at 110.000 personer deltok i \u00abUnite the Kingdom\u00bb-marsjen, melder\u00a0<a href=\"https:\/\/www.theguardian.com\/politics\/live\/2025\/sep\/13\/uk-politics-latest-news-unite-the-kingdom-march-far-right-rally-london-labour-keir-starmer\" class=\"_link_ew2ao_39\" rel=\"nofollow noopener\" target=\"_blank\">The Guardian<\/a>\u00a0og\u00a0<a href=\"https:\/\/www.dailymail.co.uk\/news\/article-15094485\/Anti-migrant-protesters-counter-demonstrators-arrive-London.html\" class=\"_link_ew2ao_39\" rel=\"nofollow noopener\" target=\"_blank\">Daily Mail<\/a>.<\/p>\n<p><img alt=\"Tommy Robinson (midt i bildet) ledet l\u00f8rdag den h\u00f8yreorienterte demonstrasjonen i London.  Foto: CARLOS JASSO \/ AFP \/ NTB\" class=\"_image_qp4xg_65 layout-component layout-normal\" data-fullscreen- data-track-element-type=\"Article image fullscreen\" data-track-name=\"ImageFullscreen\" decoding=\"async\" loading=\"lazy\" height=\"2668\" itemprop=\"image\"  src=\"https:\/\/www.europesays.com\/no\/wp-content\/uploads\/2025\/09\/e55e2dcd-3885-42fa-9540-81fec3706c8e\"  style=\"object-position:0% 0%\" width=\"4000\"\/>Tommy Robinson (midt i bildet) ledet l\u00f8rdag den h\u00f8yreorienterte demonstrasjonen i London.  Foto: CARLOS JASSO \/ AFP \/ NTB<\/p>\n<p class=\"_paragraph_ew2ao_4 _paragraph_xtcu6_10 layout-component text-serif-m layout-normal text-serif-m layout-padded\">Demonstrantene, som bar Union Jack-flagg og England-flaggUnion Jack-flagg og England-flaggUnion Jack er det popul\u00e6re navnet p\u00e5 Storbritannia og Nord-Irlands unionsflagg. England-flagget er det r\u00f8de og hvite St. George-korset som representerer bare England, marsjerte fra Waterloo Bridge til Whitehall. <\/p>\n<p class=\"_paragraph_ew2ao_4 _paragraph_xtcu6_10 layout-component text-serif-m layout-normal text-serif-m layout-padded\">Mange holdt bilder av Charlie Kirk, den amerikanske h\u00f8yreaktivisten som ble skutt og drept i Utah tidligere denne uken.<\/p>\n<p><img alt=\"Foto: TAYFUN SALCI \/ EPA \/ NTB\" class=\"_image_qp4xg_65 layout-component layout-normal\" data-fullscreen- data-track-element-type=\"Article image fullscreen\" data-track-name=\"ImageFullscreen\" decoding=\"async\" loading=\"lazy\" height=\"3840\" itemprop=\"image\"  src=\"https:\/\/www.europesays.com\/no\/wp-content\/uploads\/2025\/09\/ad036a80-bb84-4e40-8d9a-a88877d3b143\"  style=\"object-position:0% 0%\" width=\"5760\"\/>Foto: TAYFUN SALCI \/ EPA \/ NTB<\/p>\n<p class=\"_paragraph_ew2ao_4 _paragraph_xtcu6_10 layout-component text-serif-m layout-normal text-serif-m layout-padded\">Det br\u00f8t ut sammenst\u00f8t mellom demonstrantene og politiet da de fors\u00f8kte \u00e5 trenge gjennom politisperringene:<\/p>\n<p class=\"_paragraph_ew2ao_4 _paragraph_xtcu6_10 layout-component text-serif-m layout-normal text-serif-m layout-padded\">\u2013 En gruppe \u00abUnite the Kingdom\u00bb-demonstranter fors\u00f8kte \u00e5 komme inn i det sterile omr\u00e5det p\u00e5 Whitehall som er p\u00e5 plass for \u00e5 holde de to protestene fra hverandre. Politibetjenter ble angrepet med kasteobjekter og har m\u00e5ttet bruke makt for \u00e5 unng\u00e5 at sperringen deres ble brutt, skrev Metropolitan Police p\u00e5 X.<\/p>\n<ul class=\"_gallery_1qa3s_23\" tabindex=\"0\">\n<li class=\"_item_1qa3s_37\" data-index=\"0\"><img decoding=\"async\" class=\"_image_foru8_23 _articleGallery_foru8_39\" data-fullscreen- width=\"6000\" height=\"4000\" itemprop=\"image\" loading=\"lazy\"  src=\"https:\/\/www.europesays.com\/no\/wp-content\/uploads\/2025\/09\/b5772ada-609e-4ebe-9c16-66886c581e30\"  style=\"object-position:50% 50%;aspect-ratio:var(--gallery-aspect-ratio, 16 \/ 9)\"\/>Foto: TAYFUN SALCI \/ EPA \/ NTB<\/li>\n<li class=\"_item_1qa3s_37\" data-index=\"1\"><img decoding=\"async\" class=\"_image_foru8_23 _articleGallery_foru8_39\" data-fullscreen- width=\"1474\" height=\"1684\" itemprop=\"image\" loading=\"lazy\"  src=\"https:\/\/www.europesays.com\/no\/wp-content\/uploads\/2025\/09\/a91d5621-0ce1-4054-b9c2-572f9a7f9c27\"  style=\"object-position:50% 50%;aspect-ratio:var(--gallery-aspect-ratio, 16 \/ 9)\"\/>Foto: Theo Shaw \/ Pa Photos \/ NTB<\/li>\n<li class=\"_item_1qa3s_37\" data-index=\"2\"><img decoding=\"async\" class=\"_image_foru8_23 _articleGallery_foru8_39\" data-fullscreen- width=\"6000\" height=\"4000\" itemprop=\"image\" loading=\"lazy\"  src=\"https:\/\/www.europesays.com\/no\/wp-content\/uploads\/2025\/09\/83a8ba46-2c5e-46c8-b4e0-3edef047813d\"  style=\"object-position:50% 50%;aspect-ratio:var(--gallery-aspect-ratio, 16 \/ 9)\"\/>Foto: TAYFUN SALCI \/ EPA \/ NTB<\/li>\n<li class=\"_item_1qa3s_37\" data-index=\"3\"><img decoding=\"async\" class=\"_image_foru8_23 _articleGallery_foru8_39\" data-fullscreen- width=\"8640\" height=\"5760\" itemprop=\"image\" loading=\"lazy\"  src=\"https:\/\/www.europesays.com\/no\/wp-content\/uploads\/2025\/09\/40c8925b-9b77-439b-98d7-f8b1254dcc1f\"  style=\"object-position:50% 50%;aspect-ratio:var(--gallery-aspect-ratio, 16 \/ 9)\"\/>Foto: Joanna Chan \/ AP \/ NTB<\/li>\n<\/ul>\n<p>Foto: TAYFUN SALCI \/ EPA \/ NTB<\/p>\n<p class=\"_paragraph_ew2ao_4 _paragraph_xtcu6_10 layout-component text-serif-m layout-normal text-serif-m layout-padded\">Samtidig holdt motdemonstranter fra \u00abStand Up to Racism\u00bb sin egen marsj med 5.000 deltakere. De ropte slagord som \u00abflyktninger er velkomne her\u00bb og \u00abstopp fascistene\u00bb.<\/p>\n<p class=\"_paragraph_ew2ao_4 _paragraph_xtcu6_10 layout-component text-serif-m layout-normal text-serif-m layout-padded\">Robinson, hvis egentlige navn er Stephen Yaxley-Lennon, kalte demonstrasjonen \u00abden st\u00f8rste i britisk historie\u00bb og sa at \u00abrevolusjonen er i gang\u00bb. Politiet satte inn 1.600 betjenter for \u00e5 holde de to gruppene fra hverandre.<\/p>\n<p class=\"_paragraph_ew2ao_4 _paragraph_xtcu6_10 layout-component text-serif-m layout-normal text-serif-m layout-padded\">I f\u00f8lge Daily Mail var statsminister Keir Starmer p\u00e5 Arsenal-kamp mens demonstrasjonene p\u00e5gikk.<\/p>\n<p>    <img decoding=\"async\" alt=\"Tips oss illustrasjon\" width=\"62px\" height=\"auto\" src=\"https:\/\/www.europesays.com\/no\/wp-content\/uploads\/2025\/08\/1754784428_95_W9avJzE.png\"\/>    <\/p>\n<p class=\"title-serif-s\">Har du tips til oss?<\/p>\n<p class=\"text-sans-m\">Send oss informasjon, bilder eller video<\/p>\n<p>  <a href=\"https:\/\/www.vg.no\/tips-oss\" rel=\"nofollow noopener\" target=\"_blank\"> Tips oss <\/a>      <\/p>\n","protected":false},"excerpt":{"rendered":"Det br\u00f8t ut sammenst\u00f8t med politiet da demonstranter fors\u00f8kte \u00e5 bryte sperringene. Foto: Metropolitan Police \/ Pa Photos&hellip;\n","protected":false},"author":2,"featured_media":34411,"comment_status":"","ping_status":"","sticky":false,"template":"","format":"standard","meta":{"footnotes":""},"categories":[12],"tags":[31,20,21,24,25,15,22,23,13,30,28,29,14,16,26,27,42,43,44,45],"class_list":{"0":"post-34410","1":"post","2":"type-post","3":"status-publish","4":"format-standard","5":"has-post-thumbnail","7":"category-verden","8":"tag-breaking","9":"tag-breaking-news","10":"tag-breakingnews","11":"tag-featured-news","12":"tag-featurednews","13":"tag-headlines","14":"tag-latest-news","15":"tag-latestnews","16":"tag-news","17":"tag-no","18":"tag-norge","19":"tag-norway","20":"tag-nyheter","21":"tag-overskrifter","22":"tag-top-stories","23":"tag-topstories","24":"tag-verden","25":"tag-world","26":"tag-world-news","27":"tag-worldnews"},"share_on_mastodon":{"url":"","error":""},"_links":{"self":[{"href":"https:\/\/www.europesays.com\/no\/wp-json\/wp\/v2\/posts\/34410","targetHints":{"allow":["GET"]}}],"collection":[{"href":"https:\/\/www.europesays.com\/no\/wp-json\/wp\/v2\/posts"}],"about":[{"href":"https:\/\/www.europesays.com\/no\/wp-json\/wp\/v2\/types\/post"}],"author":[{"embeddable":true,"href":"https:\/\/www.europesays.com\/no\/wp-json\/wp\/v2\/users\/2"}],"replies":[{"embeddable":true,"href":"https:\/\/www.europesays.com\/no\/wp-json\/wp\/v2\/comments?post=34410"}],"version-history":[{"count":0,"href":"https:\/\/www.europesays.com\/no\/wp-json\/wp\/v2\/posts\/34410\/revisions"}],"wp:featuredmedia":[{"embeddable":true,"href":"https:\/\/www.europesays.com\/no\/wp-json\/wp\/v2\/media\/34411"}],"wp:attachment":[{"href":"https:\/\/www.europesays.com\/no\/wp-json\/wp\/v2\/media?parent=34410"}],"wp:term":[{"taxonomy":"category","embeddable":true,"href":"https:\/\/www.europesays.com\/no\/wp-json\/wp\/v2\/categories?post=34410"},{"taxonomy":"post_tag","embeddable":true,"href":"https:\/\/www.europesays.com\/no\/wp-json\/wp\/v2\/tags?post=34410"}],"curies":[{"name":"wp","href":"https:\/\/api.w.org\/{rel}","templated":true}]}}