{"id":344137,"date":"2026-09-04T15:45:10","date_gmt":"2026-09-04T15:45:10","guid":{"rendered":"https:\/\/www.europesays.com\/no\/344137\/"},"modified":"2026-09-04T15:45:10","modified_gmt":"2026-09-04T15:45:10","slug":"sogndal-fotball-sport-siste-no-skal-bakke-vera-trenar-fram-til-mandag","status":"publish","type":"post","link":"https:\/\/www.europesays.com\/no\/344137\/","title":{"rendered":"Sogndal Fotball, Sport | Siste: No skal Bakke vera trenar fram til m\u00e5ndag"},"content":{"rendered":"\n<p>\u2013 Eirik Bakke held fram som mellombels hovudtrenar for A-laget til Sogndal Fotball til og med 7. september, melder Sogndal Fotball p\u00e5 sine <a href=\"https:\/\/www.sogndalfotball.no\/nyheiter\/pressemelding-mellombels-hovudtrenar-260824\" rel=\"Follow nofollow noopener\" target=\"_blank\">nettsider<\/a> fredag.<\/p>\n<p>Sogn Avis har vore i kontakt med dagleg leiar Ingrid Narum fredag ettermiddag, ho opplyser at ho ikkje har meir \u00e5 leggja til ut over det som st\u00e5r i meldinga p\u00e5 nettsida.<\/p>\n<p>71 dagar<\/p>\n<p>Det har g\u00e5tt 71 dagar sidan Luis Pimenta <a href=\"https:\/\/www.sognavis.no\/pimenta-moter-ikkje-pa-jobb-for-sogndal-trer-til-side\/s\/5-115-1456658\" rel=\"Follow nofollow noopener\" target=\"_blank\">tok pause<\/a> som Sogndal-trenar i samband med at klubben skulle unders\u00f8kja <a href=\"https:\/\/www.sognavis.no\/spelarane-gjekk-til-leiinga-med-bekymringsmelding-om-pimenta\/s\/5-115-1454722\" rel=\"Follow nofollow noopener\" target=\"_blank\">bekymringsmeldingane<\/a> mot han.<\/p>\n<p>Eirik Bakke kom inn som vikar, og sidan har engasjementet blitt forlengja fem gonger. Den fjerde var fr\u00e5 m\u00e5ndag til torsdag denne veka, og no alts\u00e5 fram til komande m\u00e5ndag.<\/p>\n<p>Sogndal Fotball nyttar <a href=\"https:\/\/www.sognavis.no\/pimenta-trer-til-side-fram-til-midten-av-august-klubben-hentar-inn-ekstern-hjelp\/s\/5-115-1461954\" rel=\"Follow nofollow noopener\" target=\"_blank\">ekstern ekspertise<\/a> for \u00e5 handsama bekymringsmeldingane.\u00a0<\/p>\n<p>Konklusjonane fr\u00e5 desse skal etter det Sogn Avis forst\u00e5r vera sentrale i prosessen rundt kva som skjer vidare i arbeidsforholdet mellom trenar og klubb.<\/p>\n<p>\u2013 Me er glade og takksame for at Eirik stiller opp for \u00e5 hjelpa klubben sportsleg, skriv Sogndal Fotball.<\/p>\n","protected":false},"excerpt":{"rendered":"\u2013 Eirik Bakke held fram som mellombels hovudtrenar for A-laget til Sogndal Fotball til og med 7. september,&hellip;\n","protected":false},"author":2,"featured_media":344138,"comment_status":"","ping_status":"","sticky":false,"template":"","format":"standard","meta":{"footnotes":"","_share_on_mastodon":"0"},"categories":[59],"tags":[36,92,30,28,29,1029,7865,83,82,1510],"class_list":["post-344137","post","type-post","status-publish","format-standard","has-post-thumbnail","category-sport","tag-art","tag-fotball","tag-no","tag-norge","tag-norway","tag-sogndal","tag-sogndal-fotball","tag-sport","tag-sports","tag-story"],"share_on_mastodon":{"url":"https:\/\/pubeurope.com\/@no\/117213549488277388","error":""},"_links":{"self":[{"href":"https:\/\/www.europesays.com\/no\/wp-json\/wp\/v2\/posts\/344137","targetHints":{"allow":["GET"]}}],"collection":[{"href":"https:\/\/www.europesays.com\/no\/wp-json\/wp\/v2\/posts"}],"about":[{"href":"https:\/\/www.europesays.com\/no\/wp-json\/wp\/v2\/types\/post"}],"author":[{"embeddable":true,"href":"https:\/\/www.europesays.com\/no\/wp-json\/wp\/v2\/users\/2"}],"replies":[{"embeddable":true,"href":"https:\/\/www.europesays.com\/no\/wp-json\/wp\/v2\/comments?post=344137"}],"version-history":[{"count":0,"href":"https:\/\/www.europesays.com\/no\/wp-json\/wp\/v2\/posts\/344137\/revisions"}],"wp:featuredmedia":[{"embeddable":true,"href":"https:\/\/www.europesays.com\/no\/wp-json\/wp\/v2\/media\/344138"}],"wp:attachment":[{"href":"https:\/\/www.europesays.com\/no\/wp-json\/wp\/v2\/media?parent=344137"}],"wp:term":[{"taxonomy":"category","embeddable":true,"href":"https:\/\/www.europesays.com\/no\/wp-json\/wp\/v2\/categories?post=344137"},{"taxonomy":"post_tag","embeddable":true,"href":"https:\/\/www.europesays.com\/no\/wp-json\/wp\/v2\/tags?post=344137"}],"curies":[{"name":"wp","href":"https:\/\/api.w.org\/{rel}","templated":true}]}}