{"id":344153,"date":"2026-09-04T16:06:20","date_gmt":"2026-09-04T16:06:20","guid":{"rendered":"https:\/\/www.europesays.com\/no\/344153\/"},"modified":"2026-09-04T16:06:20","modified_gmt":"2026-09-04T16:06:20","slug":"sport-langrenn-nytt-vm-gull-til-ragnhild-25-fra-olen","status":"publish","type":"post","link":"https:\/\/www.europesays.com\/no\/344153\/","title":{"rendered":"Sport, Langrenn | Nytt VM-gull til Ragnhild (25) fra \u00d8len"},"content":{"rendered":"\n<p><b>SKISPORT: <\/b>Torsdag tok Aarekol gull da VM p\u00e5 rulleski \u00e5pnet med 10 km torsdag.<\/p>\n<p>Fredag ble det et nytt VM-gull da Aarekol og Synn\u00f8ve Kjosavik gikk Norge inn til gull p\u00e5 lagsprint i fri teknikk i Latvia.<\/p>\n<p>Norge tok seieren med 4,5 sekunder ned til Italia p\u00e5 s\u00f8lvplass. Rett bak der igjen fulgte Sverige.\u00a0<\/p>\n<p>I tillegg til 25 \u00e5r gamle Aarekol fra \u00d8len stilte Norge med junioren Synn\u00f8ve Kjosavik fra idrettslaget Runar i Sandefjord. Hver l\u00f8per gikk tre etapper p\u00e5 1,7 kilometer.<\/p>\n<p>  <a href=\"https:\/\/www.h-avis.no\/80-62-4266\" class=\"related-teaser has-image article--c-MkAkR\" rel=\"nofollow noopener\" target=\"_blank\"><\/p>\n<p>    <img decoding=\"async\" width=\"155\"  loading=\"lazy\"  src=\"https:\/\/www.europesays.com\/no\/wp-content\/uploads\/2026\/09\/1788537980_975_RagnhildAarekol.jpg\" alt=\"\" class=\"brick-c-cFOWSL\" style=\"\"\/><\/p>\n<p>\n            Les ogs\u00e5<\/p>\n<p>            VM-gull til Ragnhild (25) fra \u00d8len: \u2013 Jeg skj\u00f8nner det ikke helt\n        <\/p>\n<p>  <\/a><br \/>\n  Herrene lyktes ikke<\/p>\n<p>I herreklassen ble det ingen suksess for Amund Bergsland (Tr\u00f8sken) og Hermann Skram Botterud (B\u00e6rums Skiklub). Bergsland tok gullet p\u00e5 den individuelle 10-kilometeren i klassisk torsdag, men fredag ble det 7.-plass p\u00e5 Bergsland og Botterud som lag.\u00a0<\/p>\n<p>De hadde 8,9 sekunder opp til vinnerlaget fra Latvia. Sverige og Polen fulgte rett bak.<\/p>\n<p>I junior for kvinner ble det norsk seier. Mille Sophie Sveinhaug Aarnes (Eidsvold V\u00e6rks Skiklub) og Emilie Ruud Lia (Kongsvinger) gikk inn til 22.51,7 og var 11,4 sekunder foran Sverige p\u00e5 2.-plass. Estland var 15,1 bak og tok bronsen.<\/p>\n<p>I juniorklassen for menn m\u00e5tte Norge n\u00f8ye seg med 2.-plass. De hadde 5,5 sekunder opp til seierslaget fra Sverige. Jonas Torp og Mattis Hansen gikk for Norge. De to er klubbkamerater i Eidsvold V\u00e6rks Skiklub.<\/p>\n<p>L\u00f8rdag fortsetter mesterskapet med individuell sprint i fri teknikk. S\u00f8ndag er det 20 kilometer fellesstart i fri teknikk p\u00e5 programmet.<\/p>\n","protected":false},"excerpt":{"rendered":"SKISPORT: Torsdag tok Aarekol gull da VM p\u00e5 rulleski \u00e5pnet med 10 km torsdag. Fredag ble det et&hellip;\n","protected":false},"author":2,"featured_media":344154,"comment_status":"","ping_status":"","sticky":false,"template":"","format":"standard","meta":{"footnotes":"","_share_on_mastodon":"0"},"categories":[59],"tags":[36,398,30,28,29,83,82,1510,6009],"class_list":["post-344153","post","type-post","status-publish","format-standard","has-post-thumbnail","category-sport","tag-art","tag-langrenn","tag-no","tag-norge","tag-norway","tag-sport","tag-sports","tag-story","tag-vindafjord"],"share_on_mastodon":{"url":"https:\/\/pubeurope.com\/@no\/117213632526268583","error":""},"_links":{"self":[{"href":"https:\/\/www.europesays.com\/no\/wp-json\/wp\/v2\/posts\/344153","targetHints":{"allow":["GET"]}}],"collection":[{"href":"https:\/\/www.europesays.com\/no\/wp-json\/wp\/v2\/posts"}],"about":[{"href":"https:\/\/www.europesays.com\/no\/wp-json\/wp\/v2\/types\/post"}],"author":[{"embeddable":true,"href":"https:\/\/www.europesays.com\/no\/wp-json\/wp\/v2\/users\/2"}],"replies":[{"embeddable":true,"href":"https:\/\/www.europesays.com\/no\/wp-json\/wp\/v2\/comments?post=344153"}],"version-history":[{"count":0,"href":"https:\/\/www.europesays.com\/no\/wp-json\/wp\/v2\/posts\/344153\/revisions"}],"wp:featuredmedia":[{"embeddable":true,"href":"https:\/\/www.europesays.com\/no\/wp-json\/wp\/v2\/media\/344154"}],"wp:attachment":[{"href":"https:\/\/www.europesays.com\/no\/wp-json\/wp\/v2\/media?parent=344153"}],"wp:term":[{"taxonomy":"category","embeddable":true,"href":"https:\/\/www.europesays.com\/no\/wp-json\/wp\/v2\/categories?post=344153"},{"taxonomy":"post_tag","embeddable":true,"href":"https:\/\/www.europesays.com\/no\/wp-json\/wp\/v2\/tags?post=344153"}],"curies":[{"name":"wp","href":"https:\/\/api.w.org\/{rel}","templated":true}]}}