{"id":344167,"date":"2026-09-04T16:24:19","date_gmt":"2026-09-04T16:24:19","guid":{"rendered":"https:\/\/www.europesays.com\/no\/344167\/"},"modified":"2026-09-04T16:24:19","modified_gmt":"2026-09-04T16:24:19","slug":"her-dukket-putin-opp","status":"publish","type":"post","link":"https:\/\/www.europesays.com\/no\/344167\/","title":{"rendered":"Her dukket Putin opp"},"content":{"rendered":"<p>Fredag 28. august kom den tunge beskjeden om at hele landets kong Harald er d\u00f8d, 89 \u00e5r gammel.\u00a0<\/p>\n<p>Monarkens bortgang f\u00f8rte til en flom av hyllester og varme hilsener fra folk og fe over hele det langstrakte land &#8211; og knapt et \u00f8ye var t\u00f8rt da bilder av kong Haakons (53) tale p\u00e5 Slottet rullet over TV-skjermen for f\u00f8rste gang.<\/p>\n<p>    <a itemprop=\"url\" href=\"https:\/\/www.dagbladet.no\/kjendis\/far-nesten-kikke-inn-i-garderoben\/85093795\" rel=\"nofollow noopener\" target=\"_blank\"><\/p>\n<p>        <img loading=\"lazy\" decoding=\"async\" src=\"https:\/\/www.europesays.com\/no\/wp-content\/uploads\/2026\/09\/1788539049_626_85096059.webp\" width=\"147\" height=\"100\" alt=\"\" class=\"lazyload\" style=\"--aspect-ratio-image: 1.47; \"\/><\/p>\n<p>        &#8211; F\u00e5r nesten kikke inn i garderoben<\/p>\n<p>    <\/a><\/p>\n<p class=\"font-weight-bold m-font-weight-bold\" data-lab-font_weight=\"font-weight-bold\">For den nye kongen er livets st\u00f8rste oppgave i gang.\u00a0Men det er ikke bare han og dronning Mette-Marit (53) som f\u00e5r en ny hverdag.<\/p>\n<p>Kronprinsesse Ingrid Alexandra (22) har nemlig rykket et hakk opp i arvef\u00f8lgen til den norske tronen &#8211; og blant hoffsorg og nye titler, er hun ogs\u00e5 midt i et krevende studiel\u00f8p.\u00a0<\/p>\n<p>        M\u00d8TTE FOLKET: Mandag ettermiddag dukket kong Haakon, dronning Mette-Marit, dronning Sonja og prinsesse M\u00e4rtha Louise opp for \u00e5 m\u00f8te folket og legge ned roser p\u00e5 Slottsplassen. Bilder fra NRK. <\/p>\n<p>\u00abTil l\u00e5ns\u00bb i Norge<\/p>\n<p>Kronprinsessen er denne h\u00f8sten utvekslingsstudent ved Universitetet i Oslo, etter \u00e5 ha fullf\u00f8rt sitt f\u00f8rste studie\u00e5r i Sydney i Australia. Hun hadde sin f\u00f8rste dag p\u00e5 Oslo-skolen i august.\u00a0<\/p>\n<p class=\"font-weight-bold m-font-weight-bold\" data-lab-font_weight=\"font-weight-bold\">Overgangen til utdanning p\u00e5 norsk grunn ble bestemt tidligere i v\u00e5r, og \u00e5rsaken var at hun skulle v\u00e6re n\u00e6rmere sin lungesyke mor, opplyste Slottet den gang.\u00a0<\/p>\n<p>        <img loading=\"lazy\" decoding=\"async\" src=\"https:\/\/www.europesays.com\/no\/wp-content\/uploads\/2026\/09\/85107546.webp\" width=\"686\" height=\"446\" alt=\"\" class=\"\" style=\"--aspect-ratio-image: 1.54; \"\/><\/p>\n<p>\n        EDSAVLEGGELSE: Kong Haakon VIII avla ed i henhold til Grunnloven i Stortinget tirsdag med kronprinsesse Ingrid Alexandra ved sin side. Foto: Lise \u00c5serud \/ NTB \/ POOL\n    <\/p>\n<p>Da Dagbladet sl\u00e5r p\u00e5 tr\u00e5den til Universitetet i Oslo for \u00e5 h\u00f8re hvordan studiel\u00f8pet til kronprinsessen blir n\u00e5 &#8211; med hoffsorg og alt som st\u00e5r p\u00e5 &#8211; er svaret kontant:<\/p>\n<p>&#8211; Dette m\u00e5 Slottet svare for.<\/p>\n<p>    <a itemprop=\"url\" href=\"https:\/\/www.dagbladet.no\/kjendis\/fikk-en-klump-i-halsen\/85075197\" rel=\"nofollow noopener\" target=\"_blank\"><\/p>\n<p>        <img loading=\"lazy\" decoding=\"async\" src=\"https:\/\/www.europesays.com\/no\/wp-content\/uploads\/2026\/09\/85081246.webp\" width=\"147\" height=\"100\" alt=\"\" class=\"lazyload\" style=\"--aspect-ratio-image: 1.47; \"\/><\/p>\n<p>        &#8211; Fikk en klump i halsen<\/p>\n<p>    <\/a><\/p>\n<p>P\u00e5 generelt grunnlag kan imidlertid pressevakt ved universitetet, Liv Dalen Tenn\u00f8e, fortelle at det er ulike krav til tilstedev\u00e6relse p\u00e5 deres studier.<\/p>\n<p class=\"font-weight-bold m-font-weight-bold\" data-lab-font_weight=\"font-weight-bold\">&#8211; Frav\u00e6r av ulike \u00e5rsaker, for eksempel d\u00f8dsfall i n\u00e6r familie, kan gi grunnlag for gyldig frav\u00e6r, skriver hun i en e-post etter samtalen.<\/p>\n<p>        <img loading=\"lazy\" decoding=\"async\" src=\"https:\/\/www.europesays.com\/no\/wp-content\/uploads\/2026\/09\/85107559.webp\" width=\"667\" height=\"447\" alt=\"\" class=\"\" style=\"--aspect-ratio-image: 1.49; \"\/><\/p>\n<p>\n        I SORG: Kong Harald Vs b\u00e5re ble flyttet fra den R\u00f8de salong til Slottskapellet mandag. B\u00e5ren ble ledsaget av blant andre kong Haakon, prinsesse M\u00e4rtha Louise, barnebarna kronprinsesse Ingrid Alexandra, prins Sverre Magnus, Marius Borg H\u00f8iby, Maud Angelica Behn, Leah Isadora Behn og Emma Tallulah Behn i Speilsalen. Foto: Lise \u00c5serud \/ NTB\n    <\/p>\n<p class=\"font-weight-normal m-font-weight-normal\" data-lab-font_weight=\"font-weight-normal\">For mer informasjon viser Tenn\u00f8e til <a href=\"https:\/\/www.uio.no\/studier\/eksamen\/obligatoriske-aktiviteter\/sv-fraver-fra-obligatorisk-aktivitet.html\" rel=\"nofollow noopener\" target=\"_blank\">skolens nettsider<\/a>, og der st\u00e5r det svart p\u00e5 hvitt at studentene kan f\u00e5 innvilget utsettelse av obligatorisk aktivitet.\u00a0<\/p>\n<p>\u00abAv faglige hensyn kan det kreves at du m\u00e5 utf\u00f8re en annen obligatorisk aktivitet som erstatning for det du har g\u00e5tt glipp av\u00bb, heter det videre.<\/p>\n<p>        HARALD OG SONJA: Det tidligere kongeparets unike kj\u00e6rlighetshistorie g\u00e5r viralt. Video: Sanne Holt\/R\u00f8d L\u00f8per, \u00abTil minne om kong Harald\u00bb\/ NRK TV, Instagram\/ @detnorskekongehuset<\/p>\n<p>&#8211; Ikke like lett<\/p>\n<p>For \u00e5 f\u00e5 flere detaljer rundt hva som skjer med kronprinsessens studiegang i tida framover, har Dagbladet ved flere anledninger sendt en rekke sp\u00f8rsm\u00e5l til Slottet.\u00a0<\/p>\n<p>    <a itemprop=\"url\" href=\"https:\/\/www.dagbladet.no\/kjendis\/vil-ha-en-massiv-innflytelse\/85088557\" rel=\"nofollow noopener\" target=\"_blank\"><\/p>\n<p>        <img loading=\"lazy\" decoding=\"async\" src=\"https:\/\/www.europesays.com\/no\/wp-content\/uploads\/2026\/09\/85091107.webp\" width=\"147\" height=\"98\" alt=\"\" class=\"lazyload\" style=\"--aspect-ratio-image: 1.50; \"\/><\/p>\n<p>        &#8211; Vil ha en massiv innflytelse<\/p>\n<p>    <\/a><\/p>\n<p>Vi har spurt om hun kan f\u00e5 permisjon fra universitetet, om de har v\u00e6rt borti noe liknende tidligere, om det blir noe spesialbehandling for kronprinsessen &#8211; og om hun m\u00e5 ta opp igjen eventuelle eksamener hun ikke f\u00e5r med seg.\u00a0<\/p>\n<p> Slottet opplyste i en e-post til Dagbladet torsdag at de vil komme tilbake med mer informasjon om kronprinsessens studiel\u00f8p. <\/p>\n<p>        <img loading=\"lazy\" decoding=\"async\" src=\"https:\/\/www.europesays.com\/no\/wp-content\/uploads\/2026\/09\/85107596.webp\" width=\"686\" height=\"440\" alt=\"\" class=\"\" style=\"--aspect-ratio-image: 1.56; \"\/><\/p>\n<p>\n        N\u00c6RT FORHOLD: Kong Harald og dav\u00e6rende prinsesse Ingrid Alexandra hadde et n\u00e6rt forhold. Her var de begge i str\u00e5lende hum\u00f8r under Raw Air-rennet for kvinner i Holmenkollen i 2023. Foto: Lise \u00c5serud \/ NTB\n    <\/p>\n<p> Se og H\u00f8rs kongehusekspert Caroline Vagle tror kongehuset vil strekke seg langt for at kronprinsessen skal kunne fortsette utdannelsen og studentlivet, selv om hun n\u00e5 har f\u00e5tt en ny rolle.<\/p>\n<p>&#8211; Som kronprinsesse har Ingrid Alexandra et konstitusjonelt ansvar. Hun vil m\u00e5tte kunne steppe inn om faren er utenlands eller er syk. Men jeg tror samtidig at kongehuset vil v\u00e6re opptatt av at hun f\u00e5r fortsette utdannelsen sin s\u00e5 normalt som mulig, sier hun.\u00a0<\/p>\n<p>        <img loading=\"lazy\" decoding=\"async\" itemprop=\"image\" src=\"https:\/\/www.europesays.com\/no\/wp-content\/uploads\/2026\/09\/1788539054_189_84479784.webp\" width=\"180\" height=\"180\" alt=\"\"\/><\/p>\n<p>                    Caroline Vagle<br \/>\n                        Caroline<br \/>\n                        Vagle<\/p>\n<p>                    Caroline Vagle<br \/>\n                        Se og H\u00f8rs kongehusekspert<\/p>\n<p>&#8211; Jeg tror det er viktig for henne \u00e5 f\u00e5 v\u00e6re student en stund framover. Utdannelse og det \u00e5 ha en tilv\u00e6relse utenfor kongehuset er ogs\u00e5 en del av det \u00e5 v\u00e6re godt forberedt p\u00e5 rollen som framtidig dronning. Jeg tipper vi ser henne mer, men at hun ikke blir fulltidskongelig p\u00e5 en stund enn\u00e5. Hennes far ble jo ikke det f\u00f8r han giftet seg.<\/p>\n<p>        EDSAVLEGGELSE: Kong Haakon har avlagt ed for Stortinget. Dronning Mette-Marit kunne ikke stille. Video: NRK \/ Dagbladet TV<\/p>\n<p> Vagle tror at kronprinsessen fortsatt kan f\u00e5 en tiln\u00e6rmet normal studietid &#8211; selv om den nye rollen gj\u00f8r det vanskelig \u00e5 v\u00e6re helt anonym.<\/p>\n<p>&#8211; Hun kommer naturligvis til \u00e5 bli mer interessant for pressen og offentligheten n\u00e5 som hun er kronprinsesse. Men hennes far levde n\u00e6rmest helt anonymt som kronprins da han studerte i USA, s\u00e5 det kunne v\u00e6rt mulig. Tidene er imidlertid annerledes, og det er ikke like lett \u00e5 f\u00e5 til med tanke p\u00e5 blant annet sosiale medier.<\/p>\n<p>    <a itemprop=\"url\" href=\"https:\/\/www.dagbladet.no\/kjendis\/ekspert-kan-fa-unik-rolle\/85103573\" rel=\"nofollow noopener\" target=\"_blank\"><\/p>\n<p>        <img loading=\"lazy\" decoding=\"async\" src=\"https:\/\/www.europesays.com\/no\/wp-content\/uploads\/2026\/09\/1788539054_724_85103581.webp\" width=\"147\" height=\"98\" alt=\"\" class=\"lazyload\" style=\"--aspect-ratio-image: 1.50; \"\/><\/p>\n<p>        Ekspert: &#8211; Kan f\u00e5 unik rolle<\/p>\n<p>    <\/a><\/p>\n<p>&#8211; Krever en del fleksibilitet<\/p>\n<p> Studier kan inneb\u00e6re obligatorisk undervisning, innleveringer og krav til oppm\u00f8te.\u00a0<\/p>\n<p>Dersom kronprinsessen p\u00e5 kort varsel m\u00e5 tre inn for faren kong Haakon, kan det derfor oppst\u00e5 situasjoner hvor studiehverdagen kolliderer med pliktene overfor kongehuset.<\/p>\n<p>        <img loading=\"lazy\" decoding=\"async\" src=\"https:\/\/www.europesays.com\/no\/wp-content\/uploads\/2026\/09\/85111434.webp\" width=\"686\" height=\"460\" alt=\"\" class=\"\" style=\"--aspect-ratio-image: 1.49; \"\/><\/p>\n<p>\n        MER ANSVAR: Forelesninger, eksamener og studentliv skal etter planen kombineres med et st\u00f8rre kongelig ansvar for kronprinsesse Ingrid Alexandra. Foto: NTB\n    <\/p>\n<p>Vagle utelukker ikke at det kan bli n\u00f8dvendig med en viss fleksibilitet.<\/p>\n<p>&#8211; Det er absolutt mulig at det kan bli behov for en eller annen form for praktisk tilrettelegging, s\u00e6rlig dersom hun m\u00e5 g\u00e5 inn i regentrollen for sin far. Men jeg er ikke s\u00e5 opptatt av \u00e5 kalle det s\u00e6rbehandling, p\u00e5peker hun og fortsetter:<\/p>\n<p>    <a itemprop=\"url\" href=\"https:\/\/www.dagbladet.no\/kjendis\/rakk-aldri-fram-i-tide-bortgangen-merkes\/85098677\" rel=\"nofollow noopener\" target=\"_blank\"><\/p>\n<p>        <img loading=\"lazy\" decoding=\"async\" src=\"https:\/\/www.europesays.com\/no\/wp-content\/uploads\/2026\/09\/85099311.webp\" width=\"147\" height=\"98\" alt=\"\" class=\"lazyload\" style=\"--aspect-ratio-image: 1.50; \"\/><\/p>\n<p>        Rakk aldri fram i tide: &#8211; Bortgangen merkes<\/p>\n<p>    <\/a><\/p>\n<p>&#8211; Hun er i en spesiell situasjon, og det er klart det krever en del fleksibilitet. Men hun er student p\u00e5 lik linje med andre, og f\u00e5r neppe spesialbehandling n\u00e5r det kommer til de viktige tingene som eksamen og karakterer. Uansett tror jeg UIO selv svarer bedre p\u00e5 dette enn meg. <\/p>\n<p>        KLAR: Kong Haakon VIII tar over Norges trone, men kongekronen som n\u00e5 st\u00e5r p\u00e5 kong Harald V sin kiste f\u00e5r han nok ikke bruke. Video: Marte Nyl\u00f8kken Helseth. <\/p>\n<p>&#8211; En helt annen rolle  <\/p>\n<p>Det er ikke bare kronprinsessen som skal p\u00e5 skolebenken denne h\u00f8sten.\u00a0<\/p>\n<p class=\"font-weight-bold m-font-weight-bold\" data-lab-font_weight=\"font-weight-bold\">Prins Sverre Magnus (20) skal nemlig til Lisboa i Portugal for \u00e5 begynne p\u00e5 en bachelorgrad innen business ved Forward College.\u00a0<\/p>\n<p>Fagene i graden inkluderer blant annet innf\u00f8ring i \u00f8konomi, statistikk og regnskap. Undervisningen vil skje i Lisboa det f\u00f8rste \u00e5ret, og deretter vil utdanningen skje i Paris og Berlin.\u00a0<\/p>\n<p>        <img loading=\"lazy\" decoding=\"async\" src=\"https:\/\/www.europesays.com\/no\/wp-content\/uploads\/2026\/09\/85111408.webp\" width=\"686\" height=\"460\" alt=\"\" class=\"\" style=\"--aspect-ratio-image: 1.49; \"\/><\/p>\n<p>\n        STUDENTER: Prins Sverre Magnus og kronprinsesse Ingrid Alexandra skal begge studere til h\u00f8sten, men hvordan tida framover blir for dem etter at kong Harald har g\u00e5tt bort, er forel\u00f8pig uvisst. Foto: Terje Pedersen \/ NTB\n    <\/p>\n<p> Den nye situasjonen i kongefamilien kan imidlertid reise sp\u00f8rsm\u00e5l om ogs\u00e5 hans planer kan bli p\u00e5virket. <\/p>\n<p>Vagle ser forel\u00f8pig ingen grunn til \u00e5 tro at prinsen vil utsette studiestarten.<\/p>\n<p class=\"font-weight-bold m-font-weight-bold\" data-lab-font_weight=\"font-weight-bold\">&#8211; Det kan selvf\u00f8lgelig skje dersom familiesituasjonen eller den nye situasjonen rundt kongehuset gj\u00f8r det n\u00f8dvendig, men jeg ser ingen grunn til \u00e5 anta at han kommer til \u00e5 utsette studiene n\u00e5, sier hun.<\/p>\n<p>        <img loading=\"lazy\" decoding=\"async\" src=\"https:\/\/www.europesays.com\/no\/wp-content\/uploads\/2026\/09\/85111471.webp\" width=\"667\" height=\"447\" alt=\"\" class=\"\" style=\"--aspect-ratio-image: 1.49; \"\/><\/p>\n<p>\n        FULGTE KONGEN: Kong Haralds b\u00e5re ble fraktet i kortesje fra kapellet ved Rikshospitalet, gjennom Oslos gater og videre til Slottet. Kong Haakon, dronning Mette-Marit, kronprinsesse Ingrid Alexandra og prins Sverre Magnus fulgte kortesjen p\u00e5 veien. Foto: Heiko Junge \/ NTB\n    <\/p>\n<p>Hun peker p\u00e5 at s\u00f8sknenes roller n\u00e5 er sv\u00e6rt forskjellige.<\/p>\n<p>&#8211; Sverre Magnus har fortsatt en helt annen rolle enn Ingrid Alexandra. Han er ikke tronf\u00f8lger, og det er derfor ogs\u00e5 viktig at han f\u00e5r fortsette sitt eget liv og sin egen utdannelse. Jeg h\u00e5per imidlertid han kommer hjem i blant for \u00e5 representere, for det er han innmari god p\u00e5. <\/p>\n<p>    Dette er studiet<\/p>\n<p> Bachelorprogrammet Sverre Magnus skal g\u00e5, baserer seg p\u00e5 undervisning i sm\u00e5 grupper p\u00e5 i snitt 15 studenter, samt ukentlig individuell veiledning. <\/p>\n<p>Studiet er designet av London School of Economics (LSE) og graden utstedes av University of London.<\/p>\n<p>F\u00f8rste \u00e5ret koster 20 600 euro, de to neste \u00e5ra \u00f8ker studieavgiften med fem prosent, skriver\u00a0<a href=\"https:\/\/forward-college.eu\/tuition-feesand-living-costs\/\" rel=\"nofollow noopener\" target=\"_blank\">Forward College<\/a>\u00a0p\u00e5 sin nettside. Graden vil derfor koste 66 400 euro, rundt 750 000 kroner. I tillegg kommer bolig og vanlig studentliv.<\/p>\n<p>      Vis mer<br \/>\n      Vis mindre<\/p>\n<p>&#8211; Veldig lei oss  <\/p>\n<p>Pressekontakt ved Forward College, Joana Moreno, var rask p\u00e5 avtrekkeren da Dagbladet tok kontakt.<\/p>\n<p>&#8211; Vi er veldig lei oss for \u00e5 h\u00f8re nyhetene om kong Haralds bortgang. Vi \u00f8nsker \u00e5 sende v\u00e5re varmeste hilsener og dypeste medf\u00f8lelse til kongefamilien og ikke minst til hele Norge, begynner han.<\/p>\n<p>    <a itemprop=\"url\" href=\"https:\/\/www.dagbladet.no\/kjendis\/disse-kommer-i-kong-haralds-gravferd\/85088682\" rel=\"nofollow noopener\" target=\"_blank\"><\/p>\n<p>        <img loading=\"lazy\" decoding=\"async\" src=\"https:\/\/www.europesays.com\/no\/wp-content\/uploads\/2026\/09\/1788539059_548_85098837.webp\" width=\"147\" height=\"98\" alt=\"\" class=\"lazyload\" style=\"--aspect-ratio-image: 1.50; \"\/><\/p>\n<p>        Disse kommer i kong Haralds gravferd<\/p>\n<p>    <\/a><\/p>\n<p class=\"font-weight-bold m-font-weight-bold\" data-lab-font_weight=\"font-weight-bold\"> Men heller ikke Moreno har lyst til \u00e5 utbrodere om prinsens skolegang.<\/p>\n<p>&#8211; Med respekt for situasjonen prinsen og resten av familien befinner seg i, \u00f8nsker vi ikke \u00e5 kommentere noe rundt hans skolegang for n\u00e5, sier pressekontakten.<\/p>\n","protected":false},"excerpt":{"rendered":"Fredag 28. august kom den tunge beskjeden om at hele landets kong Harald er d\u00f8d, 89 \u00e5r gammel.\u00a0&hellip;\n","protected":false},"author":2,"featured_media":344168,"comment_status":"","ping_status":"","sticky":false,"template":"","format":"standard","meta":{"footnotes":"","_share_on_mastodon":"0"},"categories":[59],"tags":[30,28,29,83,82,186],"class_list":["post-344167","post","type-post","status-publish","format-standard","has-post-thumbnail","category-sport","tag-no","tag-norge","tag-norway","tag-sport","tag-sports","tag-vladimir-putin"],"share_on_mastodon":{"url":"https:\/\/pubeurope.com\/@no\/117213702886995708","error":""},"_links":{"self":[{"href":"https:\/\/www.europesays.com\/no\/wp-json\/wp\/v2\/posts\/344167","targetHints":{"allow":["GET"]}}],"collection":[{"href":"https:\/\/www.europesays.com\/no\/wp-json\/wp\/v2\/posts"}],"about":[{"href":"https:\/\/www.europesays.com\/no\/wp-json\/wp\/v2\/types\/post"}],"author":[{"embeddable":true,"href":"https:\/\/www.europesays.com\/no\/wp-json\/wp\/v2\/users\/2"}],"replies":[{"embeddable":true,"href":"https:\/\/www.europesays.com\/no\/wp-json\/wp\/v2\/comments?post=344167"}],"version-history":[{"count":0,"href":"https:\/\/www.europesays.com\/no\/wp-json\/wp\/v2\/posts\/344167\/revisions"}],"wp:featuredmedia":[{"embeddable":true,"href":"https:\/\/www.europesays.com\/no\/wp-json\/wp\/v2\/media\/344168"}],"wp:attachment":[{"href":"https:\/\/www.europesays.com\/no\/wp-json\/wp\/v2\/media?parent=344167"}],"wp:term":[{"taxonomy":"category","embeddable":true,"href":"https:\/\/www.europesays.com\/no\/wp-json\/wp\/v2\/categories?post=344167"},{"taxonomy":"post_tag","embeddable":true,"href":"https:\/\/www.europesays.com\/no\/wp-json\/wp\/v2\/tags?post=344167"}],"curies":[{"name":"wp","href":"https:\/\/api.w.org\/{rel}","templated":true}]}}