{"id":344199,"date":"2026-09-04T17:00:35","date_gmt":"2026-09-04T17:00:35","guid":{"rendered":"https:\/\/www.europesays.com\/no\/344199\/"},"modified":"2026-09-04T17:00:35","modified_gmt":"2026-09-04T17:00:35","slug":"sport-kil-kil-rival-trues-av-konkurs-ma-hente-inn-millionbelop-innen-nyttar-glamdalen","status":"publish","type":"post","link":"https:\/\/www.europesays.com\/no\/344199\/","title":{"rendered":"Sport, KIL | KIL-rival trues av konkurs \u2013 m\u00e5 hente inn millionbel\u00f8p innen nytt\u00e5r &#8211; Gl\u00e5mdalen"},"content":{"rendered":"<ol>\n<li><a href=\"https:\/\/news.google.com\/rss\/articles\/CBMitgFBVV95cUxNYzVlbVVxTGQ0WGs2b0RYUmVDSFBtQl9PQzlDQXNZeXlUUTRfeUF3cE5OQWNOTTFSLUQ1dHZRbVBQbmNiZFVvYWdhQTBEQW91Q1hUQTNFRWc0YjIyTkxnbEp4MWY1OFN5Y0E5ek5lb2pld0lPa0x4VFJYRWhxTVJJdVlkeFBMTkZzbmJQeWlHUVpRbFVpYThUdzk2eGRHN1JTQ05FZUVSUjY1MHkwSGpjQUZUS21XZw?oc=5\" target=\"_blank\" rel=\"nofollow noopener\">Sport, KIL | KIL-rival trues av konkurs \u2013 m\u00e5 hente inn millionbel\u00f8p innen nytt\u00e5r<\/a>&nbsp;&nbsp;Gl\u00e5mdalen<\/li>\n<li><a href=\"https:\/\/news.google.com\/rss\/articles\/CBMid0FVX3lxTE95WDR0cHBrcUtGTW1qbmF6Qzg0amh2UnFjWHVacnhHWXUyV2pxRklUek9MY3lZN2thZUt3Q2xRNDlrdjdRTjgyeHJzcmRmb203eHJoOEhibGtXck9TYnM1RnlBYUF3RzFFbXJSTXNOQmhISHMzcU1F?oc=5\" target=\"_blank\" rel=\"nofollow noopener\">Raufoss Fotball, Sport | Konkurs truer Raufoss IL Toppfotball<\/a>&nbsp;&nbsp;Oppland Arbeiderblad<\/li>\n<li><a href=\"https:\/\/news.google.com\/rss\/articles\/CBMilAFBVV95cUxOYXlPOFhFUzhydUo1TXI0QWdVWUlpdW1SaDRsTm5QRzFuOU9Ob1ZpV3NjQV96ajl2X0tKSkV1SHZMM1FxMmY4V0VMNVVyY1Q2THJybUtWODRRWGNoNDJwT3lJQkExcThnYnRhTFd6dUNYbXE2ZzJGWFdKTUljdjdUZ2tfZkpIRnR3WjRDa0FzRWItSElV?oc=5\" target=\"_blank\" rel=\"nofollow noopener\">Sport, \u00c5sane Fotball | Rivalen trues av konkurs. Det kan bli katastrofalt for \u00c5sane.<\/a>&nbsp;&nbsp;Bergensavisen<\/li>\n<li><a href=\"https:\/\/news.google.com\/rss\/articles\/CBMif0FVX3lxTFBaYWx5R2ZvMllGX3pHNk9qUmdCbHRFdFZZSUJjRjlRQzE3a180bzFFdHE3YnNhVmtCc09lZ1NwbXVyNjFtRmM3cGp4LVFLSGlLZ0F0YUhyd3dzclJTX2ZSNjVieWdFN1VXUktacTgwdTIyLUsxcTExbmNfTm9NSXc?oc=5\" target=\"_blank\" rel=\"nofollow noopener\">\u00d8konomi, Raufoss Fotball | Raufoss-kapteinen: \u2013 En alvorlig beskjed \u00e5 f\u00e5<\/a>&nbsp;&nbsp;Oppland Arbeiderblad<\/li>\n<li><a href=\"https:\/\/news.google.com\/rss\/articles\/CBMirgFBVV95cUxOMGZNUUZCWXc1LU8tRG14YTFPMVJ3RTh0M0dDY2dORkh1cVdENWJLWkhBV2xVYnc4WTJ4b3EweV9vVFlRMURnUkNVOER1MGZOSTM5M0N5TlFyVXNubFU3Y0htejNlOUc0bUVMaEhGYTJCV0RWR2t0LVFpVERZLVdfUlpVWkpQMVdKcVJEZS1ZVWFnM2JiYUEwVUxqLUZhX2J2Zlhva0J1TmJmaFZIQnc?oc=5\" target=\"_blank\" rel=\"nofollow noopener\">Raufoss trues av konkurs \u2013 m\u00e5 hente inn millionbel\u00f8p innen nytt\u00e5r<\/a>&nbsp;&nbsp;Nettavisen<\/li>\n<\/ol>\n","protected":false},"excerpt":{"rendered":"Sport, KIL | KIL-rival trues av konkurs \u2013 m\u00e5 hente inn millionbel\u00f8p innen nytt\u00e5r&nbsp;&nbsp;Gl\u00e5mdalen Raufoss Fotball, Sport |&hellip;\n","protected":false},"author":2,"featured_media":344200,"comment_status":"","ping_status":"","sticky":false,"template":"","format":"standard","meta":{"footnotes":"","_share_on_mastodon":"0"},"categories":[59],"tags":[36,92,1846,30,28,29,337,83,82,1510],"class_list":["post-344199","post","type-post","status-publish","format-standard","has-post-thumbnail","category-sport","tag-art","tag-fotball","tag-kil","tag-no","tag-norge","tag-norway","tag-obos-ligaen","tag-sport","tag-sports","tag-story"],"share_on_mastodon":{"url":"https:\/\/pubeurope.com\/@no\/117213844576058800","error":""},"_links":{"self":[{"href":"https:\/\/www.europesays.com\/no\/wp-json\/wp\/v2\/posts\/344199","targetHints":{"allow":["GET"]}}],"collection":[{"href":"https:\/\/www.europesays.com\/no\/wp-json\/wp\/v2\/posts"}],"about":[{"href":"https:\/\/www.europesays.com\/no\/wp-json\/wp\/v2\/types\/post"}],"author":[{"embeddable":true,"href":"https:\/\/www.europesays.com\/no\/wp-json\/wp\/v2\/users\/2"}],"replies":[{"embeddable":true,"href":"https:\/\/www.europesays.com\/no\/wp-json\/wp\/v2\/comments?post=344199"}],"version-history":[{"count":0,"href":"https:\/\/www.europesays.com\/no\/wp-json\/wp\/v2\/posts\/344199\/revisions"}],"wp:featuredmedia":[{"embeddable":true,"href":"https:\/\/www.europesays.com\/no\/wp-json\/wp\/v2\/media\/344200"}],"wp:attachment":[{"href":"https:\/\/www.europesays.com\/no\/wp-json\/wp\/v2\/media?parent=344199"}],"wp:term":[{"taxonomy":"category","embeddable":true,"href":"https:\/\/www.europesays.com\/no\/wp-json\/wp\/v2\/categories?post=344199"},{"taxonomy":"post_tag","embeddable":true,"href":"https:\/\/www.europesays.com\/no\/wp-json\/wp\/v2\/tags?post=344199"}],"curies":[{"name":"wp","href":"https:\/\/api.w.org\/{rel}","templated":true}]}}